{"id":112010,"date":"2026-01-23T20:06:14","date_gmt":"2026-01-23T20:06:14","guid":{"rendered":"https:\/\/www.europesays.com\/lv\/112010\/"},"modified":"2026-01-23T20:06:14","modified_gmt":"2026-01-23T20:06:14","slug":"amd-atklaj-jauna-ryzen-7-9850x3d-procesora-iznaksanas-datumu-un-cenu-lente-lv-2","status":"publish","type":"post","link":"https:\/\/www.europesays.com\/lv\/112010\/","title":{"rendered":"AMD atkl\u0101j jaun\u0101 Ryzen 7 9850X3D procesora izn\u0101k\u0161anas datumu un cenu\u00a0\u2014\u00a0Lente.lv"},"content":{"rendered":"<p>Jaunais sp\u0113\u013cu procesors pieejams dr\u012bzum\u0101<\/p>\n<p>Komp\u0101nija AMD ir ofici\u0101li apstiprin\u0101jusi savu jauno sp\u0113\u013cu procesora Ryzen 7 9850X3D izn\u0101k\u0161anas datumu un ieteicamo mazumtirdzniec\u012bbas cenu. Lai gan ofici\u0101ls pazi\u0146ojums gaid\u012bts k\u0101d\u0101 no AMD pas\u0101kumiem, inform\u0101cija publiskota soci\u0101laj\u0101 t\u012bkl\u0101 X (iepriek\u0161 Twitter) no AMD p\u0101rst\u0101vja Deivida MakAf\u012b profila.<\/p>\n<p>Procesors pasaules tirg\u016b non\u0101ks 29. janv\u0101r\u012b, un t\u0101 ieteicam\u0101 cena b\u016bs 499 ASV dol\u0101ri. Tas noz\u012bm\u0113, ka jaunais modelis b\u016bs par 20 dol\u0101riem d\u0101rg\u0101ks nek\u0101 t\u0101 priek\u0161g\u0101j\u0113js, Ryzen 7 9800X3D. \u0160is solis apstiprina iepriek\u0161 izskan\u0113ju\u0161\u0101s baumas un datu nopl\u016bdes, kas prognoz\u0113ja gan janv\u0101ra beigu izn\u0101k\u0161anu, gan cenu aptuveni 499 dol\u0101ru apm\u0113r\u0101.<\/p>\n<p>Ofici\u0101ls apstiprin\u0101jums un cenas skaidr\u012bba<\/p>\n<p>AMD apstiprin\u0101jusi, ka Ryzen 7 9850X3D b\u016bs n\u0101kamais X3D s\u0113rijas galddatoru procesors, kas non\u0101ks mazumtirdzniec\u012bb\u0101. \u0160o inform\u0101ciju izplat\u012bjis AMD p\u0101rst\u0101vis Deivids MakAf\u012b, kas klied\u0113jis neskaidr\u012bbas, kuras rad\u012bju\u0161as agr\u012bn\u0101s produktu lapas interneta veikalos. P\u0101rejo\u0161\u0101s p\u0101rdo\u0161anas s\u0101kum\u0101 Eirop\u0101 cenas sv\u0101rst\u012bj\u0101s no nedaudz virs 500 l\u012bdz pat vair\u0101k nek\u0101 700 eiro, ko da\u013c\u0113ji izrais\u012bja neskaidr\u012bba starp cen\u0101m ar un bez pievienot\u0101s v\u0113rt\u012bbas nodok\u013ca (PVN). Tikm\u0113r ASV mazumtirgot\u0101ji public\u0113ja vai nu pagaidu inform\u0101ciju ar cen\u0101m, vai nor\u0101des par preces tr\u016bkumu.<\/p>\n<blockquote>\n<p>The world\u2019s most advanced gaming processor just got faster. AMD Ryzen\u2122 7 9850X3DAvailable Jan 29th | $499 Built for gamers who demand smooth, relentless performance when it matters most. pic.twitter.com\/xtfH0lg7X2<\/p>\n<p>\u2014 David McAfee (@McAfeeDavid_AMD) January 22, 2026<\/p><\/blockquote>\n<p>Tagad gan pirc\u0113ji, gan tirgot\u0101ji ir sa\u0146\u0113mu\u0161i skaidru atskaites punktu pirms p\u0101rdo\u0161anas s\u0101kuma. Ofici\u0101l\u0101 cena ASV ir 499 dol\u0101ri, ta\u010du AMD v\u0113l nav publiskojusi ieteicam\u0101s cenas citu re\u0123ionu, \u012bpa\u0161i Eiropas, tirgiem.<\/p>\n<p>Tehnisk\u0101s specifik\u0101cijas un uzlabojumi<\/p>\n<p>Procesors Ryzen 7 9850X3D saglab\u0101s 8 kodolus un 16 pavedienus, tam b\u016bs 120 W TDP un t\u0101ds pats L3 ke\u0161atmi\u0146as apjoms \u2013 96 MB \u2013 k\u0101 Ryzen 7 9800X3D. Galven\u0101 at\u0161\u0137ir\u012bba ir taktsfrekvenc\u0113s. Jaunais modelis sp\u0113j sasniegt l\u012bdz 5,6 GHz pa\u0101trin\u0101jumu (boost), kas ir par 400 MHz vair\u0101k nek\u0101 9800X3D modelim. \u0160is ir b\u016btisks pieaugums sp\u0113\u013cu uzdevumos, kur viena kodola \u0101trumam un ke\u0161atmi\u0146as apjomam ir tie\u0161a ietekme uz kadru skaitu (FPS).<\/p>\n<p>AMD apstiprin\u0101jusi, ka Zen 5 arhitekt\u016bras paaudz\u0113 tiek izmantota uzlabota 2. paaudzes V-Cache tehnolo\u0123ija. Jaun\u0101 versija darbojas v\u0113s\u0101k, \u0101tr\u0101k un beidzot atbalsta ar\u012b p\u0101rsl\u0113g\u0161anu (overclocking). Tas, iesp\u0113jams, \u013c\u0101vis komp\u0101nijai pirmo reizi sasniegt stabili augstas taktsfrekvences ar \u0161\u0101du ke\u0161atmi\u0146as apjomu un rad\u012bt pilnv\u0113rt\u012bgus X3D mode\u013cus tirgum.<\/p>\n<p>Neapstiprin\u0101tas baumas<\/p>\n<p>Taj\u0101 pa\u0161\u0101 laik\u0101 AMD nav sniegusi nek\u0101dus koment\u0101rus par baum\u0101m attiec\u012bb\u0101 uz procesoru Ryzen 9 9950X3D. Neofici\u0101l\u0101 inform\u0101cija liecin\u0101ja par modeli ar divk\u0101r\u0161u 3D V-Cache, ta\u010du publiskaj\u0101 pazi\u0146ojum\u0101 komp\u0101nija nemaz nepiemin\u0113ja \u0161\u0101das mode\u013ca eksistenci.<\/p>\n<p><script async src=\"https:\/\/platform.twitter.com\/widgets.js\" charset=\"utf-8\"><\/script><\/p>\n","protected":false},"excerpt":{"rendered":"Jaunais sp\u0113\u013cu procesors pieejams dr\u012bzum\u0101 Komp\u0101nija AMD ir ofici\u0101li apstiprin\u0101jusi savu jauno sp\u0113\u013cu procesora Ryzen 7 9850X3D izn\u0101k\u0161anas&hellip;\n","protected":false},"author":2,"featured_media":112011,"comment_status":"","ping_status":"","sticky":false,"template":"","format":"standard","meta":{"footnotes":""},"categories":[16],"tags":[26231,77,76,19363,35,39,38,36,37,34,40,9579,8488,26232],"class_list":{"0":"post-112010","1":"post","2":"type-post","3":"status-publish","4":"format-standard","5":"has-post-thumbnail","7":"category-bizness","8":"tag-amd-ryzen-7-9850x3d","9":"tag-bizness","10":"tag-business","11":"tag-jaunums","12":"tag-latvia","13":"tag-latvian","14":"tag-latviesu","15":"tag-latviesu-valoda","16":"tag-latviesuvaloda","17":"tag-latvija","18":"tag-lv","19":"tag-procesors","20":"tag-spelu-dators","21":"tag-tehnologija"},"share_on_mastodon":{"url":"https:\/\/pubeurope.com\/@lv\/115946217983492500","error":""},"_links":{"self":[{"href":"https:\/\/www.europesays.com\/lv\/wp-json\/wp\/v2\/posts\/112010","targetHints":{"allow":["GET"]}}],"collection":[{"href":"https:\/\/www.europesays.com\/lv\/wp-json\/wp\/v2\/posts"}],"about":[{"href":"https:\/\/www.europesays.com\/lv\/wp-json\/wp\/v2\/types\/post"}],"author":[{"embeddable":true,"href":"https:\/\/www.europesays.com\/lv\/wp-json\/wp\/v2\/users\/2"}],"replies":[{"embeddable":true,"href":"https:\/\/www.europesays.com\/lv\/wp-json\/wp\/v2\/comments?post=112010"}],"version-history":[{"count":0,"href":"https:\/\/www.europesays.com\/lv\/wp-json\/wp\/v2\/posts\/112010\/revisions"}],"wp:featuredmedia":[{"embeddable":true,"href":"https:\/\/www.europesays.com\/lv\/wp-json\/wp\/v2\/media\/112011"}],"wp:attachment":[{"href":"https:\/\/www.europesays.com\/lv\/wp-json\/wp\/v2\/media?parent=112010"}],"wp:term":[{"taxonomy":"category","embeddable":true,"href":"https:\/\/www.europesays.com\/lv\/wp-json\/wp\/v2\/categories?post=112010"},{"taxonomy":"post_tag","embeddable":true,"href":"https:\/\/www.europesays.com\/lv\/wp-json\/wp\/v2\/tags?post=112010"}],"curies":[{"name":"wp","href":"https:\/\/api.w.org\/{rel}","templated":true}]}}