{"id":112018,"date":"2026-01-23T20:19:08","date_gmt":"2026-01-23T20:19:08","guid":{"rendered":"https:\/\/www.europesays.com\/lv\/112018\/"},"modified":"2026-01-23T20:19:08","modified_gmt":"2026-01-23T20:19:08","slug":"mercs-noraida-ideju-par-vacijas-pievienosanos-trampa-miera-padomei","status":"publish","type":"post","link":"https:\/\/www.europesays.com\/lv\/112018\/","title":{"rendered":"Mercs noraida ideju par V\u0101cijas pievieno\u0161anos Trampa Miera padomei"},"content":{"rendered":"<p>&#8220;M\u0113s, protams, esam gatavi izp\u0113t\u012bt citas, jaunas sadarb\u012bbas formas ar Savienotaj\u0101m Valst\u012bm,&#8221; piektdien p\u0113c V\u0101cijas un It\u0101lijas vald\u012bbu konsult\u0101cij\u0101m preses konferenc\u0113 Rom\u0101 pazi\u0146oja Mercs.<\/p>\n<p>Tramps ofici\u0101li izveidoja savu Miera padomi ceremonij\u0101 Davos\u0101, kur norisin\u0101j\u0101s Pasaules ekonomikas forums. ASV prezidents pats ir padomes priek\u0161s\u0113d\u0113t\u0101js. Valstis, kas iemaks\u0101 miljardu ASV dol\u0101ru, var ieg\u016bt past\u0101v\u012bgu dal\u012bbu, bet cit\u0101m valst\u012bm b\u016bs tr\u012bs gadu pilnvaru termi\u0146\u0161.<\/p>\n<p>Tramps s\u0101kotn\u0113ji iecer\u0113ja \u0161o padomi k\u0101 strukt\u016bru, kas p\u0101rraudz\u012btu Gazas joslas atjauno\u0161anu. Kop\u0161 t\u0101 laika vi\u0146\u0161 ir ierosin\u0101jis, ka \u0161o strukt\u016bru var\u0113tu papla\u0161in\u0101t, lai t\u0101 var\u0113tu risin\u0101t konfliktus un kr\u012bzes vis\u0101 pasaul\u0113, un, kad vi\u0146am tre\u0161dien Davos\u0101 jaut\u0101ja, vai t\u0101 var\u0113tu aizst\u0101t ANO, vi\u0146\u0161 atbild\u0113ja apstiprino\u0161i.<\/p>\n<p>Mercs uzsv\u0113ra, ka vi\u0146\u0161 jau pirms vair\u0101k\u0101m ned\u0113\u013c\u0101m Trampam paudis savu person\u012bgo gatav\u012bbu piedal\u012bties \u0161\u0101d\u0101 strukt\u016br\u0101, ta\u010du sac\u012bja, ka to, par ko t\u0101 k\u013cuvusi tagad, <a href=\"https:\/\/www.tvnet.lv\/term\/555442\/vacija\" class=\"topicLink\" target=\"_blank\" rel=\"nofollow noopener\">V\u0101cija<\/a> konstitucion\u0101lu iemeslu d\u0113\u013c nevar akcept\u0113t.<\/p>\n<p>Tom\u0113r Mercs nor\u0101d\u012bja, ka Berl\u012bne ir gatava sadarboties ar ASV, kad runa ir par &#8220;jaunu form\u0101tu atra\u0161anu&#8221;, kas tuvin\u0101tu mieru &#8220;da\u017e\u0101dos pasaules re\u0123ionos&#8221;. &#8220;Un es nev\u0113los to ierobe\u017eot tikai uz Gazu un Tuvajiem Austrumiem. T\u0101, protams, var b\u016bt ar\u012b Ukraina,&#8221; vi\u0146\u0161 piebilda.<\/p>\n","protected":false},"excerpt":{"rendered":"&#8220;M\u0113s, protams, esam gatavi izp\u0113t\u012bt citas, jaunas sadarb\u012bbas formas ar Savienotaj\u0101m Valst\u012bm,&#8221; piektdien p\u0113c V\u0101cijas un It\u0101lijas vald\u012bbu&hellip;\n","protected":false},"author":2,"featured_media":112019,"comment_status":"","ping_status":"","sticky":false,"template":"","format":"standard","meta":{"footnotes":""},"categories":[14],"tags":[23,57,28,29,32,33,5154,22,30,31,35,39,38,36,37,34,40,20,26,27,24,25,299,54,55,56,21,58],"class_list":{"0":"post-112018","1":"post","2":"type-post","3":"status-publish","4":"format-standard","5":"has-post-thumbnail","7":"category-zinas-no-arvalstim","8":"tag-aktualitates","9":"tag-arvalstim","10":"tag-breaking-news","11":"tag-breakingnews","12":"tag-featured-news","13":"tag-featurednews","14":"tag-fridrihs-mercs","15":"tag-headlines","16":"tag-latest-news","17":"tag-latestnews","18":"tag-latvia","19":"tag-latvian","20":"tag-latviesu","21":"tag-latviesu-valoda","22":"tag-latviesuvaloda","23":"tag-latvija","24":"tag-lv","25":"tag-news","26":"tag-popularakas-zinas","27":"tag-popularakaszinas","28":"tag-top-stories","29":"tag-topstories","30":"tag-vacija","31":"tag-world","32":"tag-world-news","33":"tag-worldnews","34":"tag-zinas","35":"tag-zinas-no-arvalstim"},"share_on_mastodon":{"url":"https:\/\/pubeurope.com\/@lv\/115946269066343886","error":""},"_links":{"self":[{"href":"https:\/\/www.europesays.com\/lv\/wp-json\/wp\/v2\/posts\/112018","targetHints":{"allow":["GET"]}}],"collection":[{"href":"https:\/\/www.europesays.com\/lv\/wp-json\/wp\/v2\/posts"}],"about":[{"href":"https:\/\/www.europesays.com\/lv\/wp-json\/wp\/v2\/types\/post"}],"author":[{"embeddable":true,"href":"https:\/\/www.europesays.com\/lv\/wp-json\/wp\/v2\/users\/2"}],"replies":[{"embeddable":true,"href":"https:\/\/www.europesays.com\/lv\/wp-json\/wp\/v2\/comments?post=112018"}],"version-history":[{"count":0,"href":"https:\/\/www.europesays.com\/lv\/wp-json\/wp\/v2\/posts\/112018\/revisions"}],"wp:featuredmedia":[{"embeddable":true,"href":"https:\/\/www.europesays.com\/lv\/wp-json\/wp\/v2\/media\/112019"}],"wp:attachment":[{"href":"https:\/\/www.europesays.com\/lv\/wp-json\/wp\/v2\/media?parent=112018"}],"wp:term":[{"taxonomy":"category","embeddable":true,"href":"https:\/\/www.europesays.com\/lv\/wp-json\/wp\/v2\/categories?post=112018"},{"taxonomy":"post_tag","embeddable":true,"href":"https:\/\/www.europesays.com\/lv\/wp-json\/wp\/v2\/tags?post=112018"}],"curies":[{"name":"wp","href":"https:\/\/api.w.org\/{rel}","templated":true}]}}