{"id":112026,"date":"2026-01-23T20:27:11","date_gmt":"2026-01-23T20:27:11","guid":{"rendered":"https:\/\/www.europesays.com\/lv\/112026\/"},"modified":"2026-01-23T20:27:11","modified_gmt":"2026-01-23T20:27:11","slug":"ceturtdien-auto-uz-salu-tilta-ietriecies-stavosa-policijas-masina-pieci-cietusie","status":"publish","type":"post","link":"https:\/\/www.europesays.com\/lv\/112026\/","title":{"rendered":"Ceturtdien auto uz Salu tilta ietriecies st\u0101vo\u0161\u0101 policijas ma\u0161\u012bn\u0101; pieci cietu\u0161ie"},"content":{"rendered":"<p>Ceturtdien ap plkst. 20 policija uz Salu tilta, K\u0101r\u013ca Ulma\u0146a gatv\u0113, paman\u012bja &#8220;BMW&#8221; markas automa\u0161\u012bnu ar \u0101rvalstu re\u0123istr\u0101cijas numurz\u012bm\u0113m, kuras vad\u012bt\u0101js veicis rupju ce\u013cu satiksmes noteikumu p\u0101rk\u0101pumu. Policija nol\u0113ma auto aptur\u0113t un dienesta automa\u0161\u012bnai iesl\u0113dza b\u0101kugunis. Vienlaikus veikta vad\u012bt\u0101ja person\u012bbas un transportl\u012bdzek\u013ca p\u0101rbaude inform\u0101cijas sist\u0113m\u0101s.<\/p>\n<p>P\u0113c veikt\u0101s p\u0101rbaudes likumsargi nol\u0113ma p\u0101rbraukt uz citu vietu ar zem\u0101ku satiksmes intensit\u0101ti, ta\u010du to nepasp\u0113ja izdar\u012bt, jo tobr\u012bd k\u0101ds cits &#8220;BMW&#8221; markas automa\u0161\u012bnas vad\u012bt\u0101js ietriec\u0101s ar iesl\u0113gt\u0101m b\u0101kugun\u012bm st\u0101vo\u0161aj\u0101 auto, k\u0101 rezult\u0101t\u0101 policijas automa\u0161\u012bna ietriec\u0101s ar\u012b iepriek\u0161 aptur\u0113taj\u0101 &#8220;BMW&#8221; ma\u0161\u012bn\u0101.<\/p>\n<p>Satiksmes negad\u012bjum\u0101 cieta piecas personas, tostarp tr\u012bs Valsts policijas amatpersonas. Visi cietu\u0161ie nog\u0101d\u0101ti medic\u012bnas iest\u0101d\u0113.<\/p>\n<p>Par notiku\u0161o s\u0101kts administrat\u012bv\u0101 p\u0101rk\u0101puma process, piepras\u012bti videoieraksti un tiek noskaidroti notiku\u0161\u0101 apst\u0101k\u013ci.<\/p>\n","protected":false},"excerpt":{"rendered":"Ceturtdien ap plkst. 20 policija uz Salu tilta, K\u0101r\u013ca Ulma\u0146a gatv\u0113, paman\u012bja &#8220;BMW&#8221; markas automa\u0161\u012bnu ar \u0101rvalstu re\u0123istr\u0101cijas&hellip;\n","protected":false},"author":2,"featured_media":112027,"comment_status":"","ping_status":"","sticky":false,"template":"","format":"standard","meta":{"footnotes":""},"categories":[5],"tags":[23,2109,1465,2849,28,29,32,33,22,30,31,35,39,38,36,37,34,40,20,26,27,24,25,138,21],"class_list":{"0":"post-112026","1":"post","2":"type-post","3":"status-publish","4":"format-standard","5":"has-post-thumbnail","7":"category-aktualitates","8":"tag-aktualitates","9":"tag-autoavarija","10":"tag-autoavarijas","11":"tag-avarija","12":"tag-breaking-news","13":"tag-breakingnews","14":"tag-featured-news","15":"tag-featurednews","16":"tag-headlines","17":"tag-latest-news","18":"tag-latestnews","19":"tag-latvia","20":"tag-latvian","21":"tag-latviesu","22":"tag-latviesu-valoda","23":"tag-latviesuvaloda","24":"tag-latvija","25":"tag-lv","26":"tag-news","27":"tag-popularakas-zinas","28":"tag-popularakaszinas","29":"tag-top-stories","30":"tag-topstories","31":"tag-valsts-policija","32":"tag-zinas"},"share_on_mastodon":{"url":"https:\/\/pubeurope.com\/@lv\/115946300569881728","error":""},"_links":{"self":[{"href":"https:\/\/www.europesays.com\/lv\/wp-json\/wp\/v2\/posts\/112026","targetHints":{"allow":["GET"]}}],"collection":[{"href":"https:\/\/www.europesays.com\/lv\/wp-json\/wp\/v2\/posts"}],"about":[{"href":"https:\/\/www.europesays.com\/lv\/wp-json\/wp\/v2\/types\/post"}],"author":[{"embeddable":true,"href":"https:\/\/www.europesays.com\/lv\/wp-json\/wp\/v2\/users\/2"}],"replies":[{"embeddable":true,"href":"https:\/\/www.europesays.com\/lv\/wp-json\/wp\/v2\/comments?post=112026"}],"version-history":[{"count":0,"href":"https:\/\/www.europesays.com\/lv\/wp-json\/wp\/v2\/posts\/112026\/revisions"}],"wp:featuredmedia":[{"embeddable":true,"href":"https:\/\/www.europesays.com\/lv\/wp-json\/wp\/v2\/media\/112027"}],"wp:attachment":[{"href":"https:\/\/www.europesays.com\/lv\/wp-json\/wp\/v2\/media?parent=112026"}],"wp:term":[{"taxonomy":"category","embeddable":true,"href":"https:\/\/www.europesays.com\/lv\/wp-json\/wp\/v2\/categories?post=112026"},{"taxonomy":"post_tag","embeddable":true,"href":"https:\/\/www.europesays.com\/lv\/wp-json\/wp\/v2\/tags?post=112026"}],"curies":[{"name":"wp","href":"https:\/\/api.w.org\/{rel}","templated":true}]}}