{"id":112058,"date":"2026-01-23T21:21:17","date_gmt":"2026-01-23T21:21:17","guid":{"rendered":"https:\/\/www.europesays.com\/lv\/112058\/"},"modified":"2026-01-23T21:21:17","modified_gmt":"2026-01-23T21:21:17","slug":"devinas-kermena-smarzas-un-smakas-kas-signalize-par-iespejamam-veselibas-problemam","status":"publish","type":"post","link":"https:\/\/www.europesays.com\/lv\/112058\/","title":{"rendered":"Devi\u0146as \u0137erme\u0146a smar\u017eas un smakas, kas signaliz\u0113 par iesp\u0113jam\u0101m vesel\u012bbas probl\u0113m\u0101m"},"content":{"rendered":"<p>M\u016bsu \u0137erme\u0146i ir \u0137\u012bmisku reakciju fabrikas, kur viss notiek p\u0113c pl\u0101na: ap\u0113di to, notika tas, sastreikoj\u0101s tas un tas, notiek&#8230; J\u0101, kas notiek? Ja tuvojas k\u0101da katastrofa, \u0137ermenis signaliz\u0113 k\u0101 nu sp\u0113j un prot. Bie\u017ei vien t\u0101s nav s\u0101pes. T\u0101s vienk\u0101r\u0161i ir smar\u017eas \u2013 vai smakas. Neviena jauna smar\u017ea vai smaka, ko izdala tavs \u0137ermenis, nav nejau\u0161a. Da\u017eiem arom\u0101tiem j\u0101piev\u0113r\u0161 \u012bpa\u0161a uzman\u012bba.<\/p>\n<p>Tas ir nopietns st\u0101voklis, kas var izrais\u012bt diab\u0113tisku komu vai pat n\u0101vi.<\/p>\n","protected":false},"excerpt":{"rendered":"M\u016bsu \u0137erme\u0146i ir \u0137\u012bmisku reakciju fabrikas, kur viss notiek p\u0113c pl\u0101na: ap\u0113di to, notika tas, sastreikoj\u0101s tas un&hellip;\n","protected":false},"author":2,"featured_media":112059,"comment_status":"","ping_status":"","sticky":false,"template":"","format":"standard","meta":{"footnotes":""},"categories":[5],"tags":[23,28,29,26272,32,33,22,26270,30,31,35,39,38,36,37,34,40,20,26,27,26271,11412,24,25,900,21],"class_list":{"0":"post-112058","1":"post","2":"type-post","3":"status-publish","4":"format-standard","5":"has-post-thumbnail","7":"category-aktualitates","8":"tag-aktualitates","9":"tag-breaking-news","10":"tag-breakingnews","11":"tag-elpa","12":"tag-featured-news","13":"tag-featurednews","14":"tag-headlines","15":"tag-koma","16":"tag-latest-news","17":"tag-latestnews","18":"tag-latvia","19":"tag-latvian","20":"tag-latviesu","21":"tag-latviesu-valoda","22":"tag-latviesuvaloda","23":"tag-latvija","24":"tag-lv","25":"tag-news","26":"tag-popularakas-zinas","27":"tag-popularakaszinas","28":"tag-smaka","29":"tag-smarzas","30":"tag-top-stories","31":"tag-topstories","32":"tag-tvnet-cilvekstasti","33":"tag-zinas"},"share_on_mastodon":{"url":"https:\/\/pubeurope.com\/@lv\/115946512851645828","error":""},"_links":{"self":[{"href":"https:\/\/www.europesays.com\/lv\/wp-json\/wp\/v2\/posts\/112058","targetHints":{"allow":["GET"]}}],"collection":[{"href":"https:\/\/www.europesays.com\/lv\/wp-json\/wp\/v2\/posts"}],"about":[{"href":"https:\/\/www.europesays.com\/lv\/wp-json\/wp\/v2\/types\/post"}],"author":[{"embeddable":true,"href":"https:\/\/www.europesays.com\/lv\/wp-json\/wp\/v2\/users\/2"}],"replies":[{"embeddable":true,"href":"https:\/\/www.europesays.com\/lv\/wp-json\/wp\/v2\/comments?post=112058"}],"version-history":[{"count":0,"href":"https:\/\/www.europesays.com\/lv\/wp-json\/wp\/v2\/posts\/112058\/revisions"}],"wp:featuredmedia":[{"embeddable":true,"href":"https:\/\/www.europesays.com\/lv\/wp-json\/wp\/v2\/media\/112059"}],"wp:attachment":[{"href":"https:\/\/www.europesays.com\/lv\/wp-json\/wp\/v2\/media?parent=112058"}],"wp:term":[{"taxonomy":"category","embeddable":true,"href":"https:\/\/www.europesays.com\/lv\/wp-json\/wp\/v2\/categories?post=112058"},{"taxonomy":"post_tag","embeddable":true,"href":"https:\/\/www.europesays.com\/lv\/wp-json\/wp\/v2\/tags?post=112058"}],"curies":[{"name":"wp","href":"https:\/\/api.w.org\/{rel}","templated":true}]}}