{"id":112188,"date":"2026-01-24T06:36:09","date_gmt":"2026-01-24T06:36:09","guid":{"rendered":"https:\/\/www.europesays.com\/lv\/112188\/"},"modified":"2026-01-24T06:36:09","modified_gmt":"2026-01-24T06:36:09","slug":"asv-ipasais-sutnis-vitkofs-ceturtdien-plano-tikties-ar-krievijas-prezidentu-putinu-lente-lv","status":"publish","type":"post","link":"https:\/\/www.europesays.com\/lv\/112188\/","title":{"rendered":"ASV \u012bpa\u0161ais s\u016btnis Vitkofs ceturtdien pl\u0101no tikties ar Krievijas prezidentu Putinu\u00a0\u2014\u00a0Lente.lv"},"content":{"rendered":"<p>Vitkofs pl\u0101no tik\u0161anos ar Putinu Maskav\u0101<\/p>\n<p>ASV prezidenta Donalda Trampa \u012bpa\u0161ais s\u016btnis St\u012bvs Vitkofs ir pazi\u0146ojis, ka ceturtdien, 23. janv\u0101r\u012b, pl\u0101no tikties ar Krievijas prezidentu Vladimiru Putinu Maskav\u0101. K\u0101 zi\u0146o av\u012bze Diena, Vitkofs intervij\u0101 telekan\u0101lam CNBC nor\u0101d\u012bjis: &#8220;Ceturtdien mums vajadz\u0113tu tikties ar Putinu.&#8221; Vi\u0146\u0161 pl\u0101no doties uz Maskavu kop\u0101 ar Trampa znotu D\u017earedu Ku\u0161neru. Vitkofs ar\u012b atkl\u0101jis, ka tik\u0161anos l\u016bgusi Krievijas puse, uzsverot, ka tas ir noz\u012bm\u012bgs sign\u0101ls no vi\u0146u puses. Krem\u013ca preses p\u0101rst\u0101vis Dmitrijs Peskovs ir apstiprin\u0101jis \u0161o inform\u0101ciju, pazi\u0146ojot, ka &#8220;J\u0101, patie\u0161\u0101m, \u0161\u0101di kontakti r\u012btdien ir prezidenta grafik\u0101.&#8221; \u0160\u012b tik\u0161an\u0101s notiek laik\u0101, kad ir pl\u0101notas ar\u012b tr\u012bspus\u0113jas sarunas starp ASV, Ukrainu un Krieviju Ab\u016b Dab\u012b, kas velt\u012btas dro\u0161\u012bbas jaut\u0101jumiem un iesp\u0113jamiem so\u013ciem kara izbeig\u0161anai Ukrain\u0101.<\/p>\n<p>Sarunu priek\u0161v\u0113sture un konteksts<\/p>\n<p>Tik\u0161an\u0101s ar Putinu paredz\u0113ta p\u0113c vair\u0101k nek\u0101 tr\u012bs stundas ilg\u0101m sarun\u0101m, kas notika Maskav\u0101 v\u0113lu ceturtdienas vakar\u0101 starp Vladimiru Putinu un St\u012bvu Vitkofu, kuru pavad\u012bja D\u017eareds Ku\u0161ners. \u0160\u012bs sarunas tika raksturotas k\u0101 \u0101rk\u0101rt\u012bgi satur\u012bgas, konstrukt\u012bvas un \u013coti atkl\u0101tas. Tom\u0113r tika ar\u012b skaidri nor\u0101d\u012bts, ka Krievija turpin\u0101s \u012bstenot savus m\u0113r\u0137us kaujas lauk\u0101, ja netiks pan\u0101kta form\u0101la vieno\u0161an\u0101s. Krievijas nost\u0101ja ir t\u0101da, ka teritori\u0101lie jaut\u0101jumi ir jebkuras miera vieno\u0161an\u0101s centr\u0101, un bez to atrisin\u0101\u0161anas nav iesp\u0113jams cer\u0113t uz ilgsto\u0161u mieru. L\u012bdz \u0161im ASV vad\u012btie diplom\u0101tiskie centieni nav sp\u0113ju\u0161i aptur\u0113t karadarb\u012bbu, un galvenais klup\u0161anas akmens joproj\u0101m ir Krievijas pras\u012bba, lai Ukraina atteiktos no teritorij\u0101m, kuras Maskava uzskata par sav\u0113j\u0101m.<\/p>\n<p>Galvenie sarunu temati un domstarp\u012bbas<\/p>\n<p>Krievija pieprasa visu Donbasa teritoriju, k\u0101 ar\u012b da\u013cu Ukrainas austrumu un dienvidu apgabalu, ko t\u0101 okup\u0113jusi un da\u013c\u0113ji anekt\u0113jusi. Ukraina stingri noraida iesp\u0113ju atteikties no teritorij\u0101m, uzsverot, ka tas pav\u0113rtu ce\u013cu turpm\u0101kam Krievijas iebrukumam. Tiek apspriesta ar\u012b t\u0101 saukto &#8220;Ankorid\u017eas formulas&#8221; iesp\u0113jam\u012bba, kas paredz\u0113tu Krievijas kontroli p\u0101r visu Donbasu, bet eso\u0161\u0101s frontes l\u012bnijas iesald\u0113\u0161anu. Tom\u0113r Krievija uzsver, ka Ukrainai piln\u012bb\u0101 j\u0101pamet visa Donbasa teritorija, pat t\u0101 da\u013ca, ko Krievija nav sp\u0113jusi iekarot.<\/p>\n<p>Pl\u0101not\u0101s tr\u012bspus\u0113j\u0101s sarunas Ab\u016b Dab\u012b<\/p>\n<p>P\u0113c tik\u0161an\u0101s Maskav\u0101 pl\u0101nots, ka piektdien, 24. janv\u0101r\u012b, Ab\u016b Dab\u012b notiks pirm\u0101s tr\u012bspus\u0113j\u0101s sarunas starp ASV, Ukrainas un Krievijas p\u0101rst\u0101vjiem kop\u0161 Krievijas pilna m\u0113roga iebrukuma Ukrain\u0101. \u0160\u012bs divu dienu sarunas b\u016bs velt\u012btas dro\u0161\u012bbas jaut\u0101jumiem un iesp\u0113jamiem so\u013ciem kara izbeig\u0161anai. Galvenais neatrisin\u0101tais jaut\u0101jums joproj\u0101m ir Ukrainas teritoriju statuss un pieder\u012bba.<\/p>\n<p>Pla\u0161\u0101ks politiskais konteksts<\/p>\n<p>\u0160\u012bs tik\u0161an\u0101s un sarunas notiek sare\u017e\u0123\u012bt\u0101 starptautisk\u0101 politisk\u0101 ain\u0101. Ukrainas prezidents Volodimirs Zelenskis iepriek\u0161 Davos\u0101 kritiz\u0113jis Eiropas sabiedrotos par l\u0113nu un sadrumstalotu reakciju uz Krievijas agresiju. Vi\u0146\u0161 uzsv\u0113ris, ka Eiropa joproj\u0101m vair\u0101k atg\u0101dina \u0123eogr\u0101fiju un v\u0113sturi, nevis re\u0101lu politisku sp\u0113ku. Vienlaikus ASV politiskaj\u0101 vid\u0113 ir v\u0113rojami da\u017e\u0101di viedok\u013ci par attiec\u012bb\u0101m ar Krieviju un t\u0101l\u0101ko atbalstu Ukrainai, kas rada papildu spriedzi starptautiskaj\u0101s attiec\u012bb\u0101s.<\/p>\n","protected":false},"excerpt":{"rendered":"Vitkofs pl\u0101no tik\u0161anos ar Putinu Maskav\u0101 ASV prezidenta Donalda Trampa \u012bpa\u0161ais s\u016btnis St\u012bvs Vitkofs ir pazi\u0146ojis, ka ceturtdien,&hellip;\n","protected":false},"author":2,"featured_media":112189,"comment_status":"","ping_status":"","sticky":false,"template":"","format":"standard","meta":{"footnotes":""},"categories":[14],"tags":[23,57,26298,28,29,3464,32,33,22,30,31,35,39,38,36,37,34,40,20,26,27,3143,24,25,20710,26297,54,55,56,21,58],"class_list":{"0":"post-112188","1":"post","2":"type-post","3":"status-publish","4":"format-standard","5":"has-post-thumbnail","7":"category-zinas-no-arvalstim","8":"tag-aktualitates","9":"tag-arvalstim","10":"tag-asv-krievija","11":"tag-breaking-news","12":"tag-breakingnews","13":"tag-diplomatija","14":"tag-featured-news","15":"tag-featurednews","16":"tag-headlines","17":"tag-latest-news","18":"tag-latestnews","19":"tag-latvia","20":"tag-latvian","21":"tag-latviesu","22":"tag-latviesu-valoda","23":"tag-latviesuvaloda","24":"tag-latvija","25":"tag-lv","26":"tag-news","27":"tag-popularakas-zinas","28":"tag-popularakaszinas","29":"tag-putins","30":"tag-top-stories","31":"tag-topstories","32":"tag-ukraina-kars","33":"tag-vitkofs","34":"tag-world","35":"tag-world-news","36":"tag-worldnews","37":"tag-zinas","38":"tag-zinas-no-arvalstim"},"share_on_mastodon":{"url":"https:\/\/pubeurope.com\/@lv\/115948695252393152","error":""},"_links":{"self":[{"href":"https:\/\/www.europesays.com\/lv\/wp-json\/wp\/v2\/posts\/112188","targetHints":{"allow":["GET"]}}],"collection":[{"href":"https:\/\/www.europesays.com\/lv\/wp-json\/wp\/v2\/posts"}],"about":[{"href":"https:\/\/www.europesays.com\/lv\/wp-json\/wp\/v2\/types\/post"}],"author":[{"embeddable":true,"href":"https:\/\/www.europesays.com\/lv\/wp-json\/wp\/v2\/users\/2"}],"replies":[{"embeddable":true,"href":"https:\/\/www.europesays.com\/lv\/wp-json\/wp\/v2\/comments?post=112188"}],"version-history":[{"count":0,"href":"https:\/\/www.europesays.com\/lv\/wp-json\/wp\/v2\/posts\/112188\/revisions"}],"wp:featuredmedia":[{"embeddable":true,"href":"https:\/\/www.europesays.com\/lv\/wp-json\/wp\/v2\/media\/112189"}],"wp:attachment":[{"href":"https:\/\/www.europesays.com\/lv\/wp-json\/wp\/v2\/media?parent=112188"}],"wp:term":[{"taxonomy":"category","embeddable":true,"href":"https:\/\/www.europesays.com\/lv\/wp-json\/wp\/v2\/categories?post=112188"},{"taxonomy":"post_tag","embeddable":true,"href":"https:\/\/www.europesays.com\/lv\/wp-json\/wp\/v2\/tags?post=112188"}],"curies":[{"name":"wp","href":"https:\/\/api.w.org\/{rel}","templated":true}]}}