{"id":112220,"date":"2026-01-24T07:20:07","date_gmt":"2026-01-24T07:20:07","guid":{"rendered":"https:\/\/www.europesays.com\/lv\/112220\/"},"modified":"2026-01-24T07:20:07","modified_gmt":"2026-01-24T07:20:07","slug":"vietam-kurzeme-un-valsts-centralaja-dala-autoceli-sniegoti-un-apledo","status":"publish","type":"post","link":"https:\/\/www.europesays.com\/lv\/112220\/","title":{"rendered":"Viet\u0101m Kurzem\u0113 un valsts centr\u0101laj\u0101 da\u013c\u0101 autoce\u013ci sniegoti un apledo"},"content":{"rendered":"<p>Sniegotos ce\u013ca posmus t\u012bra un kaisa ar pretsl\u012bdes materi\u0101liem. Lai uzlabotu brauk\u0161anas apst\u0101k\u013cus, ce\u013cu uztur\u0113\u0161anas darbos iesaist\u012btas 44 ziemas dienesta tehnikas vien\u012bbas.<\/p>\n<p>Apgr\u016btin\u0101ti brauk\u0161anas apst\u0101k\u013ci ir uz R\u012bgas apvedce\u013ca (Salaspils-Bab\u012bte) (A5), Daugavpils \u0161osejas (A6) posm\u0101 no Saulkalnes l\u012bdz Lielv\u0101rdei, uz Bauskas \u0161osejas (A7),Jelgavas \u0161osejas (A8) posm\u0101 no R\u012bgas l\u012bdz Dalbei, k\u0101 ar\u012b Liep\u0101jas \u0161osejas (A9) posm\u0101 no R\u012bgas l\u012bdz Ka\u0123iem un no Ap\u0161upes krustojuma l\u012bdz Skrundai, Ventspils \u0161osejas (A10) posm\u0101 no R\u012bgas l\u012bdz Strazdei, autoce\u013ca Liep\u0101ja-Lietuvas robe\u017ea (Rucava) (A11) posm\u0101 no Liep\u0101jas l\u012bdz N\u012bcai un valsts re\u0123ion\u0101l\u0101 autoce\u013ca T\u012bn\u016b\u017ei-Koknese (P80) posm\u0101 no T\u012bn\u016b\u017eiem l\u012bdz Skr\u012bveru pagriezienam.<\/p>\n<p>V\u0113l uz re\u0123ion\u0101lajiem autoce\u013ciem apgr\u016btin\u0101ta brauk\u0161ana ir R\u012bgas, Ventspils, Talsu, Liep\u0101jas, Kuld\u012bgas, Tukuma, Dobeles, J\u0113kabpils, Prei\u013cu, Kr\u0101slavas, Gulbenes, Balvu, Al\u016bksnes, Valkas, Valmieras, C\u0113su un Limba\u017eu apk\u0101rtn\u0113.<\/p>\n<p>Autovad\u012bt\u0101ji aicin\u0101ti r\u0113\u0137in\u0101ties ar laikapst\u0101k\u013ciem, pl\u0101nojot braucienus, atv\u0113l\u0113t papildu laiku ce\u013cam, izv\u0113l\u0113ties brauk\u0161anas \u0101trumu, kas atbilst ce\u013cu seguma st\u0101voklim, k\u0101 ar\u012b dro\u0161u distanci.<\/p>\n","protected":false},"excerpt":{"rendered":"Sniegotos ce\u013ca posmus t\u012bra un kaisa ar pretsl\u012bdes materi\u0101liem. Lai uzlabotu brauk\u0161anas apst\u0101k\u013cus, ce\u013cu uztur\u0113\u0161anas darbos iesaist\u012btas 44&hellip;\n","protected":false},"author":2,"featured_media":112221,"comment_status":"","ping_status":"","sticky":false,"template":"","format":"standard","meta":{"footnotes":""},"categories":[5],"tags":[23,14937,28,29,32,33,22,396,397,30,31,35,39,38,36,37,34,40,20,26,27,24,25,21],"class_list":{"0":"post-112220","1":"post","2":"type-post","3":"status-publish","4":"format-standard","5":"has-post-thumbnail","7":"category-aktualitates","8":"tag-aktualitates","9":"tag-apledojums","10":"tag-breaking-news","11":"tag-breakingnews","12":"tag-featured-news","13":"tag-featurednews","14":"tag-headlines","15":"tag-laika-zinas","16":"tag-laikapstakli","17":"tag-latest-news","18":"tag-latestnews","19":"tag-latvia","20":"tag-latvian","21":"tag-latviesu","22":"tag-latviesu-valoda","23":"tag-latviesuvaloda","24":"tag-latvija","25":"tag-lv","26":"tag-news","27":"tag-popularakas-zinas","28":"tag-popularakaszinas","29":"tag-top-stories","30":"tag-topstories","31":"tag-zinas"},"share_on_mastodon":{"url":"https:\/\/pubeurope.com\/@lv\/115948868266195821","error":""},"_links":{"self":[{"href":"https:\/\/www.europesays.com\/lv\/wp-json\/wp\/v2\/posts\/112220","targetHints":{"allow":["GET"]}}],"collection":[{"href":"https:\/\/www.europesays.com\/lv\/wp-json\/wp\/v2\/posts"}],"about":[{"href":"https:\/\/www.europesays.com\/lv\/wp-json\/wp\/v2\/types\/post"}],"author":[{"embeddable":true,"href":"https:\/\/www.europesays.com\/lv\/wp-json\/wp\/v2\/users\/2"}],"replies":[{"embeddable":true,"href":"https:\/\/www.europesays.com\/lv\/wp-json\/wp\/v2\/comments?post=112220"}],"version-history":[{"count":0,"href":"https:\/\/www.europesays.com\/lv\/wp-json\/wp\/v2\/posts\/112220\/revisions"}],"wp:featuredmedia":[{"embeddable":true,"href":"https:\/\/www.europesays.com\/lv\/wp-json\/wp\/v2\/media\/112221"}],"wp:attachment":[{"href":"https:\/\/www.europesays.com\/lv\/wp-json\/wp\/v2\/media?parent=112220"}],"wp:term":[{"taxonomy":"category","embeddable":true,"href":"https:\/\/www.europesays.com\/lv\/wp-json\/wp\/v2\/categories?post=112220"},{"taxonomy":"post_tag","embeddable":true,"href":"https:\/\/www.europesays.com\/lv\/wp-json\/wp\/v2\/tags?post=112220"}],"curies":[{"name":"wp","href":"https:\/\/api.w.org\/{rel}","templated":true}]}}