{"id":112237,"date":"2026-01-24T07:42:10","date_gmt":"2026-01-24T07:42:10","guid":{"rendered":"https:\/\/www.europesays.com\/lv\/112237\/"},"modified":"2026-01-24T07:42:10","modified_gmt":"2026-01-24T07:42:10","slug":"ka-rezims-slape-satelita-internetu-un-ko-var-darit-lietas-laba","status":"publish","type":"post","link":"https:\/\/www.europesays.com\/lv\/112237\/","title":{"rendered":"k\u0101 re\u017e\u012bms sl\u0101p\u0113 satel\u012bta internetu un ko var dar\u012bt lietas lab\u0101"},"content":{"rendered":"<p>Kop\u0161 janv\u0101ra s\u0101kuma situ\u0101cija Ir\u0101n\u0101 ir saasin\u0101jusies. Tas, kas decembra beig\u0101s s\u0101k\u0101s k\u0101 uz\u0146\u0113m\u0113ju demonstr\u0101cijas, kur\u0101s tika pausta neapmierin\u0101t\u012bba ar slikto ekonomisko situ\u0101ciju, dr\u012bz vien p\u0101rauga masu protestos, kurus Ir\u0101nas re\u017e\u012bms brut\u0101li apspie\u017e. Ir\u0101nas vald\u012bba v\u0113las, lai p\u0113c iesp\u0113jas maz\u0101k att\u0113lu un zi\u0146u par \u0161o notikumu non\u0101ktu sabiedr\u012bbas redzeslok\u0101, t\u0101p\u0113c t\u0101 blo\u0137\u0113 sakaru t\u012bklus.<\/p>\n","protected":false},"excerpt":{"rendered":"Kop\u0161 janv\u0101ra s\u0101kuma situ\u0101cija Ir\u0101n\u0101 ir saasin\u0101jusies. Tas, kas decembra beig\u0101s s\u0101k\u0101s k\u0101 uz\u0146\u0113m\u0113ju demonstr\u0101cijas, kur\u0101s tika pausta&hellip;\n","protected":false},"author":2,"featured_media":112238,"comment_status":"","ping_status":"","sticky":false,"template":"","format":"standard","meta":{"footnotes":""},"categories":[14],"tags":[23,57,26305,28,29,32,33,22,79,1169,2562,30,31,35,39,38,36,37,34,40,20,26,27,82,1474,3738,24,25,3149,54,55,56,21,58],"class_list":{"0":"post-112237","1":"post","2":"type-post","3":"status-publish","4":"format-standard","5":"has-post-thumbnail","7":"category-zinas-no-arvalstim","8":"tag-aktualitates","9":"tag-arvalstim","10":"tag-bezvadu-internets","11":"tag-breaking-news","12":"tag-breakingnews","13":"tag-featured-news","14":"tag-featurednews","15":"tag-headlines","16":"tag-ilons-masks","17":"tag-internets","18":"tag-irana","19":"tag-latest-news","20":"tag-latestnews","21":"tag-latvia","22":"tag-latvian","23":"tag-latviesu","24":"tag-latviesu-valoda","25":"tag-latviesuvaloda","26":"tag-latvija","27":"tag-lv","28":"tag-news","29":"tag-popularakas-zinas","30":"tag-popularakaszinas","31":"tag-spacex","32":"tag-starlink","33":"tag-tehnologijas","34":"tag-top-stories","35":"tag-topstories","36":"tag-tvnet-bizness","37":"tag-world","38":"tag-world-news","39":"tag-worldnews","40":"tag-zinas","41":"tag-zinas-no-arvalstim"},"share_on_mastodon":{"url":"https:\/\/pubeurope.com\/@lv\/115948954836279090","error":""},"_links":{"self":[{"href":"https:\/\/www.europesays.com\/lv\/wp-json\/wp\/v2\/posts\/112237","targetHints":{"allow":["GET"]}}],"collection":[{"href":"https:\/\/www.europesays.com\/lv\/wp-json\/wp\/v2\/posts"}],"about":[{"href":"https:\/\/www.europesays.com\/lv\/wp-json\/wp\/v2\/types\/post"}],"author":[{"embeddable":true,"href":"https:\/\/www.europesays.com\/lv\/wp-json\/wp\/v2\/users\/2"}],"replies":[{"embeddable":true,"href":"https:\/\/www.europesays.com\/lv\/wp-json\/wp\/v2\/comments?post=112237"}],"version-history":[{"count":0,"href":"https:\/\/www.europesays.com\/lv\/wp-json\/wp\/v2\/posts\/112237\/revisions"}],"wp:featuredmedia":[{"embeddable":true,"href":"https:\/\/www.europesays.com\/lv\/wp-json\/wp\/v2\/media\/112238"}],"wp:attachment":[{"href":"https:\/\/www.europesays.com\/lv\/wp-json\/wp\/v2\/media?parent=112237"}],"wp:term":[{"taxonomy":"category","embeddable":true,"href":"https:\/\/www.europesays.com\/lv\/wp-json\/wp\/v2\/categories?post=112237"},{"taxonomy":"post_tag","embeddable":true,"href":"https:\/\/www.europesays.com\/lv\/wp-json\/wp\/v2\/tags?post=112237"}],"curies":[{"name":"wp","href":"https:\/\/api.w.org\/{rel}","templated":true}]}}