{"id":112241,"date":"2026-01-24T07:44:08","date_gmt":"2026-01-24T07:44:08","guid":{"rendered":"https:\/\/www.europesays.com\/lv\/112241\/"},"modified":"2026-01-24T07:44:08","modified_gmt":"2026-01-24T07:44:08","slug":"pec-ugunsgreka-no-istabas-izgaist-5-no-10-gimenes-berniem-pelnos-neatrod-pat-kaula-galu","status":"publish","type":"post","link":"https:\/\/www.europesays.com\/lv\/112241\/","title":{"rendered":"P\u0113c ugunsgr\u0113ka no istabas izgaist 5 no 10 \u0123imenes b\u0113rniem. Pelnos neatrod pat kaula galu"},"content":{"rendered":"<p>1945. gada Ziemassv\u0113tku r\u012bt\u0101 Fejitvilas iedz\u012bvot\u0101jus satrieca tra\u0123\u0113dija \u2013 viet\u0113jo iedz\u012bvot\u0101ju D\u017eord\u017ea un D\u017eenijas Soderu m\u0101j\u0101s bija izc\u0113lies ugunsgr\u0113ks, kur\u0101, k\u0101 tika uzskat\u012bts s\u0101kum\u0101, boj\u0101 g\u0101ja piecas no devi\u0146\u0101m \u0123imenes atvas\u0113m. Tom\u0113r v\u0113l pirms beidz\u0101s tra\u0123isk\u0101 25. janv\u0101ra diena, ugunsgr\u0113ku un b\u0113rnu likteni iesk\u0101va aizvien vair\u0101k neatbild\u0113tu jaut\u0101jumu.<\/p>\n","protected":false},"excerpt":{"rendered":"1945. gada Ziemassv\u0113tku r\u012bt\u0101 Fejitvilas iedz\u012bvot\u0101jus satrieca tra\u0123\u0113dija \u2013 viet\u0113jo iedz\u012bvot\u0101ju D\u017eord\u017ea un D\u017eenijas Soderu m\u0101j\u0101s bija izc\u0113lies&hellip;\n","protected":false},"author":2,"featured_media":112242,"comment_status":"","ping_status":"","sticky":false,"template":"","format":"standard","meta":{"footnotes":""},"categories":[5],"tags":[23,292,28,29,32,33,22,2316,30,31,35,39,38,36,37,34,40,26306,20,20573,26,27,24,25,297,293,6350,21],"class_list":{"0":"post-112241","1":"post","2":"type-post","3":"status-publish","4":"format-standard","5":"has-post-thumbnail","7":"category-aktualitates","8":"tag-aktualitates","9":"tag-asv","10":"tag-breaking-news","11":"tag-breakingnews","12":"tag-featured-news","13":"tag-featurednews","14":"tag-headlines","15":"tag-italija","16":"tag-latest-news","17":"tag-latestnews","18":"tag-latvia","19":"tag-latvian","20":"tag-latviesu","21":"tag-latviesu-valoda","22":"tag-latviesuvaloda","23":"tag-latvija","24":"tag-lv","25":"tag-mistika","26":"tag-news","27":"tag-noslepums","28":"tag-popularakas-zinas","29":"tag-popularakaszinas","30":"tag-top-stories","31":"tag-topstories","32":"tag-tvnet-planeta","33":"tag-vesture","34":"tag-vestures-miklas","35":"tag-zinas"},"share_on_mastodon":{"url":"https:\/\/pubeurope.com\/@lv\/115948962687446330","error":""},"_links":{"self":[{"href":"https:\/\/www.europesays.com\/lv\/wp-json\/wp\/v2\/posts\/112241","targetHints":{"allow":["GET"]}}],"collection":[{"href":"https:\/\/www.europesays.com\/lv\/wp-json\/wp\/v2\/posts"}],"about":[{"href":"https:\/\/www.europesays.com\/lv\/wp-json\/wp\/v2\/types\/post"}],"author":[{"embeddable":true,"href":"https:\/\/www.europesays.com\/lv\/wp-json\/wp\/v2\/users\/2"}],"replies":[{"embeddable":true,"href":"https:\/\/www.europesays.com\/lv\/wp-json\/wp\/v2\/comments?post=112241"}],"version-history":[{"count":0,"href":"https:\/\/www.europesays.com\/lv\/wp-json\/wp\/v2\/posts\/112241\/revisions"}],"wp:featuredmedia":[{"embeddable":true,"href":"https:\/\/www.europesays.com\/lv\/wp-json\/wp\/v2\/media\/112242"}],"wp:attachment":[{"href":"https:\/\/www.europesays.com\/lv\/wp-json\/wp\/v2\/media?parent=112241"}],"wp:term":[{"taxonomy":"category","embeddable":true,"href":"https:\/\/www.europesays.com\/lv\/wp-json\/wp\/v2\/categories?post=112241"},{"taxonomy":"post_tag","embeddable":true,"href":"https:\/\/www.europesays.com\/lv\/wp-json\/wp\/v2\/tags?post=112241"}],"curies":[{"name":"wp","href":"https:\/\/api.w.org\/{rel}","templated":true}]}}