{"id":112264,"date":"2026-01-24T08:48:07","date_gmt":"2026-01-24T08:48:07","guid":{"rendered":"https:\/\/www.europesays.com\/lv\/112264\/"},"modified":"2026-01-24T08:48:07","modified_gmt":"2026-01-24T08:48:07","slug":"abu-dabi-norit-asv-krievijas-un-ukrainas-sarunas-1188-lv","status":"publish","type":"post","link":"https:\/\/www.europesays.com\/lv\/112264\/","title":{"rendered":"Ab\u016b Dab\u012b norit ASV, Krievijas un Ukrainas sarunas &#8211; 1188.lv"},"content":{"rendered":"<ol>\n<li><a href=\"https:\/\/news.google.com\/rss\/articles\/CBMihwFBVV95cUxOeS02bFN6aENpY0drMV95VGF0RXd1SGpJQ05pRzlXcmRWbjJsNHlacTVVX3BucFF6bFU3QWhETmlxMDV0TXNlLV9ZT1pSblRWRE1aaW9OenV2bzRfanFJVHByamxndDVwRVVtcGZ1ckJia3FubmNoT3lVcGdkWGJCVlRDZDdZWEU?oc=5\" target=\"_blank\" rel=\"nofollow noopener\">Ab\u016b Dab\u012b norit ASV, Krievijas un Ukrainas sarunas<\/a>&nbsp;&nbsp;1188.lv<\/li>\n<li><a href=\"https:\/\/news.google.com\/rss\/articles\/CBMiwgFBVV95cUxOdkFPSk9rLVVXekdwbzhiUkNMdWVWQXhXdTVmdmpLMklNNGl5QWhvZHRQdEdnV0VXcWs2WW9OZ1lPdXBMQWRFQVlyT0F0MENCcmlERUFrU2ZSdjBpVVlKajhTT19qVWZfa0Z5VXpxbm1SNng2VURKeWRYSURKZHhPOGh0cmJxTkp3UG5lbXdnOTQ2N090dzhoM3FqRU91VUprYktfTWhBbTI1WlpIbG9JQVRRTU9ndlRNa1pQU0c3THZydw?oc=5\" target=\"_blank\" rel=\"nofollow noopener\">Ab\u016b Dab\u012b nosl\u0113gusies ASV, Krievijas un Ukrainas deleg\u0101ciju sarunu pirm\u0101 k\u0101rta<\/a>&nbsp;&nbsp;Delfi<\/li>\n<li><a href=\"https:\/\/news.google.com\/rss\/articles\/CBMipAFBVV95cUxOaGpNVGlRZkpqUmN3c1BuaE9NQWlnUnF1UkZXNUxQMEZkTGJjbWllZzhHajJGN2EybWw2dFJOa2tvcVBreHhQbnlaTmtKYkk0VERtblpINy13WERuczJOT3BaSDM2Qk82cW0tNXNtZkd6T2hOaDNhRmNjZVduWE05NFlSUDBrVTRpV1R1eFZXZFEycFZvSmZuUmxKWE56N3RaRUc1YQ?oc=5\" target=\"_blank\" rel=\"nofollow noopener\">Ukrainai l\u016bgs atteikties no Donbasa \u2013 it\u0101\u013cu laikraksts atkl\u0101j, kas tiks pied\u0101v\u0101ts pret\u012b<\/a>&nbsp;&nbsp;LA.LV<\/li>\n<li><a href=\"https:\/\/news.google.com\/rss\/articles\/CBMiwAFBVV95cUxOWUNVRWd6UEtzS2JPWHJ0Y09BUnNMcWxtc0ttTDlBQnZCYS1ZbmhiUlNiWERYdnBnUWJnQkE5bm5PalduaUs1QmUwN1ZuTUwwNmZCbTg5dlhjc0pnUEFSTGpUckc4a1RLbW9QYnVHYWZNb0FndFQwQV8tVU9RVldlRkUwc21QblVaNy1CX1lsQmpZUWI2ZU5sRU1xanFrVUI2blpqV0ZfYU5vS0g0eHBOYnNHUEJlZFhCcWdLbGxMWjE?oc=5\" target=\"_blank\" rel=\"nofollow noopener\">Zelenskis uzrun\u0101 Davos\u0101 aicina Eiropu pamosties no ziemas miega \/ Raksts<\/a>&nbsp;&nbsp;LSM<\/li>\n<li><a href=\"https:\/\/news.google.com\/rss\/articles\/CBMisgFBVV95cUxPZm1wWHhuMFFYckhmakl1a0I0TmJaUVZrWE4zYjFfSFFqNkJpOXg2dmtJN0Z6WERJcGJtYkhYcHlDMVVrYS1ZMUF3azk1ckNITGdMZUZPSzlaODlBdnZsd3VtNnJ2V21ZZWhHc2ZLUkpvUmNiN2pjTndEbVpQY3RwcmtaSUhYTjJjZ3V1QkhSWm1xU2RwbE9BOHRiLVd4WVlZSlQwb3kxdTJLVFFjRHN0TVVR?oc=5\" target=\"_blank\" rel=\"nofollow noopener\">&#8220;Politico&#8221;: Grenlande nosp\u0113l\u0113jusi svar\u012bgu lomu p\u0113d\u0113j\u0101 m\u0113\u0123in\u0101jum\u0101 izbeigt karu Ukrain\u0101<\/a>&nbsp;&nbsp;Apollo.lv<\/li>\n<\/ol>\n","protected":false},"excerpt":{"rendered":"Ab\u016b Dab\u012b norit ASV, Krievijas un Ukrainas sarunas&nbsp;&nbsp;1188.lv Ab\u016b Dab\u012b nosl\u0113gusies ASV, Krievijas un Ukrainas deleg\u0101ciju sarunu pirm\u0101&hellip;\n","protected":false},"author":2,"featured_media":112265,"comment_status":"","ping_status":"","sticky":false,"template":"","format":"standard","meta":{"footnotes":""},"categories":[14],"tags":[129,470,3260,2334,957,1209,23,57,28,29,32,33,22,30,31,35,39,38,36,37,34,40,20,26,27,958,471,2335,1210,3261,959,472,2336,1211,3262,24,25,54,55,56,21,58],"class_list":{"0":"post-112264","1":"post","2":"type-post","3":"status-publish","4":"format-standard","5":"has-post-thumbnail","7":"category-zinas-no-arvalstim","8":"tag-__typenameadvicekeyword","9":"tag-id532","10":"tag-id553","11":"tag-id554","12":"tag-id597","13":"tag-id824","14":"tag-aktualitates","15":"tag-arvalstim","16":"tag-breaking-news","17":"tag-breakingnews","18":"tag-featured-news","19":"tag-featurednews","20":"tag-headlines","21":"tag-latest-news","22":"tag-latestnews","23":"tag-latvia","24":"tag-latvian","25":"tag-latviesu","26":"tag-latviesu-valoda","27":"tag-latviesuvaloda","28":"tag-latvija","29":"tag-lv","30":"tag-news","31":"tag-popularakas-zinas","32":"tag-popularakaszinas","33":"tag-slugasv","34":"tag-slugkars-ukraina","35":"tag-slugkrievija","36":"tag-slugpolitika","37":"tag-slugukraina","38":"tag-titleasv","39":"tag-titlekars-ukraina","40":"tag-titlekrievija","41":"tag-titlepolitika","42":"tag-titleukraina","43":"tag-top-stories","44":"tag-topstories","45":"tag-world","46":"tag-world-news","47":"tag-worldnews","48":"tag-zinas","49":"tag-zinas-no-arvalstim"},"share_on_mastodon":{"url":"","error":"Validation failed: Text character limit of 500 exceeded"},"_links":{"self":[{"href":"https:\/\/www.europesays.com\/lv\/wp-json\/wp\/v2\/posts\/112264","targetHints":{"allow":["GET"]}}],"collection":[{"href":"https:\/\/www.europesays.com\/lv\/wp-json\/wp\/v2\/posts"}],"about":[{"href":"https:\/\/www.europesays.com\/lv\/wp-json\/wp\/v2\/types\/post"}],"author":[{"embeddable":true,"href":"https:\/\/www.europesays.com\/lv\/wp-json\/wp\/v2\/users\/2"}],"replies":[{"embeddable":true,"href":"https:\/\/www.europesays.com\/lv\/wp-json\/wp\/v2\/comments?post=112264"}],"version-history":[{"count":0,"href":"https:\/\/www.europesays.com\/lv\/wp-json\/wp\/v2\/posts\/112264\/revisions"}],"wp:featuredmedia":[{"embeddable":true,"href":"https:\/\/www.europesays.com\/lv\/wp-json\/wp\/v2\/media\/112265"}],"wp:attachment":[{"href":"https:\/\/www.europesays.com\/lv\/wp-json\/wp\/v2\/media?parent=112264"}],"wp:term":[{"taxonomy":"category","embeddable":true,"href":"https:\/\/www.europesays.com\/lv\/wp-json\/wp\/v2\/categories?post=112264"},{"taxonomy":"post_tag","embeddable":true,"href":"https:\/\/www.europesays.com\/lv\/wp-json\/wp\/v2\/tags?post=112264"}],"curies":[{"name":"wp","href":"https:\/\/api.w.org\/{rel}","templated":true}]}}