{"id":112270,"date":"2026-01-24T08:52:12","date_gmt":"2026-01-24T08:52:12","guid":{"rendered":"https:\/\/www.europesays.com\/lv\/112270\/"},"modified":"2026-01-24T08:52:12","modified_gmt":"2026-01-24T08:52:12","slug":"hamiltons-un-leklers-fiorano-trase-izmegina-jauno-ferrari-f1lv-blogs","status":"publish","type":"post","link":"https:\/\/www.europesays.com\/lv\/112270\/","title":{"rendered":"Hamiltons un Lekl\u0113rs Fior\u0101no tras\u0113 izm\u0113\u0123ina jauno &#8216;Ferrari&#8217; : F1LV Blogs"},"content":{"rendered":"<p>\u201cFerrari\u201d komanda piektdiena aizvad\u012bja pirmos jaun\u0101 F1 mode\u013ca \u201cSF-26\u201d izm\u0113\u0123in\u0101jumus sav\u0101 testu tras\u0113 Fior\u0101no. Lai gan automa\u0161\u012bnas prezent\u0101cija video form\u0101t\u0101 notika tikai pusdienlaik\u0101, Luiss Hamiltons pie jaun\u0101 sp\u0113krata st\u016bres s\u0113d\u0101s jau agr\u0101k, veicot instal\u0101cijas apli un sveicinot san\u0101ku\u0161os fanus.<\/p>\n<p>Pas\u0101kums norit\u0113ja \u201cdemonstr\u0101cijas braucienu\u201d status\u0101, kas ierobe\u017eoja distanci l\u012bdz 15 kilometriem jeb pieciem ap\u013ciem. Hamiltons veica tr\u012bs ap\u013cus, kuru laik\u0101 pirmo reizi re\u0101los apst\u0101k\u013cos izm\u0113\u0123in\u0101ja 2026. gada noteikumu galveno jaunumu \u2013 akt\u012bvo aerodinamiku, tras\u0113 atverot priek\u0161\u0113j\u0101 un aizmugur\u0113j\u0101 sp\u0101rna pl\u0101ksnes. Atliku\u0161os divus ap\u013cus ar jauno \u201cFerrari\u201d nobrauca \u0160arls Lekl\u0113rs.<\/p>\n<blockquote class=\"twitter-tweet\">\n<p dir=\"ltr\" lang=\"en\">Our first look at the SF-26 in action! A result from all the hard work from everyone in the factory to Charles and Lewis on track. <a href=\"https:\/\/t.co\/oWdXwKzu3e\" rel=\"nofollow\">pic.twitter.com\/oWdXwKzu3e<\/a><\/p>\n<p>\u2014 Scuderia Ferrari HP (@ScuderiaFerrari) <a href=\"https:\/\/twitter.com\/ScuderiaFerrari\/status\/2014690227852296462?ref_src=twsrc%5Etfw\" rel=\"nofollow noopener\" target=\"_blank\">January 23, 2026<\/a><\/p>\n<\/blockquote>\n<p>\u201cM\u016bsu priorit\u0101te bija dab\u016bt ma\u0161\u012bnu tras\u0113 p\u0113c iesp\u0113jas \u0101tr\u0101k,\u201d skaidroja komandas vad\u012bt\u0101js Freds Vas\u016brs. \u201cM\u0113s maksim\u0101li novilcin\u0101j\u0101m \u0161o dienu, lai b\u016btu vair\u0101k laika att\u012bst\u012bbai, ta\u010du uzticam\u012bba s\u0101kum\u0101 ir vissvar\u012bg\u0101k\u0101. Esam priec\u012bgi, ka \u0161odien nebija nevienas probl\u0113mas.\u201d<\/p>\n<blockquote class=\"twitter-tweet\">\n<p dir=\"ltr\" lang=\"en\">Lewis Hamilton is seen using F1\u2019s new active aero system on the Ferrari SF-26 for the first time during today\u2019s shakedown in Fiorano \ud83d\udc40<\/p>\n<p>\ud83d\udcf9 x Modena Motori 2026 <a href=\"https:\/\/t.co\/WY9YvOCcGV\" rel=\"nofollow\">pic.twitter.com\/WY9YvOCcGV<\/a><\/p>\n<p>\u2014 Motor Sport magazine (@Motor_Sport) <a href=\"https:\/\/twitter.com\/Motor_Sport\/status\/2014665457060454734?ref_src=twsrc%5Etfw\" rel=\"nofollow noopener\" target=\"_blank\">January 23, 2026<\/a><\/p>\n<\/blockquote>\n<p>L\u012bdz\u012bgu p\u0101rliec\u012bbu p\u0113c saviem testiem Silverston\u0101 paudusi ar\u012b \u201cAlpine\u201d vien\u012bba, kurai \u0161\u012b ir jauna \u0113ra k\u0101 \u201cMercedes\u201d dzin\u0113ju klientei. Pj\u0113rs Gazl\u012b lietainos apst\u0101k\u013cos pasp\u0113ja nobraukt 140 kilometrus, pirms iest\u0101j\u0101s tumsa.<\/p>\n<p>\u201cPirmo reizi man\u0101 garaj\u0101 karjer\u0101 F1 ma\u0161\u012bna izbrauc, atgrie\u017eas, atkal izbrauc, un nekas nesal\u016bst,\u201d sac\u012bja komandas padomnieks Flavio Briatore. \u201cVisi komandas radio klus\u0113ja, un t\u0101s ir labas zi\u0146as.\u201d<\/p>\n<p>Tehniskais direktors Deivids San\u010dess piebilda, ka veiksm\u012bgais s\u0101kums ir \u201clabs pa\u0161p\u0101rliec\u012bbas l\u0101di\u0146\u0161\u201d, kas \u013caus komandai Barselonas testos uzreiz piev\u0113rsties darbam, nevis tehnisku k\u013c\u016bmju nov\u0113r\u0161anai.<\/p>\n<p><a href=\"https:\/\/www.patreon.com\/collection\/823319\" rel=\"nofollow noopener\" target=\"_blank\"><img loading=\"lazy\" decoding=\"async\" class=\"aligncenter size-full wp-image-74708\" src=\"https:\/\/www.europesays.com\/lv\/wp-content\/uploads\/2025\/12\/Banner300x250px.jpg\" alt=\"\" width=\"300\" height=\"250\"\/><\/a><script async src=\"https:\/\/platform.twitter.com\/widgets.js\" charset=\"utf-8\"><\/script><\/p>\n","protected":false},"excerpt":{"rendered":"\u201cFerrari\u201d komanda piektdiena aizvad\u012bja pirmos jaun\u0101 F1 mode\u013ca \u201cSF-26\u201d izm\u0113\u0123in\u0101jumus sav\u0101 testu tras\u0113 Fior\u0101no. Lai gan automa\u0161\u012bnas prezent\u0101cija&hellip;\n","protected":false},"author":2,"featured_media":112271,"comment_status":"","ping_status":"","sticky":false,"template":"","format":"standard","meta":{"footnotes":""},"categories":[17],"tags":[4185,26311,4178,35,39,38,36,37,34,40,67],"class_list":{"0":"post-112270","1":"post","2":"type-post","3":"status-publish","4":"format-standard","5":"has-post-thumbnail","7":"category-sports","8":"tag-alpine","9":"tag-f1-testi","10":"tag-ferrari","11":"tag-latvia","12":"tag-latvian","13":"tag-latviesu","14":"tag-latviesu-valoda","15":"tag-latviesuvaloda","16":"tag-latvija","17":"tag-lv","18":"tag-sports"},"share_on_mastodon":{"url":"https:\/\/pubeurope.com\/@lv\/115949230039163424","error":""},"_links":{"self":[{"href":"https:\/\/www.europesays.com\/lv\/wp-json\/wp\/v2\/posts\/112270","targetHints":{"allow":["GET"]}}],"collection":[{"href":"https:\/\/www.europesays.com\/lv\/wp-json\/wp\/v2\/posts"}],"about":[{"href":"https:\/\/www.europesays.com\/lv\/wp-json\/wp\/v2\/types\/post"}],"author":[{"embeddable":true,"href":"https:\/\/www.europesays.com\/lv\/wp-json\/wp\/v2\/users\/2"}],"replies":[{"embeddable":true,"href":"https:\/\/www.europesays.com\/lv\/wp-json\/wp\/v2\/comments?post=112270"}],"version-history":[{"count":0,"href":"https:\/\/www.europesays.com\/lv\/wp-json\/wp\/v2\/posts\/112270\/revisions"}],"wp:featuredmedia":[{"embeddable":true,"href":"https:\/\/www.europesays.com\/lv\/wp-json\/wp\/v2\/media\/112271"}],"wp:attachment":[{"href":"https:\/\/www.europesays.com\/lv\/wp-json\/wp\/v2\/media?parent=112270"}],"wp:term":[{"taxonomy":"category","embeddable":true,"href":"https:\/\/www.europesays.com\/lv\/wp-json\/wp\/v2\/categories?post=112270"},{"taxonomy":"post_tag","embeddable":true,"href":"https:\/\/www.europesays.com\/lv\/wp-json\/wp\/v2\/tags?post=112270"}],"curies":[{"name":"wp","href":"https:\/\/api.w.org\/{rel}","templated":true}]}}