{"id":112276,"date":"2026-01-24T09:02:09","date_gmt":"2026-01-24T09:02:09","guid":{"rendered":"https:\/\/www.europesays.com\/lv\/112276\/"},"modified":"2026-01-24T09:02:09","modified_gmt":"2026-01-24T09:02:09","slug":"bazas-par-apkures-rekiniem-un-afrikas-cuku-mera-uzliesmojums-lente-lv","status":"publish","type":"post","link":"https:\/\/www.europesays.com\/lv\/112276\/","title":{"rendered":"Ba\u017eas par apkures r\u0113\u0137iniem un \u0100frikas c\u016bku m\u0113ra uzliesmojums\u00a0\u2014\u00a0Lente.lv"},"content":{"rendered":"<p>Apkures r\u0113\u0137inu dr\u0101ma tuv\u0101kaj\u0101s ned\u0113\u013c\u0101s<\/p>\n<p>Ekonomikas ministrs Viktors Valainis ir aicin\u0101jis nekav\u0113joties sasaukt Valsts ener\u0123\u0113tisk\u0101s kr\u012bzes centra \u0101rk\u0101rtas s\u0113di, lai rastu risin\u0101jumus iedz\u012bvot\u0101ju atbalstam saist\u012bb\u0101 ar gaid\u0101majiem augstajiem apkures r\u0113\u0137iniem. Janv\u0101ris Latvij\u0101 ir bijis aukst\u0101kais p\u0113d\u0113jo 15 gadu laik\u0101, kas tie\u0161i ietekm\u0113jis siltumener\u0123ijas pat\u0113ri\u0146u un prognoz\u0113jami noved\u012bs pie iev\u0113rojami liel\u0101kiem maks\u0101jumiem par apkuri. Valainis uzsv\u0113ra, ka \u0161\u0101dos apst\u0101k\u013cos nepiecie\u0161ama valsts l\u012bme\u0146a koordin\u0113ta r\u012bc\u012bba, lai cilv\u0113kiem b\u016btu p\u0101rliec\u012bba, ka valsts neatst\u0101j tos vienus ar p\u0101rm\u0113r\u012bgu r\u0113\u0137inu slogu. Valsts ener\u0123\u0113tisk\u0101s kr\u012bzes centra \u0101rk\u0101rtas s\u0113de tiek uzskat\u012bta par atbilsto\u0161u form\u0101tu, lai operat\u012bvi nov\u0113rt\u0113tu situ\u0101ciju un pie\u0146emtu l\u0113mumus par atbalsta pas\u0101kumiem.<\/p>\n<p>Ba\u017eas par siltumapg\u0101des iepirkumu R\u012bg\u0101<\/p>\n<p>R\u012bgas Ilgtsp\u0113j\u012bgas Siltumapg\u0101des Asoci\u0101cija pau\u017e ba\u017eas par l\u012bdzek\u013cu neefekt\u012bvu izmanto\u0161anu siltumener\u0123ijas iepirkum\u0101 R\u012bg\u0101. Tiek nor\u0101d\u012bts, ka noteikt\u0101s dien\u0101s nav iepirkta siltumener\u0123ija par zem\u0101ku cenu no viet\u0113j\u0101 biomasas ra\u017eot\u0101ja, lai gan tas bija pieejams. \u0160aj\u0101 period\u0101 tika iepirkta siltumener\u0123ija par augst\u0101ku cenu no citiem ra\u017eot\u0101jiem, radot p\u0101rmaksu par aptuveni 110 153 EUR. \u0160\u012b summa gala rezult\u0101t\u0101 atspogu\u013cojas R\u012bgas iedz\u012bvot\u0101ju apkures r\u0113\u0137inos. Asoci\u0101cija aicina Ekonomikas ministriju un R\u012bgas domi veikt izv\u0113rt\u0113\u0161anu un neatkar\u012bgu p\u0101rbaudi, iesaistot Valsts kontroli un Prokurat\u016bru.<\/p>\n<p>\u0100frikas c\u016bku m\u0113ris m\u0101jas c\u016bku novietn\u0113<\/p>\n<p>Dienvidkurzemes novada Vai\u0146odes pagast\u0101 SIA &#8220;Vai\u0146odes bekons&#8221; c\u016bku novietn\u0113 ar vair\u0101k nek\u0101 22 000 m\u0101jas c\u016bku konstat\u0113ts \u0100frikas c\u016bku m\u0113ra (\u0100CM) uzliesmojums. P\u0101rtikas un veterin\u0101rais dienests (PVD) veic slim\u012bbas apkaro\u0161anas un ierobe\u017eo\u0161anas pas\u0101kumus, k\u0101 ar\u012b epidemiolo\u0123isko izmekl\u0113\u0161anu. Lai likvid\u0113tu uzliesmojuma per\u0113kli un nepie\u013cautu slim\u012bbas t\u0101l\u0101ku izplat\u012b\u0161anos, tiks uzs\u0101kta c\u016bku likvid\u0113\u0161ana slim\u012bbas skartajos novietnes korpusos. Lai gan tas n\u0101cis k\u0101 p\u0101rsteigums, jo parasti \u0100CM sezon\u0101 ir vasara, PVD p\u0101rst\u0101vji prognoz\u0113, ka slim\u012bbas skartie dz\u012bvnieki tiks likvid\u0113ti. \u0100CM uzliesmojums netiks uzskat\u012bts par b\u016btisku ietekmi uz Latvijas tirgu, jo darbojas vair\u0101ki c\u016bkga\u013cas pieg\u0101d\u0101t\u0101ji un tirgus sp\u0113j piel\u0101goties.<\/p>\n<p>Pr\u0101mju satiksmes atjauno\u0161anas pl\u0101ni R\u012bga-Stokholma<\/p>\n<p>Regul\u0101r\u0101 pr\u0101mju satiksme starp R\u012bgu un Stokholmu, kas tika aptur\u0113ta 2020. gad\u0101 Covid-19 pand\u0113mijas d\u0113\u013c, tuv\u0101kaj\u0101 laik\u0101 netiks atjaunota. Lai gan iepriek\u0161 bija pl\u0101nots satiksmi atjaunot jau 2025. gada apr\u012bl\u012b, \u0161ie pl\u0101ni nav piepild\u012bju\u0161ies. Pa\u0161laik galvenais uzdevums ir pr\u0101mju piest\u0101tnes izveide, ko priv\u0101ts investors un R\u012bgas Br\u012bvosta pl\u0101no b\u016bv\u0113t Andrejsal\u0101. Paredzams, ka pirmais pasa\u017eieris var\u0113tu tikt sagaid\u012bts 2030. gad\u0101 jaunaj\u0101 termin\u0101l\u012b, ta\u010du pagaid\u0101m prec\u012bzi termi\u0146i un izmaksas netiek nosauktas. Sarunas par satiksmes atjauno\u0161anu notiek ar Igaunijas uz\u0146\u0113mumu &#8220;Tallink&#8221;, kas nodro\u0161in\u0101ja p\u0101rvad\u0101jumus l\u012bdz 2020. gadam.<\/p>\n","protected":false},"excerpt":{"rendered":"Apkures r\u0113\u0137inu dr\u0101ma tuv\u0101kaj\u0101s ned\u0113\u013c\u0101s Ekonomikas ministrs Viktors Valainis ir aicin\u0101jis nekav\u0113joties sasaukt Valsts ener\u0123\u0113tisk\u0101s kr\u012bzes centra \u0101rk\u0101rtas&hellip;\n","protected":false},"author":2,"featured_media":112277,"comment_status":"","ping_status":"","sticky":false,"template":"","format":"standard","meta":{"footnotes":""},"categories":[5],"tags":[4523,23,26312,28,29,32,33,22,30,31,35,39,38,36,37,34,1045,40,20,24500,26,27,22445,24,25,21],"class_list":{"0":"post-112276","1":"post","2":"type-post","3":"status-publish","4":"format-standard","5":"has-post-thumbnail","7":"category-aktualitates","8":"tag-afrikas-cuku-meris","9":"tag-aktualitates","10":"tag-apkures-rekini","11":"tag-breaking-news","12":"tag-breakingnews","13":"tag-featured-news","14":"tag-featurednews","15":"tag-headlines","16":"tag-latest-news","17":"tag-latestnews","18":"tag-latvia","19":"tag-latvian","20":"tag-latviesu","21":"tag-latviesu-valoda","22":"tag-latviesuvaloda","23":"tag-latvija","24":"tag-latvijas-ekonomika","25":"tag-lv","26":"tag-news","27":"tag-partikas-drosiba","28":"tag-popularakas-zinas","29":"tag-popularakaszinas","30":"tag-pramju-satiksme","31":"tag-top-stories","32":"tag-topstories","33":"tag-zinas"},"share_on_mastodon":{"url":"https:\/\/pubeurope.com\/@lv\/115949269377295665","error":""},"_links":{"self":[{"href":"https:\/\/www.europesays.com\/lv\/wp-json\/wp\/v2\/posts\/112276","targetHints":{"allow":["GET"]}}],"collection":[{"href":"https:\/\/www.europesays.com\/lv\/wp-json\/wp\/v2\/posts"}],"about":[{"href":"https:\/\/www.europesays.com\/lv\/wp-json\/wp\/v2\/types\/post"}],"author":[{"embeddable":true,"href":"https:\/\/www.europesays.com\/lv\/wp-json\/wp\/v2\/users\/2"}],"replies":[{"embeddable":true,"href":"https:\/\/www.europesays.com\/lv\/wp-json\/wp\/v2\/comments?post=112276"}],"version-history":[{"count":0,"href":"https:\/\/www.europesays.com\/lv\/wp-json\/wp\/v2\/posts\/112276\/revisions"}],"wp:featuredmedia":[{"embeddable":true,"href":"https:\/\/www.europesays.com\/lv\/wp-json\/wp\/v2\/media\/112277"}],"wp:attachment":[{"href":"https:\/\/www.europesays.com\/lv\/wp-json\/wp\/v2\/media?parent=112276"}],"wp:term":[{"taxonomy":"category","embeddable":true,"href":"https:\/\/www.europesays.com\/lv\/wp-json\/wp\/v2\/categories?post=112276"},{"taxonomy":"post_tag","embeddable":true,"href":"https:\/\/www.europesays.com\/lv\/wp-json\/wp\/v2\/tags?post=112276"}],"curies":[{"name":"wp","href":"https:\/\/api.w.org\/{rel}","templated":true}]}}