{"id":112284,"date":"2026-01-24T09:15:05","date_gmt":"2026-01-24T09:15:05","guid":{"rendered":"https:\/\/www.europesays.com\/lv\/112284\/"},"modified":"2026-01-24T09:15:05","modified_gmt":"2026-01-24T09:15:05","slug":"ltv-no-dalibas-dziesmu-svetkos-manai-dzimtenei-atteikusies-pirmie-dziedataji-apollo-lv","status":"publish","type":"post","link":"https:\/\/www.europesays.com\/lv\/112284\/","title":{"rendered":"LTV: No dal\u012bbas dziesmu sv\u0113tkos &quot;Manai dzimtenei&quot; atteiku\u0161ies pirmie dzied\u0101t\u0101ji &#8211; Apollo.lv"},"content":{"rendered":"<ol>\n<li><a href=\"https:\/\/news.google.com\/rss\/articles\/CBMiqgFBVV95cUxPc08yckVmQjRqdUZBQUdXems4VXpOc0JYVzRZYVZlNzdSbUQ1UVZOU0dMaG5tZS10MDZ6MzNYM0tuSXZKdjZmTlVMYWRMTFRoQlp4OFVrelg0NE41OHpSMTlzUUFEU2pIMUVxY0lTRF9vTm9mLXBNcmV4U0M2cHV5NkM1d3JxSi1FWEllWEJPamZQWmZESkFuQ3JyNUd0QkFwYjN5UllfRkl0QQ?oc=5\" target=\"_blank\" rel=\"nofollow noopener\">LTV: No dal\u012bbas dziesmu sv\u0113tkos &#8220;Manai dzimtenei&#8221; atteiku\u0161ies pirmie dzied\u0101t\u0101ji<\/a>&nbsp;&nbsp;Apollo.lv<\/li>\n<li><a href=\"https:\/\/news.google.com\/rss\/articles\/CBMivAFBVV95cUxNZlVCV016M285eHo1YkFRT1U1OGhqSjJwdHdSTEJRWVpTV0ZiY2EtUW5LMXNTQklTeklkZlpMUGIzM2lnOHZiVjg3Qk9VeU9LekVETXg2ODFnME5xVFhHbFlBUW83bmRhLVhzSm5ZUlBJcURQdGVoR0p1cDZnS3g0d1hsX0tYMmtCQ29Mc0NaUTcydHBtWUttTXZMS3dLU0U3TG1pNjFoVUFTUjAxWk5EWU5tNVM3UUJpYlp2Tg?oc=5\" target=\"_blank\" rel=\"nofollow noopener\">Busulis atsaucis dal\u012bbu Raimonda Paula dziesmu koncert\u0101 &#8220;Manai dzimtenei&#8221;<\/a>&nbsp;&nbsp;Delfi<\/li>\n<li><a href=\"https:\/\/news.google.com\/rss\/articles\/CBMijAJBVV95cUxOeGxBYW5VeG9CaFN3dVcxbjQySXJFMEVmNjBHbzRHNWVLQzRwZzZoU2lDbTJOZDdlYVcwQ3VUQTNvYnZMN1hxZ085OFlfUTZuV3RBQ0ZoU0dtQWlycG1MSV9VVjQyNUloQ0VzV211R0VRY3hjQ0VIWU55cWVKeThZcUN5NmRRTzhFSTJfa2lRSGFVZ2twakgxZ2NCWUdmdEdKUTdra3c3RjlZZXlGQnpSU0wtNktYOEhFU3Z2R0VlWXB3SE9zMFFtNzVzcWYzMWNZOWE0aW1hbUhxSkEwMlFLeERDNTlrdzhxVTR2cWhiVDBPdU83Ri1QOXFPb3hiTUNVT0dUWGhYS1RmUUxo?oc=5\" target=\"_blank\" rel=\"nofollow noopener\">&#8220;Ne\u0113tisks, manipulat\u012bvs un mantraus\u012bgs pe\u013c\u0146as g\u016b\u0161anas projekts&#8221;. Latvijas m\u016bzikas profesion\u0101\u013ci skarbi kritiz\u0113 Paula dziesmu sv\u0113tku r\u012bkot\u0101jus<\/a>&nbsp;&nbsp;NRA<\/li>\n<li><a href=\"https:\/\/news.google.com\/rss\/articles\/CBMiyAFBVV95cUxNYXdUSXBZOUkyMXRDcVYwUUpzUnhJOGFYS2RnSzB5RF9leFdqd01aZ01heVJKemYwSk9oMnAwT3JqZTNna1NXLTNoLTFJeU9hbW8zVDNncUVKQTVuOTBjT1YyQWc1UllqMVZ1YU1fcjd6MGRGeU5sY0JBTFBHaVlxeUNoSHFJSXdkM3RGeFBhaTJqdWwyT3ZMVXZ5ak15eHBfNVJtNnpnWkhBQjdDdUFSMlJJa2txcUlNdDdFQ0tTa3VoUF9BV2pucA?oc=5\" target=\"_blank\" rel=\"nofollow noopener\">No dal\u012bbas dziesmu sv\u0113tkos \u00abManai dzimtenei\u00bb atsak\u0101s pirmie dzied\u0101t\u0101ji \/ Raksts<\/a>&nbsp;&nbsp;LSM<\/li>\n<li><a href=\"https:\/\/news.google.com\/rss\/articles\/CBMinwFBVV95cUxQbnA5WWJGbU85VlZXbE9Da3FyTVUteVR2cDFjMDljclhOZXMyUk5td0JSSEpXMWlaU0RDRG9wYVRzYnl1VkFGcnFfSXN0MmNWdlZUNWUxRVVBbUlLTGdKVGZnanBUVGNuM21kUHhxazk3dW9mUjhMM2NVSllCVjBBbmk1WVVVQVVSRmRGWEUxbm5NcWVWOHFUOThNUG5WN2c?oc=5\" target=\"_blank\" rel=\"nofollow noopener\">No dal\u012bbas dziesmu sv\u0113tkos \u00abManai dzimtenei\u00bb atsak\u0101s pirmie dzied\u0101t\u0101ji<\/a>&nbsp;&nbsp;Inbox.lv<\/li>\n<\/ol>\n","protected":false},"excerpt":{"rendered":"LTV: No dal\u012bbas dziesmu sv\u0113tkos &#8220;Manai dzimtenei&#8221; atteiku\u0161ies pirmie dzied\u0101t\u0101ji&nbsp;&nbsp;Apollo.lv Busulis atsaucis dal\u012bbu Raimonda Paula dziesmu koncert\u0101 &#8220;Manai&hellip;\n","protected":false},"author":2,"featured_media":112285,"comment_status":"","ping_status":"","sticky":false,"template":"","format":"standard","meta":{"footnotes":""},"categories":[19],"tags":[89,90,202,35,39,38,36,37,34,40,103,2672],"class_list":{"0":"post-112284","1":"post","2":"type-post","3":"status-publish","4":"format-standard","5":"has-post-thumbnail","7":"category-izklaide","8":"tag-entertainment","9":"tag-izklaide","10":"tag-koncerts","11":"tag-latvia","12":"tag-latvian","13":"tag-latviesu","14":"tag-latviesu-valoda","15":"tag-latviesuvaloda","16":"tag-latvija","17":"tag-lv","18":"tag-muzika","19":"tag-raimonds-pauls"},"share_on_mastodon":{"url":"https:\/\/pubeurope.com\/@lv\/115949320444171823","error":""},"_links":{"self":[{"href":"https:\/\/www.europesays.com\/lv\/wp-json\/wp\/v2\/posts\/112284","targetHints":{"allow":["GET"]}}],"collection":[{"href":"https:\/\/www.europesays.com\/lv\/wp-json\/wp\/v2\/posts"}],"about":[{"href":"https:\/\/www.europesays.com\/lv\/wp-json\/wp\/v2\/types\/post"}],"author":[{"embeddable":true,"href":"https:\/\/www.europesays.com\/lv\/wp-json\/wp\/v2\/users\/2"}],"replies":[{"embeddable":true,"href":"https:\/\/www.europesays.com\/lv\/wp-json\/wp\/v2\/comments?post=112284"}],"version-history":[{"count":0,"href":"https:\/\/www.europesays.com\/lv\/wp-json\/wp\/v2\/posts\/112284\/revisions"}],"wp:featuredmedia":[{"embeddable":true,"href":"https:\/\/www.europesays.com\/lv\/wp-json\/wp\/v2\/media\/112285"}],"wp:attachment":[{"href":"https:\/\/www.europesays.com\/lv\/wp-json\/wp\/v2\/media?parent=112284"}],"wp:term":[{"taxonomy":"category","embeddable":true,"href":"https:\/\/www.europesays.com\/lv\/wp-json\/wp\/v2\/categories?post=112284"},{"taxonomy":"post_tag","embeddable":true,"href":"https:\/\/www.europesays.com\/lv\/wp-json\/wp\/v2\/tags?post=112284"}],"curies":[{"name":"wp","href":"https:\/\/api.w.org\/{rel}","templated":true}]}}