{"id":112302,"date":"2026-01-24T09:46:18","date_gmt":"2026-01-24T09:46:18","guid":{"rendered":"https:\/\/www.europesays.com\/lv\/112302\/"},"modified":"2026-01-24T09:46:18","modified_gmt":"2026-01-24T09:46:18","slug":"volfa-un-lozbers-izcina-bronzas-medalu-eiropas-junioru-cempionata-paru-stafete-lente-lv","status":"publish","type":"post","link":"https:\/\/www.europesays.com\/lv\/112302\/","title":{"rendered":"Volfa un Lozbers izc\u012bna bronzas meda\u013cu Eiropas junioru \u010dempion\u0101ta p\u0101ru stafet\u0113\u00a0\u2014\u00a0Lente.lv"},"content":{"rendered":"<p>Latvijas biatlonisti g\u016bst pan\u0101kumus Somij\u0101<\/p>\n<p>Latvijas biatlonisti Estere Volfa un Rihards Lozbers ceturtdien Somij\u0101 izc\u012bn\u012bja bronzas meda\u013cu Eiropas junioru \u010dempion\u0101ta p\u0101ru stafet\u0113. K\u0101 zi\u0146o av\u012bze Diena, \u0161is ir noz\u012bm\u012bgs sasniegums jaunajiem sportistiem.<\/p>\n<p>Sacens\u012bbu gaita un veiksmes \u0161au\u0161an\u0101<\/p>\n<p>Sacens\u012bbu s\u0101kum\u0101 Estere Volfa demonstr\u0113ja prec\u012bzu \u0161au\u0161anu, gan gu\u013cus, gan st\u0101vus poz\u012bcij\u0101s izmantojot rezerves patronas, un stafeti nodeva Rihardam Lozberam l\u012bderpoz\u012bcij\u0101. Lozbers, neskatoties uz divu rezerves patronu izmanto\u0161anu ab\u0101s \u0161au\u0161anas reiz\u0113s, sp\u0113ja notur\u0113t tre\u0161o vietu, nedaudz zaud\u0113jot l\u012bderiem. Volfa otraj\u0101 posm\u0101 ar\u012b cent\u0101s saglab\u0101t poz\u012bcijas, izmantojot rezerves patronas, un nodeva stafeti tre\u0161aj\u0101 viet\u0101.<\/p>\n<p>Intriga un fini\u0161s<\/p>\n<p>Rihards Lozbers p\u0113d\u0113j\u0101 \u0161au\u0161anas posm\u0101 dev\u0101s l\u012bdera poz\u012bcij\u0101, ta\u010du neveiksm\u012bga \u0161au\u0161ana un viena soda ap\u013ca veik\u0161ana lika atk\u0101pties uz tre\u0161o vietu. Neskatoties uz soda apli, Latvijas duets sp\u0113ja fini\u0161\u0113t tre\u0161aj\u0101 viet\u0101, piek\u0101pjoties Ukrainas un \u0160veices komand\u0101m. Kopum\u0101 Latvijas sportisti izmantoja 11 rezerves patronas un veica vienu soda apli, start\u0113jot 20 duetu konkurenc\u0113.<\/p>\n<p>Iepriek\u0161\u0113jie pan\u0101kumi un perspekt\u012bvas<\/p>\n<p>\u0160\u012b meda\u013ca ir noz\u012bm\u012bgs papildin\u0101jums Volfas un Lozbera iepriek\u0161\u0113jiem pan\u0101kumiem Eiropas junioru \u010dempion\u0101t\u0101, kur Rihards Lozbers ieguva bronzas meda\u013cu 15 km individu\u0101laj\u0101 distanc\u0113, bet Estere Volfa ie\u0146\u0113ma sept\u012bto vietu. Sportisti turpina apliecin\u0101t savu potenci\u0101lu starptautisk\u0101 l\u012bmen\u012b.<\/p>\n","protected":false},"excerpt":{"rendered":"Latvijas biatlonisti g\u016bst pan\u0101kumus Somij\u0101 Latvijas biatlonisti Estere Volfa un Rihards Lozbers ceturtdien Somij\u0101 izc\u012bn\u012bja bronzas meda\u013cu Eiropas&hellip;\n","protected":false},"author":2,"featured_media":112303,"comment_status":"","ping_status":"","sticky":false,"template":"","format":"standard","meta":{"footnotes":""},"categories":[17],"tags":[1499,4797,16012,35,39,38,36,37,34,40,26318,25061,67],"class_list":{"0":"post-112302","1":"post","2":"type-post","3":"status-publish","4":"format-standard","5":"has-post-thumbnail","7":"category-sports","8":"tag-biatlons","9":"tag-eiropas-junioru-cempionats","10":"tag-estere-volfa","11":"tag-latvia","12":"tag-latvian","13":"tag-latviesu","14":"tag-latviesu-valoda","15":"tag-latviesuvaloda","16":"tag-latvija","17":"tag-lv","18":"tag-paru-stafete","19":"tag-rihards-lozbers","20":"tag-sports"},"share_on_mastodon":{"url":"https:\/\/pubeurope.com\/@lv\/115949442347540780","error":""},"_links":{"self":[{"href":"https:\/\/www.europesays.com\/lv\/wp-json\/wp\/v2\/posts\/112302","targetHints":{"allow":["GET"]}}],"collection":[{"href":"https:\/\/www.europesays.com\/lv\/wp-json\/wp\/v2\/posts"}],"about":[{"href":"https:\/\/www.europesays.com\/lv\/wp-json\/wp\/v2\/types\/post"}],"author":[{"embeddable":true,"href":"https:\/\/www.europesays.com\/lv\/wp-json\/wp\/v2\/users\/2"}],"replies":[{"embeddable":true,"href":"https:\/\/www.europesays.com\/lv\/wp-json\/wp\/v2\/comments?post=112302"}],"version-history":[{"count":0,"href":"https:\/\/www.europesays.com\/lv\/wp-json\/wp\/v2\/posts\/112302\/revisions"}],"wp:featuredmedia":[{"embeddable":true,"href":"https:\/\/www.europesays.com\/lv\/wp-json\/wp\/v2\/media\/112303"}],"wp:attachment":[{"href":"https:\/\/www.europesays.com\/lv\/wp-json\/wp\/v2\/media?parent=112302"}],"wp:term":[{"taxonomy":"category","embeddable":true,"href":"https:\/\/www.europesays.com\/lv\/wp-json\/wp\/v2\/categories?post=112302"},{"taxonomy":"post_tag","embeddable":true,"href":"https:\/\/www.europesays.com\/lv\/wp-json\/wp\/v2\/tags?post=112302"}],"curies":[{"name":"wp","href":"https:\/\/api.w.org\/{rel}","templated":true}]}}