{"id":112326,"date":"2026-01-24T10:58:06","date_gmt":"2026-01-24T10:58:06","guid":{"rendered":"https:\/\/www.europesays.com\/lv\/112326\/"},"modified":"2026-01-24T10:58:06","modified_gmt":"2026-01-24T10:58:06","slug":"zibeniga-volfa-sautuve-zaude-liderpoziciju-tacu-tik-un-ta-izcina-junioru-medalu-ziemas-sports-sportacentrs-com","status":"publish","type":"post","link":"https:\/\/www.europesays.com\/lv\/112326\/","title":{"rendered":"Ziben\u012bg\u0101 Volfa \u0161autuv\u0113 zaud\u0113 l\u012bderpoz\u012bciju, ta\u010du tik un t\u0101 izc\u012bna junioru meda\u013cu \u2013 Ziemas sports \u2013 Sportacentrs.com"},"content":{"rendered":"<p>Volfa bija p\u0101rliecino\u0161i \u0101tr\u0101k\u0101 sl\u0113pot\u0101ja, distances kopsumm\u0101 par 19.1 sekundi uz sl\u0113p\u0113m apsteidzot sprinta uzvar\u0113t\u0101ju Manku Casermani no Slov\u0113nijas. L\u012bdz pirmajai \u0161au\u0161anai vi\u0146ai bija 4.6 sekun\u017eu p\u0101rsvars un ar perfektu gu\u013cus \u0161au\u0161anu tras\u0113 atgriez\u0101s ar 4.4 sekun\u017eu p\u0101rsvaru. L\u012bdz otrajai \u0161au\u0161anai latvietes p\u0101rsvars pieauga jau l\u012bdz 24.0 sekund\u0113m, tom\u0113r tr\u012bs k\u013c\u016bdas st\u0101vus maks\u0101ja atk\u0101p\u0161anos uz astoto poz\u012bciju. P\u0113d\u0113j\u0101 apl\u012b Volfas p\u0101rsvars uz sl\u0113p\u0113m bija visliel\u0101kais, un vi\u0146a l\u012bdz fini\u0161am apsteidza piecas s\u0101ncenses \u2013 ar\u012b p\u0113c \u0161au\u0161anas lab\u0101ko trijniek\u0101 eso\u0161\u0101s ukrainietes, kuras bija pusmin\u016bti priek\u0161\u0101, ta\u010du beig\u0101s tikai nosl\u0113dza se\u0161inieku.<\/p>\n<p>Inform\u0101cija tiks papildin\u0101ta\u2026<\/p>\n<p>Eiropas junioru \u010dempion\u0101ts, sievie\u0161u sprints<\/p>\n<tr>VBiatlonisteValstsLaiks<\/tr>\n<tr class=\"even\">\n<td>1.<\/td>\n<td>Manka Casermane<\/td>\n<td>Slov\u0113nija<\/td>\n<td>22:44.8 (1)<\/td>\n<\/tr>\n<tr class=\"odd\">\n<td>2.<\/td>\n<td>Anna Millingere<\/td>\n<td>Austrija<\/td>\n<td>+31.0 (1)<\/td>\n<\/tr>\n<tr class=\"even\">\n<td>3.<\/td>\n<td>Estere Volfa<\/td>\n<td>Latvija<\/td>\n<td>+36.9 (3)<\/td>\n<\/tr>\n<tr class=\"odd\">\n<td>4.<\/td>\n<td>Tamara Molentova<\/td>\n<td>Slov\u0101kija<\/td>\n<td>+40.7 (0)<\/td>\n<\/tr>\n<tr class=\"even\">\n<td>5.<\/td>\n<td>Ksenija Prihodjko<\/td>\n<td>Ukraina<\/td>\n<td>+51.8 (0)<\/td>\n<\/tr>\n<tr class=\"odd\">\n<td>6.<\/td>\n<td>Viktorija Hvostenko<\/td>\n<td>Ukraina<\/td>\n<td>+52.3 (0)<\/td>\n<\/tr>\n<tr class=\"even\">\n<td>7.<\/td>\n<td>\u012ada \u0112riksone<\/td>\n<td>Zviedrija<\/td>\n<td>+1:02.2 (1)<\/td>\n<\/tr>\n<tr class=\"odd\">\n<td>8.<\/td>\n<td>Kretela Kaljum\u0113<\/td>\n<td>Igaunija<\/td>\n<td>+1:02.3 (1)<\/td>\n<\/tr>\n<tr class=\"even\">\n<td>9.<\/td>\n<td>Alesija L\u0101gere<\/td>\n<td>\u0160veice<\/td>\n<td>+1:06.4 (1)<\/td>\n<\/tr>\n<tr class=\"odd\">\n<td>10.<\/td>\n<td>Valerie Kr\u0161\u012b\u017eova<\/td>\n<td>\u010cehija<\/td>\n<td>+1:10.1 (1)<\/td>\n<\/tr>\n<tr class=\"even\">\n<td>17.<\/td>\n<td>Elza Bleidele<\/td>\n<td>Latvija<\/td>\n<td>+1:39.3 (3)<\/td>\n<\/tr>\n<tr class=\"odd\">\n<td>49.<\/td>\n<td>Mart\u012bne Djatkovi\u010da<\/td>\n<td>Latvija<\/td>\n<td>+3:32.8 (2)<\/td>\n<\/tr>\n<tr class=\"even\">\n<td>63.<\/td>\n<td>Laura Alzi\u0146a<\/td>\n<td>Latvija<\/td>\n<td>+4:20.3 (2)<\/td>\n<\/tr>\n<tr class=\"odd\">\n<td\/>\n<td>Keita Kolna<\/td>\n<td>Latvija<\/td>\n<td>DNS<\/td>\n<\/tr>\n<p>Pieteiktas 90, start\u0113ja un fini\u0161\u0113ja 88 biatlonistes.<\/p>\n","protected":false},"excerpt":{"rendered":"Volfa bija p\u0101rliecino\u0161i \u0101tr\u0101k\u0101 sl\u0113pot\u0101ja, distances kopsumm\u0101 par 19.1 sekundi uz sl\u0113p\u0113m apsteidzot sprinta uzvar\u0113t\u0101ju Manku Casermani no&hellip;\n","protected":false},"author":2,"featured_media":112327,"comment_status":"","ping_status":"","sticky":false,"template":"","format":"standard","meta":{"footnotes":""},"categories":[17],"tags":[35,39,38,36,37,34,40,67,620],"class_list":{"0":"post-112326","1":"post","2":"type-post","3":"status-publish","4":"format-standard","5":"has-post-thumbnail","7":"category-sports","8":"tag-latvia","9":"tag-latvian","10":"tag-latviesu","11":"tag-latviesu-valoda","12":"tag-latviesuvaloda","13":"tag-latvija","14":"tag-lv","15":"tag-sports","16":"tag-ziemas-sports"},"share_on_mastodon":{"url":"https:\/\/pubeurope.com\/@lv\/115949725450419778","error":""},"_links":{"self":[{"href":"https:\/\/www.europesays.com\/lv\/wp-json\/wp\/v2\/posts\/112326","targetHints":{"allow":["GET"]}}],"collection":[{"href":"https:\/\/www.europesays.com\/lv\/wp-json\/wp\/v2\/posts"}],"about":[{"href":"https:\/\/www.europesays.com\/lv\/wp-json\/wp\/v2\/types\/post"}],"author":[{"embeddable":true,"href":"https:\/\/www.europesays.com\/lv\/wp-json\/wp\/v2\/users\/2"}],"replies":[{"embeddable":true,"href":"https:\/\/www.europesays.com\/lv\/wp-json\/wp\/v2\/comments?post=112326"}],"version-history":[{"count":0,"href":"https:\/\/www.europesays.com\/lv\/wp-json\/wp\/v2\/posts\/112326\/revisions"}],"wp:featuredmedia":[{"embeddable":true,"href":"https:\/\/www.europesays.com\/lv\/wp-json\/wp\/v2\/media\/112327"}],"wp:attachment":[{"href":"https:\/\/www.europesays.com\/lv\/wp-json\/wp\/v2\/media?parent=112326"}],"wp:term":[{"taxonomy":"category","embeddable":true,"href":"https:\/\/www.europesays.com\/lv\/wp-json\/wp\/v2\/categories?post=112326"},{"taxonomy":"post_tag","embeddable":true,"href":"https:\/\/www.europesays.com\/lv\/wp-json\/wp\/v2\/tags?post=112326"}],"curies":[{"name":"wp","href":"https:\/\/api.w.org\/{rel}","templated":true}]}}