{"id":112333,"date":"2026-01-24T11:06:13","date_gmt":"2026-01-24T11:06:13","guid":{"rendered":"https:\/\/www.europesays.com\/lv\/112333\/"},"modified":"2026-01-24T11:06:13","modified_gmt":"2026-01-24T11:06:13","slug":"polija-pazino-ka-nemaksas-miljardu-dolaru-par-dalibu-trampa-miera-padome","status":"publish","type":"post","link":"https:\/\/www.europesays.com\/lv\/112333\/","title":{"rendered":"Polija pazi\u0146o, ka nemaks\u0101s miljardu dol\u0101ru par dal\u012bbu Trampa Miera padom\u0113"},"content":{"rendered":"<p>&#8220;S\u0101ksim ar to, ka jebkuram starptautiskam l\u012bgumam ir nepiecie\u0161ams Ministru padomes l\u0113mums, un \u0161\u0101da l\u0113muma \u0161odien noteikti nav,&#8221; laikrakstam &#8220;Rzeczpospolita&#8221; sac\u012bja ministrs.<\/p>\n<p>&#8220;Otrk\u0101rt, m\u0113s run\u0101jam par \u013coti nopietn\u0101m juridisk\u0101m saist\u012bb\u0101m, kas ir detaliz\u0113ti j\u0101analiz\u0113. Un, atbildot tie\u0161i, bud\u017eet\u0101 tam noteikti nav miljarda dol\u0101ru. Ir daudz svar\u012bg\u0101ki uzdevumi, kas j\u0101finans\u0113, nek\u0101 dal\u012bba \u0161aj\u0101 padom\u0113,&#8221; kl\u0101st\u012bja Doma\u0146skis.<\/p>\n<p><a href=\"https:\/\/www.tvnet.lv\/term\/555430\/polija\" class=\"topicLink\" target=\"_blank\" rel=\"nofollow noopener\">Polija<\/a> pa\u0161laik saskaras ar daudziem izaicin\u0101jumiem, kas prasa atbild\u012bgu valsts l\u012bdzek\u013cu p\u0101rvald\u012bbu, nor\u0101d\u012bja ministrs.<\/p>\n<p>&#8220;\u0145emot v\u0113r\u0101 pieaugo\u0161\u0101s soci\u0101l\u0101s un ekonomisk\u0101s vajadz\u012bbas, t\u0113r\u0113t miljardu dol\u0101ru dal\u012bbai starptautisk\u0101 padom\u0113 nav attaisnojams,&#8221; rezum\u0113ja Doma\u0146skis.<\/p>\n<p>Ceturtdien Davos\u0101, \u0160veic\u0113, tika parakst\u012bti dokumenti, izveidojot Miera padomi Trampa vad\u012bb\u0101.<\/p>\n<p>Parakst\u012b\u0161anas ceremonij\u0101 piedal\u012bj\u0101s maz\u0101k nek\u0101 20 valstu p\u0101rst\u0101vji.<\/p>\n<p>P\u0101rst\u0101v\u0113tas bija ar\u012b divas Eiropas Savien\u012bbas (ES) valstis &#8211; Bulg\u0101rija un Ung\u0101rija.<\/p>\n<p>Ukraina ar\u012b ir viena no valst\u012bm, kas aicin\u0101tas piedal\u012bties padomes darb\u0101.<\/p>\n<p>Ukrainas prezidents Volodimirs Zelenskis sac\u012bja, ka Kijiva var\u0113tu apsv\u0113rt dal\u012bbu organiz\u0101cij\u0101 tikai p\u0113c kara, jo uzaicin\u0101to vid\u016b ir ar\u012b Baltkrievija un Krievija.<\/p>\n","protected":false},"excerpt":{"rendered":"&#8220;S\u0101ksim ar to, ka jebkuram starptautiskam l\u012bgumam ir nepiecie\u0161ams Ministru padomes l\u0113mums, un \u0161\u0101da l\u0113muma \u0161odien noteikti nav,&#8221;&hellip;\n","protected":false},"author":2,"featured_media":112334,"comment_status":"","ping_status":"","sticky":false,"template":"","format":"standard","meta":{"footnotes":""},"categories":[14],"tags":[23,57,28,29,542,32,33,22,30,31,35,39,38,36,37,34,40,20,72,26,27,24,25,54,55,56,21,58],"class_list":{"0":"post-112333","1":"post","2":"type-post","3":"status-publish","4":"format-standard","5":"has-post-thumbnail","7":"category-zinas-no-arvalstim","8":"tag-aktualitates","9":"tag-arvalstim","10":"tag-breaking-news","11":"tag-breakingnews","12":"tag-donalds-tramps","13":"tag-featured-news","14":"tag-featurednews","15":"tag-headlines","16":"tag-latest-news","17":"tag-latestnews","18":"tag-latvia","19":"tag-latvian","20":"tag-latviesu","21":"tag-latviesu-valoda","22":"tag-latviesuvaloda","23":"tag-latvija","24":"tag-lv","25":"tag-news","26":"tag-polija","27":"tag-popularakas-zinas","28":"tag-popularakaszinas","29":"tag-top-stories","30":"tag-topstories","31":"tag-world","32":"tag-world-news","33":"tag-worldnews","34":"tag-zinas","35":"tag-zinas-no-arvalstim"},"share_on_mastodon":{"url":"https:\/\/pubeurope.com\/@lv\/115949756907976310","error":""},"_links":{"self":[{"href":"https:\/\/www.europesays.com\/lv\/wp-json\/wp\/v2\/posts\/112333","targetHints":{"allow":["GET"]}}],"collection":[{"href":"https:\/\/www.europesays.com\/lv\/wp-json\/wp\/v2\/posts"}],"about":[{"href":"https:\/\/www.europesays.com\/lv\/wp-json\/wp\/v2\/types\/post"}],"author":[{"embeddable":true,"href":"https:\/\/www.europesays.com\/lv\/wp-json\/wp\/v2\/users\/2"}],"replies":[{"embeddable":true,"href":"https:\/\/www.europesays.com\/lv\/wp-json\/wp\/v2\/comments?post=112333"}],"version-history":[{"count":0,"href":"https:\/\/www.europesays.com\/lv\/wp-json\/wp\/v2\/posts\/112333\/revisions"}],"wp:featuredmedia":[{"embeddable":true,"href":"https:\/\/www.europesays.com\/lv\/wp-json\/wp\/v2\/media\/112334"}],"wp:attachment":[{"href":"https:\/\/www.europesays.com\/lv\/wp-json\/wp\/v2\/media?parent=112333"}],"wp:term":[{"taxonomy":"category","embeddable":true,"href":"https:\/\/www.europesays.com\/lv\/wp-json\/wp\/v2\/categories?post=112333"},{"taxonomy":"post_tag","embeddable":true,"href":"https:\/\/www.europesays.com\/lv\/wp-json\/wp\/v2\/tags?post=112333"}],"curies":[{"name":"wp","href":"https:\/\/api.w.org\/{rel}","templated":true}]}}