{"id":112344,"date":"2026-01-24T11:19:10","date_gmt":"2026-01-24T11:19:10","guid":{"rendered":"https:\/\/www.europesays.com\/lv\/112344\/"},"modified":"2026-01-24T11:19:10","modified_gmt":"2026-01-24T11:19:10","slug":"vac-parakstus-par-atteiksanos-no-saeimas-autobazes","status":"publish","type":"post","link":"https:\/\/www.europesays.com\/lv\/112344\/","title":{"rendered":"V\u0101c parakstus par atteik\u0161anos no Saeimas autob\u0101zes"},"content":{"rendered":"<p>&#8220;\u0160\u0101da automa\u0161\u012bnu izmanto\u0161anas k\u0101rt\u012bba rada risku, ka dienesta transports tiek uztverts k\u0101 amata privil\u0113\u0123ija, nevis k\u0101 konkr\u0113tam uzdevumam noz\u012bm\u0113ts darba un dro\u0161\u012bbas instruments,&#8221; pau\u017e iniciat\u012bvas p\u0101rst\u0101vis, piebilstot, ka kopum\u0101 Saeimas vald\u012bjum\u0101 ir ap 70 transporta vien\u012bbu. Vi\u0146a ieskat\u0101, no publisko izmaksu un sabiedr\u012bbas uztic\u012bbas viedok\u013ca tas neesot nedz sam\u0113r\u012bgi, nedz atbilsto\u0161i visp\u0101rpie\u0146emtai demokr\u0101tisko valstu parlamentu praksei.<\/p>\n<p>&#8220;Lai nov\u0113rstu publisko resursu nelietder\u012bgu izmanto\u0161anu un izsl\u0113gtu jebk\u0101das iesp\u0113jam\u0101s korupcijas izpausmes &#8211; dienesta st\u0101vok\u013ca \u013caunpr\u0101t\u012bgu izmanto\u0161anu nepien\u0101ko\u0161u priek\u0161roc\u012bbu un labumu g\u016b\u0161anai &#8211; nepiecie\u0161ams reorganiz\u0113t Saeimas autob\u0101zi k\u0101 parlamenta autoparka tur\u0113t\u0101ju, nododot t\u0101s kustamo un nekustamo mantu k\u0101dai no valsts dro\u0161\u012bbas iest\u0101d\u0113m,&#8221; pausts iniciat\u012bv\u0101.<\/p>\n<p>T\u0101d\u0113j\u0101di, Vizi\u0146a ieskat\u0101, tiktu stiprin\u0101ta to amatpersonu dro\u0161\u012bbas kapacit\u0101te, kur\u0101m t\u0101 esot objekt\u012bvi nepiecie\u0161ama darba pien\u0101kumu izpildei, piem\u0113ram, policijas izmekl\u0113t\u0101jiem, prokuroriem un tiesne\u0161iem, kas izmekl\u0113 vai izskata ar paaugstin\u0101tu risku saist\u012btus smagus noziegumus.<\/p>\n<p>Ieceres iesniedz\u0113js atz\u012bm\u0113, ka Saeim\u0101 p\u0101rst\u0101v\u0113t\u0101s politisk\u0101s partijas ir &#8220;d\u0101sni l\u012bdzfinans\u0113tas no valsts bud\u017eeta, kas neliedz t\u0101m izmantot transporta pakalpojumus nepiecie\u0161amaj\u0101 apjom\u0101&#8221;.<\/p>\n","protected":false},"excerpt":{"rendered":"&#8220;\u0160\u0101da automa\u0161\u012bnu izmanto\u0161anas k\u0101rt\u012bba rada risku, ka dienesta transports tiek uztverts k\u0101 amata privil\u0113\u0123ija, nevis k\u0101 konkr\u0113tam uzdevumam&hellip;\n","protected":false},"author":2,"featured_media":111158,"comment_status":"","ping_status":"","sticky":false,"template":"","format":"standard","meta":{"footnotes":""},"categories":[12],"tags":[23,3303,1494,28,29,32,33,22,30,31,35,39,38,36,37,34,40,20,26,27,141,24,25,21],"class_list":{"0":"post-112344","1":"post","2":"type-post","3":"status-publish","4":"format-standard","5":"has-post-thumbnail","7":"category-latvija","8":"tag-aktualitates","9":"tag-automasina","10":"tag-automasinas","11":"tag-breaking-news","12":"tag-breakingnews","13":"tag-featured-news","14":"tag-featurednews","15":"tag-headlines","16":"tag-latest-news","17":"tag-latestnews","18":"tag-latvia","19":"tag-latvian","20":"tag-latviesu","21":"tag-latviesu-valoda","22":"tag-latviesuvaloda","23":"tag-latvija","24":"tag-lv","25":"tag-news","26":"tag-popularakas-zinas","27":"tag-popularakaszinas","28":"tag-saeima","29":"tag-top-stories","30":"tag-topstories","31":"tag-zinas"},"share_on_mastodon":{"url":"https:\/\/pubeurope.com\/@lv\/115949808133188659","error":""},"_links":{"self":[{"href":"https:\/\/www.europesays.com\/lv\/wp-json\/wp\/v2\/posts\/112344","targetHints":{"allow":["GET"]}}],"collection":[{"href":"https:\/\/www.europesays.com\/lv\/wp-json\/wp\/v2\/posts"}],"about":[{"href":"https:\/\/www.europesays.com\/lv\/wp-json\/wp\/v2\/types\/post"}],"author":[{"embeddable":true,"href":"https:\/\/www.europesays.com\/lv\/wp-json\/wp\/v2\/users\/2"}],"replies":[{"embeddable":true,"href":"https:\/\/www.europesays.com\/lv\/wp-json\/wp\/v2\/comments?post=112344"}],"version-history":[{"count":0,"href":"https:\/\/www.europesays.com\/lv\/wp-json\/wp\/v2\/posts\/112344\/revisions"}],"wp:featuredmedia":[{"embeddable":true,"href":"https:\/\/www.europesays.com\/lv\/wp-json\/wp\/v2\/media\/111158"}],"wp:attachment":[{"href":"https:\/\/www.europesays.com\/lv\/wp-json\/wp\/v2\/media?parent=112344"}],"wp:term":[{"taxonomy":"category","embeddable":true,"href":"https:\/\/www.europesays.com\/lv\/wp-json\/wp\/v2\/categories?post=112344"},{"taxonomy":"post_tag","embeddable":true,"href":"https:\/\/www.europesays.com\/lv\/wp-json\/wp\/v2\/tags?post=112344"}],"curies":[{"name":"wp","href":"https:\/\/api.w.org\/{rel}","templated":true}]}}