{"id":112345,"date":"2026-01-24T11:20:06","date_gmt":"2026-01-24T11:20:06","guid":{"rendered":"https:\/\/www.europesays.com\/lv\/112345\/"},"modified":"2026-01-24T11:20:06","modified_gmt":"2026-01-24T11:20:06","slug":"brazilijas-prezidents-lula-apsudz-trampu-meginajuma-izveidot-jaunu-ano","status":"publish","type":"post","link":"https:\/\/www.europesays.com\/lv\/112345\/","title":{"rendered":"Braz\u012blijas prezidents Lula aps\u016bdz Trampu m\u0113\u0123in\u0101jum\u0101 izveidot &#8220;jaunu ANO&#8221;"},"content":{"rendered":"<p>Kreisais politi\u0137is Lula ir pievienojies tiem pasaules valstu l\u012bderiem, kas izvair\u0101s pievienoties Trampa ceturtdien Davos\u0101 izveidotajai Miera padomei. Past\u0101v\u012bga vieta jaunaj\u0101 glob\u0101lo konfliktu risin\u0101\u0161anas organiz\u0101cij\u0101, kuras priek\u0161s\u0113d\u0113t\u0101js ir pats Tramps, maks\u0101 vienu miljardu <a href=\"https:\/\/www.apollo.lv\/term\/555410\/asv\" class=\"topicLink\" target=\"_blank\" rel=\"nofollow noopener\">ASV<\/a> dol\u0101ru.<\/p>\n<p><a href=\"https:\/\/www.apollo.lv\/term\/555576\/ano\" class=\"topicLink\" target=\"_blank\" rel=\"nofollow noopener\">ANO<\/a> &#8220;salabo\u0161anas viet\u0101&#8221; &#8220;kas notiek? Prezidents Tramps ierosina rad\u012bt jaunu ANO, kur vien\u012bgi vi\u0146\u0161 ir \u012bpa\u0161nieks,&#8221; sac\u012bja Lula.<\/p>\n<p>Braz\u012blijas prezidents pauda atbalstu multilater\u0101lismam, nevis &#8220;d\u017eung\u013cu likumam&#8221; glob\u0101laj\u0101s liet\u0101s.<\/p>\n<p>Lulam ceturtdien bija telefonsaruna ar \u0136\u012bnas prezidentu Sji Dzji\u0146pinu, kur\u0161 aicin\u0101ja savu kol\u0113\u0123i nodro\u0161in\u0101t ANO &#8220;centr\u0101lo lomu&#8221; starptautiskaj\u0101s liet\u0101s.<\/p>\n<p>Lula savos izteikumos piektdien sac\u012bja, ka &#8220;ANO harta tiek sapl\u0113sta&#8221;.<\/p>\n<p>Tramps s\u0101kotn\u0113ji iecer\u0113ja \u0161o padomi k\u0101 strukt\u016bru, kas p\u0101rraudz\u012btu Gazas joslas atjauno\u0161anu. Kop\u0161 t\u0101 laika vi\u0146\u0161 ir ierosin\u0101jis, ka \u0161o strukt\u016bru var\u0113tu papla\u0161in\u0101t, lai t\u0101 var\u0113tu risin\u0101t konfliktus un kr\u012bzes vis\u0101 pasaul\u0113, un, kad vi\u0146am tre\u0161dien Davos\u0101 jaut\u0101ja, vai t\u0101 var\u0113tu aizst\u0101t ANO, vi\u0146\u0161 atbild\u0113ja apstiprino\u0161i. Diplom\u0101ti, kas iepazinu\u0161ies ar padomes stat\u016btiem, zi\u0146u a\u0123ent\u016brai DPA nor\u0101d\u012bja, ka t\u0101 ir nesl\u0113pts izaicin\u0101jums ANO.<\/p>\n","protected":false},"excerpt":{"rendered":"Kreisais politi\u0137is Lula ir pievienojies tiem pasaules valstu l\u012bderiem, kas izvair\u0101s pievienoties Trampa ceturtdien Davos\u0101 izveidotajai Miera padomei.&hellip;\n","protected":false},"author":2,"featured_media":112346,"comment_status":"","ping_status":"","sticky":false,"template":"","format":"standard","meta":{"footnotes":""},"categories":[5],"tags":[23,341,292,28,29,542,32,33,22,30,31,35,39,38,36,37,34,40,20,26,27,24,25,21],"class_list":{"0":"post-112345","1":"post","2":"type-post","3":"status-publish","4":"format-standard","5":"has-post-thumbnail","7":"category-aktualitates","8":"tag-aktualitates","9":"tag-ano","10":"tag-asv","11":"tag-breaking-news","12":"tag-breakingnews","13":"tag-donalds-tramps","14":"tag-featured-news","15":"tag-featurednews","16":"tag-headlines","17":"tag-latest-news","18":"tag-latestnews","19":"tag-latvia","20":"tag-latvian","21":"tag-latviesu","22":"tag-latviesu-valoda","23":"tag-latviesuvaloda","24":"tag-latvija","25":"tag-lv","26":"tag-news","27":"tag-popularakas-zinas","28":"tag-popularakaszinas","29":"tag-top-stories","30":"tag-topstories","31":"tag-zinas"},"share_on_mastodon":{"url":"https:\/\/pubeurope.com\/@lv\/115949811985708224","error":""},"_links":{"self":[{"href":"https:\/\/www.europesays.com\/lv\/wp-json\/wp\/v2\/posts\/112345","targetHints":{"allow":["GET"]}}],"collection":[{"href":"https:\/\/www.europesays.com\/lv\/wp-json\/wp\/v2\/posts"}],"about":[{"href":"https:\/\/www.europesays.com\/lv\/wp-json\/wp\/v2\/types\/post"}],"author":[{"embeddable":true,"href":"https:\/\/www.europesays.com\/lv\/wp-json\/wp\/v2\/users\/2"}],"replies":[{"embeddable":true,"href":"https:\/\/www.europesays.com\/lv\/wp-json\/wp\/v2\/comments?post=112345"}],"version-history":[{"count":0,"href":"https:\/\/www.europesays.com\/lv\/wp-json\/wp\/v2\/posts\/112345\/revisions"}],"wp:featuredmedia":[{"embeddable":true,"href":"https:\/\/www.europesays.com\/lv\/wp-json\/wp\/v2\/media\/112346"}],"wp:attachment":[{"href":"https:\/\/www.europesays.com\/lv\/wp-json\/wp\/v2\/media?parent=112345"}],"wp:term":[{"taxonomy":"category","embeddable":true,"href":"https:\/\/www.europesays.com\/lv\/wp-json\/wp\/v2\/categories?post=112345"},{"taxonomy":"post_tag","embeddable":true,"href":"https:\/\/www.europesays.com\/lv\/wp-json\/wp\/v2\/tags?post=112345"}],"curies":[{"name":"wp","href":"https:\/\/api.w.org\/{rel}","templated":true}]}}