{"id":112349,"date":"2026-01-24T11:32:08","date_gmt":"2026-01-24T11:32:08","guid":{"rendered":"https:\/\/www.europesays.com\/lv\/112349\/"},"modified":"2026-01-24T11:32:08","modified_gmt":"2026-01-24T11:32:08","slug":"pec-trampa-apgalvojumiem-amatpersonas-atgadina-par-kritusajiem-latviesu-karaviriem-afganistana","status":"publish","type":"post","link":"https:\/\/www.europesays.com\/lv\/112349\/","title":{"rendered":"P\u0113c Trampa apgalvojumiem amatpersonas atg\u0101dina par kritu\u0161ajiem latvie\u0161u karav\u012briem Afganist\u0101n\u0101"},"content":{"rendered":"<p>K\u0101 sac\u012bja Kinoks, vi\u0146\u0161 sagaida, ka Lielbrit\u0101nijas premjerministrs K\u012brs St\u0101rmers \u0161o jaut\u0101jumu izvirz\u012bs sarun\u0101 ar Trampu.<\/p>\n<p>&#8220;[St\u0101rmers], es esmu p\u0101rliecin\u0101ts, \u0161o jaut\u0101jumu izvirz\u012bs sarun\u0101 ar [ASV] prezidentu. Vi\u0146\u0161 ir \u0101rk\u0101rt\u012bgi lepns par m\u016bsu bru\u0146otajiem sp\u0113kiem, un vi\u0146\u0161 to skaidri pateiks prezidentam,&#8221; ministrs sac\u012bja radio LBC.<\/p>\n<p>Trampa koment\u0101ri bija &#8220;piln\u012bgi aplami&#8221; un &#8220;dzi\u013ci sar\u016bgtino\u0161i&#8221;, Kinoks nor\u0101d\u012bja raidsabiedr\u012bbai &#8220;Sky News&#8221;.<\/p>\n<p>&#8220;Tas, ko vi\u0146\u0161 teica, nav \u012bsti pareizi, jo paties\u012bb\u0101 vien\u012bg\u0101 reize, kad tika izmantots [NATO] 5. pants, bija p\u0113c 11. septembra notikumiem, lai sniegtu pal\u012bdz\u012bbu Savienotaj\u0101m Valst\u012bm,&#8221; sac\u012bja ministrs.<\/p>\n<p>&#8220;Un daudzi, daudzi britu karav\u012bri un daudzi citu Eiropas NATO sabiedroto karav\u012bri atdeva savas dz\u012bv\u012bbas, atbalstot amerik\u0101\u0146u misijas, amerik\u0101\u0146u vad\u012bt\u0101s misijas t\u0101d\u0101s viet\u0101s k\u0101 <a href=\"https:\/\/www.tvnet.lv\/term\/555969\/afganistana\" class=\"topicLink\" target=\"_blank\" rel=\"nofollow noopener\">Afganist\u0101na<\/a> un Ir\u0101ka,&#8221; vi\u0146\u0161 piebilda.<\/p>\n<p>L\u016bsija Aldrid\u017ea, kuras d\u0113ls Viljams 18 gadu vecum\u0101 g\u0101ja boj\u0101 Afganist\u0101n\u0101, laikrakstam &#8220;Daily Mirror&#8221; atzina, ka Trampa izteikumi ir &#8220;\u0101rk\u0101rt\u012bgi sar\u016bgtino\u0161i&#8221;.<\/p>\n<p>Trampa apgalvojumi ir &#8220;kas daudz vair\u0101k nek\u0101 k\u013c\u016bda&#8221;, sac\u012bja parlamenta \u0100rlietu komitejas priek\u0161s\u0113d\u0113t\u0101ja Em\u012blija Tornberija.<\/p>\n<p>&#8220;Tas ir smags apvainojums. Tas ir apvainojums 457 \u0123imen\u0113m, kas Afganist\u0101n\u0101 k\u0101du zaud\u0113ja. K\u0101 vi\u0146\u0161 uzdr\u012bkstas teikt, ka m\u0113s nebij\u0101m frontes l\u012bnij\u0101,&#8221; leiboristu partijas politi\u0137e sac\u012bja BBC raid\u012bjum\u0101 &#8220;Question Time&#8221;.<\/p>\n","protected":false},"excerpt":{"rendered":"K\u0101 sac\u012bja Kinoks, vi\u0146\u0161 sagaida, ka Lielbrit\u0101nijas premjerministrs K\u012brs St\u0101rmers \u0161o jaut\u0101jumu izvirz\u012bs sarun\u0101 ar Trampu. &#8220;[St\u0101rmers], es&hellip;\n","protected":false},"author":2,"featured_media":112350,"comment_status":"","ping_status":"","sticky":false,"template":"","format":"standard","meta":{"footnotes":""},"categories":[5],"tags":[872,23,463,28,29,32,33,22,30,31,35,39,38,36,37,34,40,71,20,26,27,24,25,21],"class_list":{"0":"post-112349","1":"post","2":"type-post","3":"status-publish","4":"format-standard","5":"has-post-thumbnail","7":"category-aktualitates","8":"tag-afganistana","9":"tag-aktualitates","10":"tag-armija","11":"tag-breaking-news","12":"tag-breakingnews","13":"tag-featured-news","14":"tag-featurednews","15":"tag-headlines","16":"tag-latest-news","17":"tag-latestnews","18":"tag-latvia","19":"tag-latvian","20":"tag-latviesu","21":"tag-latviesu-valoda","22":"tag-latviesuvaloda","23":"tag-latvija","24":"tag-lv","25":"tag-nato","26":"tag-news","27":"tag-popularakas-zinas","28":"tag-popularakaszinas","29":"tag-top-stories","30":"tag-topstories","31":"tag-zinas"},"share_on_mastodon":{"url":"https:\/\/pubeurope.com\/@lv\/115949859176116805","error":""},"_links":{"self":[{"href":"https:\/\/www.europesays.com\/lv\/wp-json\/wp\/v2\/posts\/112349","targetHints":{"allow":["GET"]}}],"collection":[{"href":"https:\/\/www.europesays.com\/lv\/wp-json\/wp\/v2\/posts"}],"about":[{"href":"https:\/\/www.europesays.com\/lv\/wp-json\/wp\/v2\/types\/post"}],"author":[{"embeddable":true,"href":"https:\/\/www.europesays.com\/lv\/wp-json\/wp\/v2\/users\/2"}],"replies":[{"embeddable":true,"href":"https:\/\/www.europesays.com\/lv\/wp-json\/wp\/v2\/comments?post=112349"}],"version-history":[{"count":0,"href":"https:\/\/www.europesays.com\/lv\/wp-json\/wp\/v2\/posts\/112349\/revisions"}],"wp:featuredmedia":[{"embeddable":true,"href":"https:\/\/www.europesays.com\/lv\/wp-json\/wp\/v2\/media\/112350"}],"wp:attachment":[{"href":"https:\/\/www.europesays.com\/lv\/wp-json\/wp\/v2\/media?parent=112349"}],"wp:term":[{"taxonomy":"category","embeddable":true,"href":"https:\/\/www.europesays.com\/lv\/wp-json\/wp\/v2\/categories?post=112349"},{"taxonomy":"post_tag","embeddable":true,"href":"https:\/\/www.europesays.com\/lv\/wp-json\/wp\/v2\/tags?post=112349"}],"curies":[{"name":"wp","href":"https:\/\/api.w.org\/{rel}","templated":true}]}}