{"id":112389,"date":"2026-01-24T12:35:00","date_gmt":"2026-01-24T12:35:00","guid":{"rendered":"https:\/\/www.europesays.com\/lv\/112389\/"},"modified":"2026-01-24T12:35:00","modified_gmt":"2026-01-24T12:35:00","slug":"birkentalam-jauns-karjeras-rekords-pasaules-kausa","status":"publish","type":"post","link":"https:\/\/www.europesays.com\/lv\/112389\/","title":{"rendered":"Birkent\u0101lam jauns karjeras rekords Pasaules kaus\u0101"},"content":{"rendered":"<p>Pirmo tr\u012bs vietu ieguv\u0113ji ugunsl\u012bnij\u0101s aizv\u0113ra visus m\u0113r\u0137us, un uzvaru izc\u012bn\u012bja franc\u016bzis \u0112riks Pero, kur\u0161 sasniedza fini\u0161u p\u0113c 36 min\u016bt\u0113m un 30,6 sekund\u0113m. Otraj\u0101 viet\u0101, atpaliekot 41,8 sekundes, vi\u0146am sekoja tautieti Emilj\u0113ns \u017dakel\u0113ns, bet it\u0101lis Lukass Hofers zaud\u0113ja 54,1 sekundes un nosl\u0113dza lab\u0101ko trijnieku.<\/p>\n<p>Birkent\u0101ls pirmaj\u0101s div\u0101s ugunsl\u012bnij\u0101s k\u013c\u016bd\u012bj\u0101s pa vienai reizei, bet n\u0101kamaj\u0101s div\u0101s aizv\u0113ra visus m\u0113r\u0137us un fini\u0161\u0101 piek\u0101p\u0101s uzvar\u0113t\u0101jam divas min\u016btes un 31,9 sekundes. Ie\u0146emot dev\u012bto vietu, vi\u0146\u0161 sasniedza savu karjeras lab\u0101ko rezult\u0101tu l\u012bdz \u0161im.<\/p>\n<p>Mise pirmaj\u0101 \u0161au\u0161an\u0101 gu\u013cus pie\u013c\u0101va vienu k\u013c\u016bdu, \u0161au\u0161an\u0101 st\u0101vus neaizv\u0113ra tr\u012bs m\u0113r\u0137us un n\u0101kamaj\u0101s div\u0101s ugunsl\u012bnij\u0101s k\u013c\u016bd\u012bj\u0101s v\u0113l vienu un divas reizes, fini\u0161\u0101 zaud\u0113jot uzvar\u0113t\u0101jam septi\u0146as min\u016btes un 47,6 sekundes.<\/p>\n<p>Savuk\u0101rt Patrijuks pirmaj\u0101 \u0161au\u0161an\u0101 k\u013c\u016bd\u012bj\u0101s vienu reizi un otraj\u0101 pie\u013c\u0101va \u010detras k\u013c\u016bdas. Turpin\u0101jum\u0101 vi\u0146\u0161 otraj\u0101 \u0161au\u0161an\u0101 gu\u013cus neaizv\u0113ra v\u0113l tr\u012bs m\u0113r\u0137us un nosl\u0113dzo\u0161aj\u0101 ugunsl\u012bnij\u0101 st\u0101vus \u0161\u0101va gar\u0101m divas reizes, fini\u0161\u0101 atpaliekot no Pero par 11 min\u016bt\u0113m un 8,5 sekund\u0113m.<\/p>\n<p><a href=\"https:\/\/sports.tvnet.lv\/term\/556117\/andrejs-rastorgujevs\" class=\"topicLink\" target=\"_blank\" rel=\"nofollow noopener\">Andrejs Rastorgujevs<\/a> \u0161aj\u0101 posm\u0101 nestart\u0113, lai gatavotos Mil\u0101nas un Kort\u012bnas olimpiskaj\u0101m sp\u0113l\u0113m.<\/p>\n<p>Pasaules kausa sestais posms piektdien turpin\u0101sies ar 12,5 kilometru sa\u012bsin\u0101to distanci sieviet\u0113m, sestdien paredz\u0113tas jaukto p\u0101ru un jaukto komandu stafetes, bet sv\u0113tdien tiks aizvad\u012btas sacens\u012bbas ar kop\u0113ju startu.<\/p>\n<p>Pasaules kausa sacens\u012bb\u0101s \u0161osezon ir devi\u0146i posmi. P\u0113c posma Nove Mesto no 8. l\u012bdz 21. febru\u0101rim biatlonisti start\u0113s olimpiskaj\u0101s sp\u0113l\u0113s It\u0101lij\u0101, bet mart\u0101 notiks v\u0113l tr\u012bs Pasaules kausa posmi Kontiolahti, Otep\u0113 un Holmenkollen\u0101.<\/p>\n<p>Olimpiskaj\u0101s sp\u0113l\u0113s start\u0113s Baiba Bendika, Estere Volfa, Sanita Buli\u0146a, Annija Keita Sabule, Andrejs Rastorgujevs, <a href=\"https:\/\/sports.tvnet.lv\/term\/737882\/renars-birkentals\" class=\"topicLink\" target=\"_blank\" rel=\"nofollow noopener\">Ren\u0101rs Birkent\u0101ls<\/a>, Rihards Lozbers un <a href=\"https:\/\/sports.tvnet.lv\/term\/821955\/edgars-mise\" class=\"topicLink\" target=\"_blank\" rel=\"nofollow noopener\">Edgars Mise<\/a>.<\/p>\n","protected":false},"excerpt":{"rendered":"Pirmo tr\u012bs vietu ieguv\u0113ji ugunsl\u012bnij\u0101s aizv\u0113ra visus m\u0113r\u0137us, un uzvaru izc\u012bn\u012bja franc\u016bzis \u0112riks Pero, kur\u0161 sasniedza fini\u0161u p\u0113c&hellip;\n","protected":false},"author":2,"featured_media":112390,"comment_status":"","ping_status":"","sticky":false,"template":"","format":"standard","meta":{"footnotes":""},"categories":[17],"tags":[16009,1498,1499,16010,35,39,38,36,37,34,40,16008,67],"class_list":{"0":"post-112389","1":"post","2":"type-post","3":"status-publish","4":"format-standard","5":"has-post-thumbnail","7":"category-sports","8":"tag-aleksandrs-patrijuks","9":"tag-andrejs-rastorgujevs","10":"tag-biatlons","11":"tag-edgars-mise","12":"tag-latvia","13":"tag-latvian","14":"tag-latviesu","15":"tag-latviesu-valoda","16":"tag-latviesuvaloda","17":"tag-latvija","18":"tag-lv","19":"tag-renars-birkentals","20":"tag-sports"},"share_on_mastodon":{"url":"https:\/\/pubeurope.com\/@lv\/115950106845482108","error":""},"_links":{"self":[{"href":"https:\/\/www.europesays.com\/lv\/wp-json\/wp\/v2\/posts\/112389","targetHints":{"allow":["GET"]}}],"collection":[{"href":"https:\/\/www.europesays.com\/lv\/wp-json\/wp\/v2\/posts"}],"about":[{"href":"https:\/\/www.europesays.com\/lv\/wp-json\/wp\/v2\/types\/post"}],"author":[{"embeddable":true,"href":"https:\/\/www.europesays.com\/lv\/wp-json\/wp\/v2\/users\/2"}],"replies":[{"embeddable":true,"href":"https:\/\/www.europesays.com\/lv\/wp-json\/wp\/v2\/comments?post=112389"}],"version-history":[{"count":0,"href":"https:\/\/www.europesays.com\/lv\/wp-json\/wp\/v2\/posts\/112389\/revisions"}],"wp:featuredmedia":[{"embeddable":true,"href":"https:\/\/www.europesays.com\/lv\/wp-json\/wp\/v2\/media\/112390"}],"wp:attachment":[{"href":"https:\/\/www.europesays.com\/lv\/wp-json\/wp\/v2\/media?parent=112389"}],"wp:term":[{"taxonomy":"category","embeddable":true,"href":"https:\/\/www.europesays.com\/lv\/wp-json\/wp\/v2\/categories?post=112389"},{"taxonomy":"post_tag","embeddable":true,"href":"https:\/\/www.europesays.com\/lv\/wp-json\/wp\/v2\/tags?post=112389"}],"curies":[{"name":"wp","href":"https:\/\/api.w.org\/{rel}","templated":true}]}}