{"id":112391,"date":"2026-01-24T12:39:12","date_gmt":"2026-01-24T12:39:12","guid":{"rendered":"https:\/\/www.europesays.com\/lv\/112391\/"},"modified":"2026-01-24T12:39:12","modified_gmt":"2026-01-24T12:39:12","slug":"saeimas-priekssedetaja-mierina-aicina-pieskirt-donaldam-trampam-nobela-miera-premiju-lente-lv","status":"publish","type":"post","link":"https:\/\/www.europesays.com\/lv\/112391\/","title":{"rendered":"Saeimas priek\u0161s\u0113d\u0113t\u0101ja Mieri\u0146a aicina pie\u0161\u0137irt Donaldam Trampam Nobela Miera pr\u0113miju\u00a0\u2014\u00a0Lente.lv"},"content":{"rendered":"<p>Saeimas priek\u0161s\u0113d\u0113t\u0101ja rosina apbalvot Trampu<\/p>\n<p>Saeimas priek\u0161s\u0113d\u0113t\u0101ja Daiga Mieri\u0146a (ZZS) ir parakst\u012bjusi v\u0113stuli Nobela pr\u0113mijas komitejai, ierosinot ASV prezidentam Donaldam Trampam pie\u0161\u0137irt 2025. gada Nobela Miera pr\u0113miju. K\u0101 zi\u0146o telekan\u0101ls TV3, \u0161\u012b iniciat\u012bva izrais\u012bjusi pla\u0161as diskusijas Latvijas politiskaj\u0101s aprind\u0101s. V\u0113stule ir da\u013ca no kop\u012bgas Izra\u0113las un ASV parlamentu vad\u012bt\u0101ju iniciat\u012bvas, un Mieri\u0146a to parakst\u012bjusi, atsaucoties uz daudzu valstu parlamentu vad\u012bt\u0101ju kop\u012bgu aicin\u0101jumu.<\/p>\n<p>Mieri\u0146as argumenti un motiv\u0101cija<\/p>\n<p>Saeimas sp\u012bkere skaidrojusi, ka v\u0113stules parakst\u012b\u0161ana bijusi t\u0101s iniciatoru, Izra\u0113las un ASV parlamentu vad\u012bt\u0101ju, aicin\u0101juma rezult\u0101ts. Vi\u0146a uzsv\u0113rusi, ka tas ir vi\u0146as person\u012bgais l\u0113mums, pie\u0146emot v\u0113r\u0101 Trampa ieguld\u012bjumu dro\u0161\u012bbas stiprin\u0101\u0161an\u0101 un starptautisko attiec\u012bbu veicin\u0101\u0161an\u0101. Tiek min\u0113ti t\u0101di sasniegumi k\u0101 \u0100brahama vieno\u0161an\u0101s un miera pl\u0101ni Tuvajos Austrumos, k\u0101 ar\u012b spriedzes mazin\u0101\u0161ana vair\u0101kos konfliktos. Mieri\u0146a ar\u012b paudusi cer\u012bbu, ka vi\u0146as paraksts var\u0113tu pal\u012bdz\u0113t deeskal\u0113t situ\u0101ciju attiec\u012bb\u0101 uz Donalda Trampa izteiktajiem nodomiem par Grenlandes ieg\u016b\u0161anu, uzskatot, ka runa ir par Arktikas dro\u0161\u012bbu.<\/p>\n<p>Prezidenta un vald\u012bbas reakcija<\/p>\n<p>Valsts prezidents Edgars Rink\u0113vi\u010ds ir paudis, ka respekt\u0113 Saeimas sp\u012bkieres Daigas Mieri\u0146as personisko nost\u0101ju \u0161aj\u0101 jaut\u0101jum\u0101. Vi\u0146\u0161 uzskata, ka \u0161is l\u0113mums nav pretrun\u0101 ar Latvijas vienoto \u0101rpolitiku, jo ASV ir Latvijas strat\u0113\u0123iskais partneris. Tom\u0113r Mieri\u0146as r\u012bc\u012bba nav piln\u012bb\u0101 saska\u0146ota ar premjerministri Eviku Sili\u0146u un koal\u012bcijas partneriem, kuri izteiku\u0161i savas \u0161aubas. \u0100rlietu ministre Baiba Bra\u017ee (JV) uz \u0161o soli raug\u0101s kritiski.<\/p>\n<p>Pla\u0161\u0101kas diskusijas un kritika<\/p>\n<p>ZZS valdes priek\u0161s\u0113d\u0113t\u0101js Armands Krauze apstiprin\u0101jis, ka ZZS piln\u012bb\u0101 atbalsta Mieri\u0146as iniciat\u012bvu, uzsverot, ka ASV ir Latvijas strat\u0113\u0123iskais partneris un partija atbalsta ASV prezidentu vi\u0146a centienos veicin\u0101t mieru pasaul\u0113. Tom\u0113r politiskie oponenti, piem\u0113ram, Edgars Tavars, ir nor\u0101d\u012bju\u0161i, ka koal\u012bcijas publisk\u0101 nesaska\u0146ot\u0101 izrun\u0101\u0161an\u0101s par \u0161o jaut\u0101jumu diskredit\u0113 Latviju un ir bezatbild\u012bga, pau\u017eot, ka \u0161\u0101di jaut\u0101jumi b\u016btu risin\u0101mi iek\u0161\u0113ji.<\/p>\n<p>Iepriek\u0161\u0113jie m\u0113\u0123in\u0101jumi un nomin\u0101cijas<\/p>\n<p>Daudzgad\u012bgie centieni un publisk\u0101s kampa\u0146as ap Donalda Trampa nomin\u0101ciju Nobela Miera pr\u0113mijai nav nek\u0101ds jaunums. Jau iepriek\u0161 izskan\u0113ju\u0161i apgalvojumi par Trampa l\u016bgumiem un lob\u0113\u0161anu, lai sa\u0146emtu \u0161o presti\u017eo apbalvojumu. Piem\u0113ram, vi\u0146\u0161 pats izteicies, ka, ja neuzvar\u0113s, tas b\u016b\u0161ot \u201cliels aizvainojums\u201d Amerikai. T\u0101pat biju\u0161i gad\u012bjumi, kad politi\u0137i un organiz\u0101cijas vi\u0146u ir nomin\u0113ju\u0161i, nor\u0101dot uz sasniegumiem, piem\u0113ram, Izra\u0113las un Ir\u0101nas pamiera veicin\u0101\u0161an\u0101, lai gan \u0161\u0101di centieni ir ar\u012b izpeln\u012bju\u0161ies kritiku. Interesanti, ka pag\u0101ju\u0161\u0101 gada Nobela Miera pr\u0113miju sa\u0146\u0113ma Venecu\u0113las opoz\u012bcijas l\u012bdere Marija Korina Ma\u010dado.<\/p>\n","protected":false},"excerpt":{"rendered":"Saeimas priek\u0161s\u0113d\u0113t\u0101ja rosina apbalvot Trampu Saeimas priek\u0161s\u0113d\u0113t\u0101ja Daiga Mieri\u0146a (ZZS) ir parakst\u012bjusi v\u0113stuli Nobela pr\u0113mijas komitejai, ierosinot ASV&hellip;\n","protected":false},"author":2,"featured_media":112392,"comment_status":"","ping_status":"","sticky":false,"template":"","format":"standard","meta":{"footnotes":""},"categories":[5],"tags":[23,5156,28,29,3524,542,32,33,22,30,31,35,39,38,36,37,34,16112,40,20,6080,26,27,24,25,21],"class_list":{"0":"post-112391","1":"post","2":"type-post","3":"status-publish","4":"format-standard","5":"has-post-thumbnail","7":"category-aktualitates","8":"tag-aktualitates","9":"tag-arpolitika","10":"tag-breaking-news","11":"tag-breakingnews","12":"tag-daiga-mierina","13":"tag-donalds-tramps","14":"tag-featured-news","15":"tag-featurednews","16":"tag-headlines","17":"tag-latest-news","18":"tag-latestnews","19":"tag-latvia","20":"tag-latvian","21":"tag-latviesu","22":"tag-latviesu-valoda","23":"tag-latviesuvaloda","24":"tag-latvija","25":"tag-latvijas-saeima","26":"tag-lv","27":"tag-news","28":"tag-nobela-miera-premija","29":"tag-popularakas-zinas","30":"tag-popularakaszinas","31":"tag-top-stories","32":"tag-topstories","33":"tag-zinas"},"share_on_mastodon":{"url":"https:\/\/pubeurope.com\/@lv\/115950122600144002","error":""},"_links":{"self":[{"href":"https:\/\/www.europesays.com\/lv\/wp-json\/wp\/v2\/posts\/112391","targetHints":{"allow":["GET"]}}],"collection":[{"href":"https:\/\/www.europesays.com\/lv\/wp-json\/wp\/v2\/posts"}],"about":[{"href":"https:\/\/www.europesays.com\/lv\/wp-json\/wp\/v2\/types\/post"}],"author":[{"embeddable":true,"href":"https:\/\/www.europesays.com\/lv\/wp-json\/wp\/v2\/users\/2"}],"replies":[{"embeddable":true,"href":"https:\/\/www.europesays.com\/lv\/wp-json\/wp\/v2\/comments?post=112391"}],"version-history":[{"count":0,"href":"https:\/\/www.europesays.com\/lv\/wp-json\/wp\/v2\/posts\/112391\/revisions"}],"wp:featuredmedia":[{"embeddable":true,"href":"https:\/\/www.europesays.com\/lv\/wp-json\/wp\/v2\/media\/112392"}],"wp:attachment":[{"href":"https:\/\/www.europesays.com\/lv\/wp-json\/wp\/v2\/media?parent=112391"}],"wp:term":[{"taxonomy":"category","embeddable":true,"href":"https:\/\/www.europesays.com\/lv\/wp-json\/wp\/v2\/categories?post=112391"},{"taxonomy":"post_tag","embeddable":true,"href":"https:\/\/www.europesays.com\/lv\/wp-json\/wp\/v2\/tags?post=112391"}],"curies":[{"name":"wp","href":"https:\/\/api.w.org\/{rel}","templated":true}]}}