{"id":112395,"date":"2026-01-24T12:43:13","date_gmt":"2026-01-24T12:43:13","guid":{"rendered":"https:\/\/www.europesays.com\/lv\/112395\/"},"modified":"2026-01-24T12:43:13","modified_gmt":"2026-01-24T12:43:13","slug":"grenlandes-jautajumi-risinami-nato-un-starptautisko-tiesibu-robezas-2","status":"publish","type":"post","link":"https:\/\/www.europesays.com\/lv\/112395\/","title":{"rendered":"Grenlandes jaut\u0101jumi risin\u0101mi NATO un starptautisko ties\u012bbu robe\u017e\u0101s"},"content":{"rendered":"<p>Grenlandes jaut\u0101jumi ir risin\u0101mi NATO un starptautisko ties\u012bbu robe\u017e\u0101s, uzsv\u0113ra Valsts prezidents Edgars Rink\u0113vi\u010ds, piektdien R\u012bgas pil\u012b tiekoties ar Latvijas \u0101rpolitikas \u012bsteno\u0161an\u0101 iesaist\u012btaj\u0101m valsts augst\u0101kaj\u0101m amatperson\u0101m.<\/p>\n<p>T\u0101pat Valsts prezidents, kur\u0161 \u0161oned\u0113\u013c apmekl\u0113ja Pasaules ekonomikas forumu Davos\u0101, rezum\u0113ja, ka Latvija atbalst\u012bs jebkuras NATO darb\u012bbas Arktikas re\u0123ion\u0101, par kur\u0101m vienosies sabiedrotie, stiprinot re\u0123iona dro\u0161\u012bbu.<\/p>\n<p>Rink\u0113vi\u010ds skaidroja, ka sarun\u0101s p\u0101rrun\u0101tas ASV un Eiropas transatlantisk\u0101s attiec\u012bbas, tostarp nesen\u0101s diskusijas par Grenlandi. Vi\u0146\u0161 nor\u0101d\u012bja, ka Latvija ir vienispr\u0101tis, ka gan D\u0101nija, gan ASV ir labi sabiedrotie, un pauda v\u0113lmi, lai visi jaut\u0101jumi tiktu risin\u0101ti tie\u0161\u0101 dialog\u0101 NATO.<\/p>\n<p>Rink\u0113vi\u010ds pozit\u012bvi v\u0113rt\u0113ja Davosas konferences laik\u0101 pan\u0101kto vieno\u0161anos Arktikas dro\u0161\u012bbas jaut\u0101jumus risin\u0101t NATO, D\u0101nijai un ASV sadarbojoties kole\u0123i\u0101li. Vi\u0146\u0161 akcent\u0113ja, ka izdevies izvair\u012bties no nopietn\u0101m un t\u0101lejo\u0161\u0101m domstarp\u012bb\u0101m, vienlaikus uzsverot, ka Grenlande ir neat\u0146emama D\u0101nijas da\u013ca un visi jaut\u0101jumi risin\u0101mi, iev\u0113rojot starptautisko ties\u012bbu principus.<\/p>\n<p>Valsts prezidents nor\u0101d\u012bja, ka Latvijas sadarb\u012bba ar ASV aizsardz\u012bbas un dro\u0161\u012bbas jom\u0101 ir \u013coti laba, un, neraugoties uz da\u017e\u0101du retoriku un diskusij\u0101m, Latvija turpin\u0101s str\u0101d\u0101t, lai Baltijas re\u0123ions veicin\u0101tu transatlantisko sadarb\u012bbu sare\u017e\u0123\u012btaj\u0101 starptautiskaj\u0101 situ\u0101cij\u0101.<\/p>\n<p>T\u0101pat Rink\u0113vi\u010ds atz\u012bm\u0113ja pozit\u012bvu virz\u012bbu re\u0123ion\u0101laj\u0101 sadarb\u012bb\u0101 Zieme\u013cbaltijas form\u0101t\u0101, kuram arvien vair\u0101k pievienojas Polija un V\u0101cija, uzsverot \u0161\u012bs sadarb\u012bbas noz\u012bmi dro\u0161\u012bbas stiprin\u0101\u0161an\u0101. Sarun\u0101s p\u0101rrun\u0101ts ar\u012b atbalsts Ukrainai, kas \u0161ogad paredz\u0113ts 0,25% apm\u0113r\u0101 no iek\u0161zemes kopprodukta.<\/p>\n<p>Valsts prezidents inform\u0113ja, ka Saeimas priek\u0161s\u0113d\u0113t\u0101ja Daiga Mieri\u0146a (ZZS) sniegusi p\u0101rskatu par savu neseno viz\u012bti Ukrain\u0101, k\u0101 ar\u012b p\u0101rrun\u0101ti jaut\u0101jumi par atbalstu Ukrainas rekonstrukcijai un Ukrainas iedz\u012bvot\u0101jiem Latvij\u0101 un \u0101rvalst\u012bs, tostarp saist\u012bb\u0101 ar ener\u0123\u0113tikas kr\u012bzi. Vi\u0146\u0161 min\u0113ja, ka Latvija veikusi iemaksu ener\u0123\u0113tikas atbalsta meh\u0101nism\u0101 un mekl\u0113 turpm\u0101kus pal\u012bdz\u012bbas veidus.<\/p>\n<p>Nosl\u0113gum\u0101 prezidents nor\u0101d\u012bja, ka sarun\u0101 apspriesti ar\u012b Eiropas Savien\u012bbas (ES) jaut\u0101jumi, tostarp sarunas par daudzgadu bud\u017eetu un Latvijas intere\u0161u koordin\u0113tu aizst\u0101v\u0113\u0161anu. Vi\u0146\u0161 uzsv\u0113ra vienpr\u0101t\u012bbu par tie\u0161maks\u0101jumu, lauksaimniec\u012bbas atbalsta un koh\u0113zijas politikas programmu nodal\u012b\u0161anu un taisn\u012bgu nosac\u012bjumu nodro\u0161in\u0101\u0161anu, k\u0101 ar\u012b akcent\u0113ja nepiecie\u0161am\u012bbu p\u0113c radik\u0101li stingr\u0101kas migr\u0101cijas politikas ES l\u012bmen\u012b.<\/p>\n<p>K\u0101 a\u0123ent\u016bru LETA inform\u0113ja prezidenta padomnieks M\u0101rti\u0146\u0161 Dr\u0113\u0123eris, tik\u0161an\u0101s laik\u0101 amatpersonas nosod\u012bja Krievijas uzbrukumus Ukrainai, tai skait\u0101 m\u0113\u0123inot izn\u012bcin\u0101t Ukrainas energoinfrastrukt\u016bru, radot milz\u012bgas cie\u0161anas iedz\u012bvot\u0101jiem.<\/p>\n<p>Amatpersonas bija vienispr\u0101tis, ka Krievija nav gatava mieram, t\u0101p\u0113c j\u0101turpina palielin\u0101t diplom\u0101tisko un ekonomisko spiedienu pret Krieviju, \u012bpa\u0161i caur sankcij\u0101m, k\u0101 ar\u012b j\u0101sniedz atbalsts Ukrainas ener\u0123\u0113tikas sektora notur\u012bbai un infrastrukt\u016bras iesp\u0113jami \u0101trai atjauno\u0161anai p\u0113c Krievijas m\u0113r\u0137tiec\u012bgiem uzbrukumiem.<\/p>\n<p>\u0100rpolitikas \u012bsteno\u0161an\u0101 iesaist\u012bt\u0101s amatpersonas apliecin\u0101ja vienotas \u0101rpolitikas \u012bsteno\u0161anas un savstarp\u0113j\u0101s koordin\u0101cijas noz\u012bmi, lai p\u0113c iesp\u0113jas efekt\u012bv\u0101k aizst\u0101v\u0113tu Latvijas intereses.<\/p>\n<p>San\u0101ksm\u0113 piedal\u012bj\u0101s Valsts prezidents, Saeimas priek\u0161s\u0113d\u0113t\u0101ja, \u0101rlietu ministre Baiba Bra\u017ee (JV), Saeimas \u0100rlietu komisijas priek\u0161s\u0113d\u0113t\u0101ja In\u0101ra M\u016brniece (NA) un Ministru prezidentes padomnieks \u0101rlietu jaut\u0101jumos Ivars Liepnieks, p\u0101rst\u0101vot Ministru prezidenti Eviku Sili\u0146u (JV), kura piektdien piedal\u0101s Eiropadomes \u0101rk\u0101rtas neform\u0101laj\u0101 san\u0101ksm\u0113.<\/p>\n<p>\u0100rpolitikas \u012bsteno\u0161an\u0101 iesaist\u012bto Latvijas valsts augst\u0101ko amatpersonu jeb t\u0101 saukt\u0101 &#8220;Liel\u0101 \u0101rpolitikas piecinieka&#8221; tik\u0161an\u0101s ir tradicion\u0101la Valsts prezidenta r\u012bkota koordin\u0101cijas san\u0101ksme vienotas un koordin\u0113tas \u0101rpolitikas nodro\u0161in\u0101\u0161anai.<\/p>\n","protected":false},"excerpt":{"rendered":"Grenlandes jaut\u0101jumi ir risin\u0101mi NATO un starptautisko ties\u012bbu robe\u017e\u0101s, uzsv\u0113ra Valsts prezidents Edgars Rink\u0113vi\u010ds, piektdien R\u012bgas pil\u012b tiekoties&hellip;\n","protected":false},"author":2,"featured_media":112396,"comment_status":"","ping_status":"","sticky":false,"template":"","format":"standard","meta":{"footnotes":""},"categories":[14],"tags":[23,57,28,29,47,32,33,22,381,64,30,31,35,39,38,36,37,34,40,20,385,26,27,172,382,384,383,24,25,54,55,56,21,58],"class_list":{"0":"post-112395","1":"post","2":"type-post","3":"status-publish","4":"format-standard","5":"has-post-thumbnail","7":"category-zinas-no-arvalstim","8":"tag-aktualitates","9":"tag-arvalstim","10":"tag-breaking-news","11":"tag-breakingnews","12":"tag-ekonomika","13":"tag-featured-news","14":"tag-featurednews","15":"tag-headlines","16":"tag-jaunumi","17":"tag-kultura","18":"tag-latest-news","19":"tag-latestnews","20":"tag-latvia","21":"tag-latvian","22":"tag-latviesu","23":"tag-latviesu-valoda","24":"tag-latviesuvaloda","25":"tag-latvija","26":"tag-lv","27":"tag-news","28":"tag-pieriga","29":"tag-popularakas-zinas","30":"tag-popularakaszinas","31":"tag-riga","32":"tag-sabiedriba","33":"tag-sludinajumi","34":"tag-sports-afisa","35":"tag-top-stories","36":"tag-topstories","37":"tag-world","38":"tag-world-news","39":"tag-worldnews","40":"tag-zinas","41":"tag-zinas-no-arvalstim"},"share_on_mastodon":{"url":"https:\/\/pubeurope.com\/@lv\/115950138346876393","error":""},"_links":{"self":[{"href":"https:\/\/www.europesays.com\/lv\/wp-json\/wp\/v2\/posts\/112395","targetHints":{"allow":["GET"]}}],"collection":[{"href":"https:\/\/www.europesays.com\/lv\/wp-json\/wp\/v2\/posts"}],"about":[{"href":"https:\/\/www.europesays.com\/lv\/wp-json\/wp\/v2\/types\/post"}],"author":[{"embeddable":true,"href":"https:\/\/www.europesays.com\/lv\/wp-json\/wp\/v2\/users\/2"}],"replies":[{"embeddable":true,"href":"https:\/\/www.europesays.com\/lv\/wp-json\/wp\/v2\/comments?post=112395"}],"version-history":[{"count":0,"href":"https:\/\/www.europesays.com\/lv\/wp-json\/wp\/v2\/posts\/112395\/revisions"}],"wp:featuredmedia":[{"embeddable":true,"href":"https:\/\/www.europesays.com\/lv\/wp-json\/wp\/v2\/media\/112396"}],"wp:attachment":[{"href":"https:\/\/www.europesays.com\/lv\/wp-json\/wp\/v2\/media?parent=112395"}],"wp:term":[{"taxonomy":"category","embeddable":true,"href":"https:\/\/www.europesays.com\/lv\/wp-json\/wp\/v2\/categories?post=112395"},{"taxonomy":"post_tag","embeddable":true,"href":"https:\/\/www.europesays.com\/lv\/wp-json\/wp\/v2\/tags?post=112395"}],"curies":[{"name":"wp","href":"https:\/\/api.w.org\/{rel}","templated":true}]}}