{"id":112428,"date":"2026-01-24T13:25:07","date_gmt":"2026-01-24T13:25:07","guid":{"rendered":"https:\/\/www.europesays.com\/lv\/112428\/"},"modified":"2026-01-24T13:25:07","modified_gmt":"2026-01-24T13:25:07","slug":"pentagons-sagaida-ka-asv-sabiedrotie-pasi-uznemsies-atbildibu-par-savu-aizsardzibu","status":"publish","type":"post","link":"https:\/\/www.europesays.com\/lv\/112428\/","title":{"rendered":"Pentagons sagaida, ka ASV sabiedrotie pa\u0161i uz\u0146emsies atbild\u012bbu par savu aizsardz\u012bbu"},"content":{"rendered":"<p>P\u0113d\u0113jo reizi Nacion\u0101l\u0101 aizsardz\u012bbas strat\u0113\u0123ija tika public\u0113ta 2022. gad\u0101 toreiz\u0113j\u0101 prezidenta D\u017eo Baidena laik\u0101, un taj\u0101 galven\u0101 uzman\u012bba tika piev\u0113rsta \u0136\u012bnai k\u0101 ASV galvenajai konkurentei.<\/p>\n<p>Jaunaj\u0101 strat\u0113\u0123ij\u0101 ASV nor\u0101da, ka sagaida atbalstu no partneriem Rietumu puslod\u0113 un vienlaikus br\u012bdina, ka ASV &#8220;akt\u012bvi un bezbail\u012bgi aizst\u0101v\u0113s Amerikas intereses vis\u0101 Rietumu puslod\u0113&#8221;. Dokument\u0101 \u012bpa\u0161i nor\u0101d\u012bts uz piek\u013cuvi Panamas kan\u0101lam un Grenlandei.<\/p>\n<p>Dokument\u0101 \u0136\u012bna, kuru Baidena administr\u0101cija uzskat\u012bja par galveno ASV pretinieci, nov\u0113rt\u0113ta k\u0101 stabils sp\u0113ks Indijas un Klus\u0101 oke\u0101na re\u0123ion\u0101, kuru tikai j\u0101attur no domin\u0113\u0161anas p\u0101r ASV vai t\u0101s sabiedrotajiem. Dokument\u0101 nor\u0101d\u012bts, ka &#8220;m\u0113r\u0137is nav domin\u0113t p\u0101r \u0136\u012bnu, k\u0101 ar\u012b nav m\u0113r\u0137is to no\u017e\u0146augt vai pazemot&#8221;.<\/p>\n<p>&#8220;Prezidents Tramps tiecas p\u0113c stabila miera, god\u012bgas tirdzniec\u012bbas un cie\u0146piln\u0101m attiec\u012bb\u0101m ar \u0136\u012bnu,&#8221; teikts dokument\u0101, kur\u0101 Taiv\u0101na visp\u0101r nav piemin\u0113ta. Saska\u0146\u0101 ar ASV likumiem t\u0101m ir pien\u0101kums sniegt Taiv\u0101nai milit\u0101ru atbalstu.<\/p>\n<p>Dokument\u0101 ar\u012b teikts, ka &#8220;Dienvidkoreja ir sp\u0113j\u012bga uz\u0146emties galveno atbild\u012bbu par Zieme\u013ckorejas attur\u0113\u0161anu ar kritisku, bet ierobe\u017eot\u0101ku ASV atbalstu&#8221;.<\/p>\n<p>Lai gan aizsardz\u012bbas strat\u0113\u0123ij\u0101 ir teikts, ka &#8220;Krievija p\u0101rskat\u0101m\u0101 n\u0101kotn\u0113 joproj\u0101m b\u016bs past\u0101v\u012bgs, bet kontrol\u0113jams drauds NATO austrumu dal\u012bbvalst\u012bm&#8221;, taj\u0101 apgalvots, ka NATO sabiedrotie ir daudz sp\u0113c\u012bg\u0101ki un ir sp\u0113j\u012bgi uz\u0146emties galveno atbild\u012bbu par Eiropas konvencion\u0101lo aizsardz\u012bbu.<\/p>\n<p>Strat\u0113\u0123ij\u0101 teikts, ka Pentagonam b\u016bs galven\u0101 loma NATO, pat ja ASV piel\u0101gos savu sp\u0113ku izvietojumu un aktivit\u0101tes Eirop\u0101 t\u0101, lai koncentr\u0113tos uz cit\u0101m priorit\u0101t\u0113m.<\/p>\n","protected":false},"excerpt":{"rendered":"P\u0113d\u0113jo reizi Nacion\u0101l\u0101 aizsardz\u012bbas strat\u0113\u0123ija tika public\u0113ta 2022. gad\u0101 toreiz\u0113j\u0101 prezidenta D\u017eo Baidena laik\u0101, un taj\u0101 galven\u0101 uzman\u012bba&hellip;\n","protected":false},"author":2,"featured_media":112429,"comment_status":"","ping_status":"","sticky":false,"template":"","format":"standard","meta":{"footnotes":""},"categories":[14],"tags":[23,57,292,28,29,334,32,33,22,30,31,35,39,38,36,37,34,40,20,26,27,24,25,54,55,56,21,58],"class_list":{"0":"post-112428","1":"post","2":"type-post","3":"status-publish","4":"format-standard","5":"has-post-thumbnail","7":"category-zinas-no-arvalstim","8":"tag-aktualitates","9":"tag-arvalstim","10":"tag-asv","11":"tag-breaking-news","12":"tag-breakingnews","13":"tag-drosiba","14":"tag-featured-news","15":"tag-featurednews","16":"tag-headlines","17":"tag-latest-news","18":"tag-latestnews","19":"tag-latvia","20":"tag-latvian","21":"tag-latviesu","22":"tag-latviesu-valoda","23":"tag-latviesuvaloda","24":"tag-latvija","25":"tag-lv","26":"tag-news","27":"tag-popularakas-zinas","28":"tag-popularakaszinas","29":"tag-top-stories","30":"tag-topstories","31":"tag-world","32":"tag-world-news","33":"tag-worldnews","34":"tag-zinas","35":"tag-zinas-no-arvalstim"},"share_on_mastodon":{"url":"https:\/\/pubeurope.com\/@lv\/115950303493631162","error":""},"_links":{"self":[{"href":"https:\/\/www.europesays.com\/lv\/wp-json\/wp\/v2\/posts\/112428","targetHints":{"allow":["GET"]}}],"collection":[{"href":"https:\/\/www.europesays.com\/lv\/wp-json\/wp\/v2\/posts"}],"about":[{"href":"https:\/\/www.europesays.com\/lv\/wp-json\/wp\/v2\/types\/post"}],"author":[{"embeddable":true,"href":"https:\/\/www.europesays.com\/lv\/wp-json\/wp\/v2\/users\/2"}],"replies":[{"embeddable":true,"href":"https:\/\/www.europesays.com\/lv\/wp-json\/wp\/v2\/comments?post=112428"}],"version-history":[{"count":0,"href":"https:\/\/www.europesays.com\/lv\/wp-json\/wp\/v2\/posts\/112428\/revisions"}],"wp:featuredmedia":[{"embeddable":true,"href":"https:\/\/www.europesays.com\/lv\/wp-json\/wp\/v2\/media\/112429"}],"wp:attachment":[{"href":"https:\/\/www.europesays.com\/lv\/wp-json\/wp\/v2\/media?parent=112428"}],"wp:term":[{"taxonomy":"category","embeddable":true,"href":"https:\/\/www.europesays.com\/lv\/wp-json\/wp\/v2\/categories?post=112428"},{"taxonomy":"post_tag","embeddable":true,"href":"https:\/\/www.europesays.com\/lv\/wp-json\/wp\/v2\/tags?post=112428"}],"curies":[{"name":"wp","href":"https:\/\/api.w.org\/{rel}","templated":true}]}}