{"id":112465,"date":"2026-01-24T14:22:10","date_gmt":"2026-01-24T14:22:10","guid":{"rendered":"https:\/\/www.europesays.com\/lv\/112465\/"},"modified":"2026-01-24T14:22:10","modified_gmt":"2026-01-24T14:22:10","slug":"francu-tenors-benzamens-bernheims-sniegs-solo-koncertu-riga-22-janvari-lente-lv-3","status":"publish","type":"post","link":"https:\/\/www.europesays.com\/lv\/112465\/","title":{"rendered":"Fran\u010du tenors Ben\u017eam\u0113ns Bernheims sniegs solo koncertu R\u012bg\u0101 22. janv\u0101r\u012b\u00a0\u2014\u00a0Lente.lv"},"content":{"rendered":"<p>Francijas operzvaigzne uzst\u0101sies Latvijas Nacion\u0101laj\u0101 oper\u0101<\/p>\n<p>Ceturtdien, 22. janv\u0101r\u012b, Latvijas Nacion\u0101laj\u0101 oper\u0101 (LNO) notiks pasaulslaven\u0101 fran\u010du lirisk\u0101 tenora Ben\u017eam\u0113na Bernheima solo koncerts. K\u0101 zi\u0146o av\u012bze Diena, Bernheims, kur\u0161 tiek d\u0113v\u0113ts par vienu no savas paaudzes vado\u0161aj\u0101m bals\u012bm, Latvijas publikai sevi pieteiks ar spo\u017eu tembru, emocion\u0101lo dzi\u013cumu un izsmalcin\u0101tu meistar\u012bbu pla\u0161\u0101 operm\u016bzikas repertu\u0101r\u0101.<\/p>\n<p>Starptautiski atz\u012bts m\u0101kslinieks<\/p>\n<p>Ben\u017eam\u0113ns Bernheims regul\u0101ri uzst\u0101jas pasaules presti\u017e\u0101kaj\u0101s operm\u016bzikas skatuv\u0113s, tostarp Par\u012bzes Nacion\u0101laj\u0101 oper\u0101, Metropoles oper\u0101 \u0145ujork\u0101, V\u012bnes Valsts oper\u0101, Mil\u0101nas La Scala un Londonas Karaliskaj\u0101 oper\u0101. Vi\u0146a talants ir nov\u0113rt\u0113ts ar augstiem kriti\u0137u v\u0113rt\u0113jumiem gan par vi\u0146a uzst\u0101\u0161anos, gan ierakstiem, un da\u017ei mediji vi\u0146u ir sal\u012bdzin\u0101ju\u0161i ar t\u0101diem le\u0123end\u0101riem dzied\u0101t\u0101jiem k\u0101 Lusiano Pavaroti, d\u0113v\u0113jot par \u201cskaist\u0101ko tenora balsi kop\u0161 Lusiano Pavaroti\u201d. Bernheims ir ieguvis ar\u012b vair\u0101kas presti\u017eas balvas, tostarp \u201cGada v\u012brie\u0161u dzied\u0101t\u0101ja\u201d titulu Starptautiskajos operm\u016bzikas balvas pasnieg\u0161anas ceremonij\u0101 2024. gad\u0101.<\/p>\n<p>Iepriek\u0161\u0113j\u0101 pieredze Latvij\u0101<\/p>\n<p>M\u0101kslinieks nav sve\u0161inieks Latvijas Nacion\u0101laj\u0101 oper\u0101 \u2013 vi\u0146\u0161 jau 2017. gad\u0101 debit\u0113ja uz LNO skatuves, dziedot titullomu \u0160arla Guno oper\u0101 \u201cFausts\u201d, un piedal\u012bj\u0101s ar\u012b R\u012bgas Operas festiv\u0101la gal\u0101koncert\u0101 \u201cViva Romantica!\u201d. Gaid\u0101maj\u0101 koncert\u0101 R\u012bg\u0101 Bernheimu pavad\u012bs maestro J\u0101nis Liepi\u0146\u0161 un Latvijas Nacion\u0101l\u0101s operas or\u0137estris.<\/p>\n<p>Iev\u0113rojamais repertu\u0101rs<\/p>\n<p>Bernheims ir zin\u0101ms ar sav\u0101m interpret\u0101cij\u0101m t\u0101d\u0101s lom\u0101s k\u0101 Rom\u0113o, Verters, Hofmanis, Rodolfo un De Grij\u0113. Vi\u0146a karjera vainagojusies ar pla\u0161u atzin\u012bbu, un vi\u0146a debijas albums, kas izdots 2019. gad\u0101, guva pla\u0161u atzin\u012bbu, demonstr\u0113jot vi\u0146a unik\u0101lo stilu, kur\u0101 v\u0101rdi un m\u016bzika tiek apvienoti ar \u012bpa\u0161u ma\u0123iju. Vi\u0146a repertu\u0101rs galvenok\u0101rt ietver romantisko operu lomas, \u012bpa\u0161u uzman\u012bbu piev\u0113r\u0161ot fran\u010du un it\u0101\u013cu ska\u0146darbiem.<\/p>\n","protected":false},"excerpt":{"rendered":"Francijas operzvaigzne uzst\u0101sies Latvijas Nacion\u0101laj\u0101 oper\u0101 Ceturtdien, 22. janv\u0101r\u012b, Latvijas Nacion\u0101laj\u0101 oper\u0101 (LNO) notiks pasaulslaven\u0101 fran\u010du lirisk\u0101 tenora&hellip;\n","protected":false},"author":2,"featured_media":110804,"comment_status":"","ping_status":"","sticky":false,"template":"","format":"standard","meta":{"footnotes":""},"categories":[19],"tags":[26102,89,90,202,35,39,38,36,37,34,2950,40,172,24834],"class_list":{"0":"post-112465","1":"post","2":"type-post","3":"status-publish","4":"format-standard","5":"has-post-thumbnail","7":"category-izklaide","8":"tag-benzamens-bernheims","9":"tag-entertainment","10":"tag-izklaide","11":"tag-koncerts","12":"tag-latvia","13":"tag-latvian","14":"tag-latviesu","15":"tag-latviesu-valoda","16":"tag-latviesuvaloda","17":"tag-latvija","18":"tag-latvijas-nacionala-opera","19":"tag-lv","20":"tag-riga","21":"tag-tenors"},"share_on_mastodon":{"url":"https:\/\/pubeurope.com\/@lv\/115950527628942704","error":""},"_links":{"self":[{"href":"https:\/\/www.europesays.com\/lv\/wp-json\/wp\/v2\/posts\/112465","targetHints":{"allow":["GET"]}}],"collection":[{"href":"https:\/\/www.europesays.com\/lv\/wp-json\/wp\/v2\/posts"}],"about":[{"href":"https:\/\/www.europesays.com\/lv\/wp-json\/wp\/v2\/types\/post"}],"author":[{"embeddable":true,"href":"https:\/\/www.europesays.com\/lv\/wp-json\/wp\/v2\/users\/2"}],"replies":[{"embeddable":true,"href":"https:\/\/www.europesays.com\/lv\/wp-json\/wp\/v2\/comments?post=112465"}],"version-history":[{"count":0,"href":"https:\/\/www.europesays.com\/lv\/wp-json\/wp\/v2\/posts\/112465\/revisions"}],"wp:featuredmedia":[{"embeddable":true,"href":"https:\/\/www.europesays.com\/lv\/wp-json\/wp\/v2\/media\/110804"}],"wp:attachment":[{"href":"https:\/\/www.europesays.com\/lv\/wp-json\/wp\/v2\/media?parent=112465"}],"wp:term":[{"taxonomy":"category","embeddable":true,"href":"https:\/\/www.europesays.com\/lv\/wp-json\/wp\/v2\/categories?post=112465"},{"taxonomy":"post_tag","embeddable":true,"href":"https:\/\/www.europesays.com\/lv\/wp-json\/wp\/v2\/tags?post=112465"}],"curies":[{"name":"wp","href":"https:\/\/api.w.org\/{rel}","templated":true}]}}