{"id":112525,"date":"2026-01-24T16:15:11","date_gmt":"2026-01-24T16:15:11","guid":{"rendered":"https:\/\/www.europesays.com\/lv\/112525\/"},"modified":"2026-01-24T16:15:11","modified_gmt":"2026-01-24T16:15:11","slug":"noticis-celu-satiksmes-negadijums-uz-liepajas-sosejas","status":"publish","type":"post","link":"https:\/\/www.europesays.com\/lv\/112525\/","title":{"rendered":"Noticis ce\u013cu satiksmes negad\u012bjums uz Liep\u0101jas \u0161osejas"},"content":{"rendered":"<p>Satiksme bija da\u013c\u0113ji blo\u0137\u0113ta ce\u013cu satiksmes negad\u012bjuma d\u0113\u013c.<\/p>\n<p>K\u0101 a\u0123ent\u016bru LETA inform\u0113ja Valsts policij\u0101, ap plkst. 13 Valsts policij\u0101 sa\u0146emta inform\u0101cija par ce\u013cu satiksmes negad\u012bjumu Tukuma novad\u0101, D\u017e\u016bkstes pagast\u0101, uz Liep\u0101jas \u0161osejas. Ce\u013cu satiksmes negad\u012bjum\u0101 notika sadursme starp div\u0101m vieglaj\u0101m &#8220;Volkswagen&#8221; markas automa\u0161\u012bn\u0101m.<\/p>\n<p>Av\u0101rij\u0101 fiziski cieta viena persona, kura tika nog\u0101d\u0101ta medic\u012bnas iest\u0101d\u0113.<\/p>\n","protected":false},"excerpt":{"rendered":"Satiksme bija da\u013c\u0113ji blo\u0137\u0113ta ce\u013cu satiksmes negad\u012bjuma d\u0113\u013c. K\u0101 a\u0123ent\u016bru LETA inform\u0113ja Valsts policij\u0101, ap plkst. 13 Valsts&hellip;\n","protected":false},"author":2,"featured_media":112526,"comment_status":"","ping_status":"","sticky":false,"template":"","format":"standard","meta":{"footnotes":""},"categories":[5],"tags":[23,2109,1465,2849,28,29,32,33,22,30,31,35,39,38,36,37,34,40,20,26,27,24,25,21],"class_list":{"0":"post-112525","1":"post","2":"type-post","3":"status-publish","4":"format-standard","5":"has-post-thumbnail","7":"category-aktualitates","8":"tag-aktualitates","9":"tag-autoavarija","10":"tag-autoavarijas","11":"tag-avarija","12":"tag-breaking-news","13":"tag-breakingnews","14":"tag-featured-news","15":"tag-featurednews","16":"tag-headlines","17":"tag-latest-news","18":"tag-latestnews","19":"tag-latvia","20":"tag-latvian","21":"tag-latviesu","22":"tag-latviesu-valoda","23":"tag-latviesuvaloda","24":"tag-latvija","25":"tag-lv","26":"tag-news","27":"tag-popularakas-zinas","28":"tag-popularakaszinas","29":"tag-top-stories","30":"tag-topstories","31":"tag-zinas"},"share_on_mastodon":{"url":"https:\/\/pubeurope.com\/@lv\/115950971915589673","error":""},"_links":{"self":[{"href":"https:\/\/www.europesays.com\/lv\/wp-json\/wp\/v2\/posts\/112525","targetHints":{"allow":["GET"]}}],"collection":[{"href":"https:\/\/www.europesays.com\/lv\/wp-json\/wp\/v2\/posts"}],"about":[{"href":"https:\/\/www.europesays.com\/lv\/wp-json\/wp\/v2\/types\/post"}],"author":[{"embeddable":true,"href":"https:\/\/www.europesays.com\/lv\/wp-json\/wp\/v2\/users\/2"}],"replies":[{"embeddable":true,"href":"https:\/\/www.europesays.com\/lv\/wp-json\/wp\/v2\/comments?post=112525"}],"version-history":[{"count":0,"href":"https:\/\/www.europesays.com\/lv\/wp-json\/wp\/v2\/posts\/112525\/revisions"}],"wp:featuredmedia":[{"embeddable":true,"href":"https:\/\/www.europesays.com\/lv\/wp-json\/wp\/v2\/media\/112526"}],"wp:attachment":[{"href":"https:\/\/www.europesays.com\/lv\/wp-json\/wp\/v2\/media?parent=112525"}],"wp:term":[{"taxonomy":"category","embeddable":true,"href":"https:\/\/www.europesays.com\/lv\/wp-json\/wp\/v2\/categories?post=112525"},{"taxonomy":"post_tag","embeddable":true,"href":"https:\/\/www.europesays.com\/lv\/wp-json\/wp\/v2\/tags?post=112525"}],"curies":[{"name":"wp","href":"https:\/\/api.w.org\/{rel}","templated":true}]}}