{"id":112590,"date":"2026-01-24T17:57:11","date_gmt":"2026-01-24T17:57:11","guid":{"rendered":"https:\/\/www.europesays.com\/lv\/112590\/"},"modified":"2026-01-24T17:57:11","modified_gmt":"2026-01-24T17:57:11","slug":"mierinas-vestule-trampa-nobela-premijas-atbalstam-atklaj-politisko-saskeltibu-lente-lv","status":"publish","type":"post","link":"https:\/\/www.europesays.com\/lv\/112590\/","title":{"rendered":"Mieri\u0146as v\u0113stule Trampa Nobela pr\u0113mijas atbalstam atkl\u0101j politisko sa\u0161\u0137elt\u012bbu\u00a0\u2014\u00a0Lente.lv"},"content":{"rendered":"<p>Saeimas sp\u012bkerei Daigai Mieri\u0146ai \u2013 kritika par v\u0113stuli Trampa Nobela pr\u0113mijas virz\u012b\u0161anai<\/p>\n<p>Biju\u0161ais Saeimas priek\u0161s\u0113d\u0113t\u0101js Edvards Smilt\u0113ns, koment\u0113jot Saeimas sp\u012bkerei Daigai Mieri\u0146ai (Za\u013co un Zemnieku savien\u012bba) pievieno\u0161anos v\u0113stulei, aicinot ASV prezidentam Donaldam Trampam pie\u0161\u0137irt Nobela Miera pr\u0113miju, nor\u0101d\u012bjis, ka \u0161\u0101ds solis bez pla\u0161\u0101kas saska\u0146o\u0161anas atkl\u0101j Latvijas politisk\u0101s elites sa\u0161\u0137elt\u012bbu un vienot\u012bbas tr\u016bkumu \u0101rpolitikas jaut\u0101jumos. K\u0101 inform\u0113 Latvijas Sabiedriskie Mediji, Smilt\u0113ns intervij\u0101 Latvijas Telev\u012bzijas raid\u012bjum\u0101 &#8220;R\u012bta panor\u0101ma&#8221; pauda, ka \u0161\u0101da r\u012bc\u012bba ne vien rada nevajadz\u012bgu skaidro\u0161anos par Latvijas \u0101rpolitikas nost\u0101dn\u0113m, bet ar\u012b par\u0101da, ka valsts augst\u0101k\u0101s amatpersonas nesp\u0113j vienoties par kop\u012bgiem strat\u0113\u0123iskiem m\u0113r\u0137iem.<\/p>\n<p>Mieri\u0146as motiv\u0101cija un pla\u0161\u0101ka konteksta tr\u016bkums<\/p>\n<p>Saeimas sp\u012bkere Daiga Mieri\u0146a ir skaidrojusi, ka v\u0113stuli parakst\u012bjusi, cerot deeskal\u0113t situ\u0101ciju saist\u012bb\u0101 ar Donalda Trampa izteikumiem par Grenlandes ieg\u016b\u0161anu un vi\u0146a visp\u0101r\u0113jo iesaisti starptautisko attiec\u012bbu veicin\u0101\u0161an\u0101. Vi\u0146a min\u0113jusi, ka v\u0113stule tika sa\u0146emta jau parakst\u012bta, tostarp no ASV P\u0101rst\u0101vju pal\u0101tas sp\u012bkera Maika D\u017eonsona, un Mieri\u0146a to parakst\u012bjusi k\u0101 papildu parakst\u012bt\u0101ja, uzskatot, ka svar\u012bgi stiprin\u0101t transatlantisk\u0101s attiec\u012bbas. Tiek min\u0113ti ar\u012b Trampa pan\u0101kumi, piem\u0113ram, \u0100brahama vieno\u0161an\u0101s Tuvajos Austrumos, k\u0101 argumenti vi\u0146a kandidat\u016brai uz Nobela Miera pr\u0113miju. Tom\u0113r \u0161is solis netika piln\u012bb\u0101 saska\u0146ots ar koal\u012bcijas partneriem un \u0101rlietu ministri Baibu Bra\u017ei (JV), kura uz \u0161o iniciat\u012bvu raudz\u012bjusies kritiski.<\/p>\n<p>Politisk\u0101s aprindas rea\u0123\u0113 uz Mieri\u0146as l\u0113mumu<\/p>\n<p>Ministru prezidente Evika Sili\u0146a (JV) paudusi, ka Mieri\u0146ai ir ties\u012bbas parakst\u012bt \u0161\u0101du v\u0113stuli, ta\u010du vi\u0146a b\u016btu v\u0113l\u0113jusies pla\u0161\u0101ku konsult\u0101ciju pirms \u0161\u0101da noz\u012bm\u012bga \u0101rpolitikas so\u013ca. Sili\u0146a uzsv\u0113ra, ka Latvij\u0101 \u0101rpolitiku prim\u0101ri veido \u0100rlietu ministrija un parasti tiek sagaid\u012bta \u0161\u0101du jaut\u0101jumu saska\u0146o\u0161ana starp valsts augst\u0101kaj\u0101m amatperson\u0101m. Valsts prezidents Edgars Rink\u0113vi\u010ds ir paudis, ka respekt\u0113 Mieri\u0146as personisko nost\u0101ju, nor\u0101dot, ka ASV ir strat\u0113\u0123iskais partneris un \u0161\u0101ds solis nav pretrun\u0101 ar Latvijas kop\u0113jo \u0101rpolitiku. Citstarp, v\u0113stules parakst\u012b\u0161anas br\u012bd\u012b Mieri\u0146a pild\u012bja ar\u012b Valsts prezidenta amata pien\u0101kumus, jo Valsts prezidents atrad\u0101s \u0101rpus valsts.<\/p>\n<p>Nobela Miera pr\u0113mijas pie\u0161\u0137ir\u0161anas krit\u0113riji un v\u0113stures konteksts<\/p>\n<p>Nobela Miera pr\u0113miju pasniedz kop\u0161 1901. gada par nopelniem miera veicin\u0101\u0161an\u0101. T\u0101 ir viena no presti\u017e\u0101kaj\u0101m pasaules balv\u0101m, kas pie\u0161\u0137irta gan person\u0101m, gan organiz\u0101cij\u0101m. Jau v\u0113sturiski Nobela Miera pr\u0113mijas pie\u0161\u0137ir\u0161ana ir izrais\u012bjusi diskusijas un kritiku, bie\u017ei vien par politiski motiv\u0113tu vai priek\u0161laic\u012bgu balvas pie\u0161\u0137ir\u0161anu. K\u0101 piem\u0113ri minami ASV prezidenta Baraka Obamas apbalvo\u0161ana 2009. gad\u0101, kas tika kritiz\u0113ta k\u0101 p\u0101ragra, vai fakts, ka Mohand\u0101ss Karam\u010dands Gandijs, neskatoties uz piec\u0101m nomin\u0101cij\u0101m, to nekad nav sa\u0146\u0113mis. Nobela instit\u016bts ir nor\u0101d\u012bjis, ka miru\u0161i cilv\u0113ki nevar pretend\u0113t uz pr\u0113miju un laure\u0101ti nevar atteikties no balvas vai dal\u012bt to ar cit\u0101m person\u0101m. Pr\u0113miju pie\u0161\u0137ir Norv\u0113\u0123ijas Nobela komiteja, un t\u0101 tiek pasniegta katru gadu 10. decembr\u012b Oslo.<\/p>\n<p>Latvijas politisk\u0101 aina un \u0101rpolitisk\u0101 vienot\u012bba<\/p>\n<p>Edvards Smilt\u0113ns uzsv\u0113ra, ka \u0161\u0101da situ\u0101cija, kur\u0101 at\u0161\u0137ir\u012bgi viedok\u013ci un darb\u012bbas notiek bez pien\u0101c\u012bgas saska\u0146o\u0161anas, liecina par dzi\u013c\u0101ku probl\u0113mu Latvijas politik\u0101 \u2013 nesp\u0113ju veidot vienotu fronti \u0101rpolitikas jaut\u0101jumos, kas ir \u012bpa\u0161i svar\u012bgi valst\u012bm ar sare\u017e\u0123\u012btu \u0123eopolitisko st\u0101vokli. Vi\u0146\u0161 nor\u0101d\u012bja, ka \u0161\u0101da r\u012bc\u012bba var rad\u012bt iespaidu par nestabilit\u0101ti un saska\u0146ot\u012bbas tr\u016bkumu starptautiskaj\u0101 ar\u0113n\u0101, kas nav v\u0113lams Latvijas interes\u0113s. Lai gan Valsts prezidents un Ministru prezidente ir paudu\u0161i sapratni par Mieri\u0146as l\u0113mumu, \u0161\u012b incidenta anal\u012bze liecina par nepiecie\u0161am\u012bbu stiprin\u0101t koordin\u0101ciju un komunik\u0101ciju starp valsts augst\u0101kaj\u0101m amatperson\u0101m.<\/p>\n","protected":false},"excerpt":{"rendered":"Saeimas sp\u012bkerei Daigai Mieri\u0146ai \u2013 kritika par v\u0113stuli Trampa Nobela pr\u0113mijas virz\u012b\u0161anai Biju\u0161ais Saeimas priek\u0161s\u0113d\u0113t\u0101js Edvards Smilt\u0113ns, koment\u0113jot&hellip;\n","protected":false},"author":2,"featured_media":112591,"comment_status":"","ping_status":"","sticky":false,"template":"","format":"standard","meta":{"footnotes":""},"categories":[5],"tags":[23,28,29,3524,542,10186,32,33,22,30,31,35,39,38,36,37,34,23126,40,20,6080,26,27,24,25,21],"class_list":{"0":"post-112590","1":"post","2":"type-post","3":"status-publish","4":"format-standard","5":"has-post-thumbnail","7":"category-aktualitates","8":"tag-aktualitates","9":"tag-breaking-news","10":"tag-breakingnews","11":"tag-daiga-mierina","12":"tag-donalds-tramps","13":"tag-edvards-smiltens","14":"tag-featured-news","15":"tag-featurednews","16":"tag-headlines","17":"tag-latest-news","18":"tag-latestnews","19":"tag-latvia","20":"tag-latvian","21":"tag-latviesu","22":"tag-latviesu-valoda","23":"tag-latviesuvaloda","24":"tag-latvija","25":"tag-latvijas-arpolitika","26":"tag-lv","27":"tag-news","28":"tag-nobela-miera-premija","29":"tag-popularakas-zinas","30":"tag-popularakaszinas","31":"tag-top-stories","32":"tag-topstories","33":"tag-zinas"},"share_on_mastodon":{"url":"https:\/\/pubeurope.com\/@lv\/115951373028737990","error":""},"_links":{"self":[{"href":"https:\/\/www.europesays.com\/lv\/wp-json\/wp\/v2\/posts\/112590","targetHints":{"allow":["GET"]}}],"collection":[{"href":"https:\/\/www.europesays.com\/lv\/wp-json\/wp\/v2\/posts"}],"about":[{"href":"https:\/\/www.europesays.com\/lv\/wp-json\/wp\/v2\/types\/post"}],"author":[{"embeddable":true,"href":"https:\/\/www.europesays.com\/lv\/wp-json\/wp\/v2\/users\/2"}],"replies":[{"embeddable":true,"href":"https:\/\/www.europesays.com\/lv\/wp-json\/wp\/v2\/comments?post=112590"}],"version-history":[{"count":0,"href":"https:\/\/www.europesays.com\/lv\/wp-json\/wp\/v2\/posts\/112590\/revisions"}],"wp:featuredmedia":[{"embeddable":true,"href":"https:\/\/www.europesays.com\/lv\/wp-json\/wp\/v2\/media\/112591"}],"wp:attachment":[{"href":"https:\/\/www.europesays.com\/lv\/wp-json\/wp\/v2\/media?parent=112590"}],"wp:term":[{"taxonomy":"category","embeddable":true,"href":"https:\/\/www.europesays.com\/lv\/wp-json\/wp\/v2\/categories?post=112590"},{"taxonomy":"post_tag","embeddable":true,"href":"https:\/\/www.europesays.com\/lv\/wp-json\/wp\/v2\/tags?post=112590"}],"curies":[{"name":"wp","href":"https:\/\/api.w.org\/{rel}","templated":true}]}}