{"id":112622,"date":"2026-01-24T19:16:10","date_gmt":"2026-01-24T19:16:10","guid":{"rendered":"https:\/\/www.europesays.com\/lv\/112622\/"},"modified":"2026-01-24T19:16:10","modified_gmt":"2026-01-24T19:16:10","slug":"daugavpili-atklas-makslinieces-lienes-kivicas-personalizstadi-zelts-nav-krasa-2","status":"publish","type":"post","link":"https:\/\/www.europesays.com\/lv\/112622\/","title":{"rendered":"Daugavpil\u012b atkl\u0101s m\u0101kslinieces Lienes Kivi\u010das person\u0101lizst\u0101di &#8220;Zelts nav kr\u0101sa"},"content":{"rendered":"<p>Jauna m\u0101kslas izst\u0101de Daugavpils Kult\u016bras pil\u012b<\/p>\n<p>No 30. janv\u0101ra l\u012bdz 3. martam Daugavpils Kult\u016bras pil\u012b apmekl\u0113t\u0101jiem b\u016bs iesp\u0113ja apl\u016bkot m\u0101kslinieces Lienes Kivi\u010das person\u0101lizst\u0101di ar intri\u0123\u0113jo\u0161u nosaukumu \u201cZelts nav kr\u0101sa &#8211; tas ir klusums, kas sp\u012bd\u201d. K\u0101 inform\u0113 port\u0101ls jauns.lv, izst\u0101de pied\u0101v\u0101s vizu\u0101li un emocion\u0101li pies\u0101tin\u0101tus darbus, kas aicina ikvienu \u013cauties gaismas, klusuma un iek\u0161\u0113j\u0101 miera kl\u0101tb\u016btnei.<\/p>\n<p>Izst\u0101des koncepcija un v\u0113st\u012bjums<\/p>\n<p>Izst\u0101des pamat\u0101 ir ideja, ka paties\u0101 v\u0113rt\u012bba sl\u0113pjas klusum\u0101, attur\u012bb\u0101 un iek\u0161\u0113j\u0101 gaism\u0101. Katrs darbs tiek veidots k\u0101 \u012bpa\u0161a telpa, kur\u0101 skat\u012bt\u0101js var simboliski ieiet, apst\u0101ties un atrast saskarsmi ar sevi. \u0160\u012b pieredze tiek raksturota k\u0101 saruna ar sevi, kur kr\u0101sa transform\u0113jas saj\u016bt\u0101s, bet klusums \u2013 dziedino\u0161\u0101 mier\u0101. Darbi aicina apst\u0101ties, ieklaus\u012bties sev\u012b un piedz\u012bvot klusumu k\u0101 iek\u0161\u0113ju gaismu un harmoniju.<\/p>\n<p>M\u0101ksliniece un vi\u0146as rado\u0161ais process<\/p>\n<p>Liene Kivi\u010da ir profesion\u0101la m\u0101ksliniece un dizainere ar akad\u0113misku izgl\u012bt\u012bbu, kuras dai\u013crade ir cie\u0161i saist\u012bta ar iek\u0161\u0113jo pasauli, medit\u0101ciju un saj\u016btu telpu. Vi\u0146as glezniec\u012bba tiek uztverta k\u0101 dziedin\u0101\u0161anas un izpratnes process. Izst\u0101d\u0113 Daugavpils Kult\u016bras pil\u012b m\u0101ksliniece piev\u0113r\u0161as abstraktajai glezniec\u012bbai, \u012bpa\u0161i uzsverot gaismas simbolisko un emocion\u0101lo noz\u012bmi.<\/p>\n<p>Praktisk\u0101 inform\u0101cija<\/p>\n<p>Person\u0101lizst\u0101de \u201cZelts nav kr\u0101sa &#8211; tas ir klusums, kas sp\u012bd\u201d b\u016bs skat\u0101ma Daugavpils Kult\u016bras pil\u012b, Smil\u0161u iel\u0101 92, no 30. janv\u0101ra l\u012bdz pat 3. martam. Izst\u0101des darba laiki ir vis\u0101s dien\u0101s vis\u0101 izst\u0101des norises laik\u0101. Pas\u0101kuma valoda ir latvie\u0161u.<\/p>\n","protected":false},"excerpt":{"rendered":"Jauna m\u0101kslas izst\u0101de Daugavpils Kult\u016bras pil\u012b No 30. janv\u0101ra l\u012bdz 3. martam Daugavpils Kult\u016bras pil\u012b apmekl\u0113t\u0101jiem b\u016bs iesp\u0113ja&hellip;\n","protected":false},"author":2,"featured_media":111789,"comment_status":"","ping_status":"","sticky":false,"template":"","format":"standard","meta":{"footnotes":""},"categories":[19],"tags":[26230,26229,89,90,35,39,38,36,37,34,26228,40,2286,461],"class_list":{"0":"post-112622","1":"post","2":"type-post","3":"status-publish","4":"format-standard","5":"has-post-thumbnail","7":"category-izklaide","8":"tag-abstrakta-gleznieciba","9":"tag-daugavpils-kulturas-pils","10":"tag-entertainment","11":"tag-izklaide","12":"tag-latvia","13":"tag-latvian","14":"tag-latviesu","15":"tag-latviesu-valoda","16":"tag-latviesuvaloda","17":"tag-latvija","18":"tag-liene-kivica","19":"tag-lv","20":"tag-maksla","21":"tag-personalizstade"},"share_on_mastodon":{"url":"https:\/\/pubeurope.com\/@lv\/115951683681578648","error":""},"_links":{"self":[{"href":"https:\/\/www.europesays.com\/lv\/wp-json\/wp\/v2\/posts\/112622","targetHints":{"allow":["GET"]}}],"collection":[{"href":"https:\/\/www.europesays.com\/lv\/wp-json\/wp\/v2\/posts"}],"about":[{"href":"https:\/\/www.europesays.com\/lv\/wp-json\/wp\/v2\/types\/post"}],"author":[{"embeddable":true,"href":"https:\/\/www.europesays.com\/lv\/wp-json\/wp\/v2\/users\/2"}],"replies":[{"embeddable":true,"href":"https:\/\/www.europesays.com\/lv\/wp-json\/wp\/v2\/comments?post=112622"}],"version-history":[{"count":0,"href":"https:\/\/www.europesays.com\/lv\/wp-json\/wp\/v2\/posts\/112622\/revisions"}],"wp:featuredmedia":[{"embeddable":true,"href":"https:\/\/www.europesays.com\/lv\/wp-json\/wp\/v2\/media\/111789"}],"wp:attachment":[{"href":"https:\/\/www.europesays.com\/lv\/wp-json\/wp\/v2\/media?parent=112622"}],"wp:term":[{"taxonomy":"category","embeddable":true,"href":"https:\/\/www.europesays.com\/lv\/wp-json\/wp\/v2\/categories?post=112622"},{"taxonomy":"post_tag","embeddable":true,"href":"https:\/\/www.europesays.com\/lv\/wp-json\/wp\/v2\/tags?post=112622"}],"curies":[{"name":"wp","href":"https:\/\/api.w.org\/{rel}","templated":true}]}}