{"id":112624,"date":"2026-01-24T19:26:07","date_gmt":"2026-01-24T19:26:07","guid":{"rendered":"https:\/\/www.europesays.com\/lv\/112624\/"},"modified":"2026-01-24T19:26:07","modified_gmt":"2026-01-24T19:26:07","slug":"valkas-novada-pasvaldibas-budzeta-robs-pusmiljona-eiro-apmera-ka-novads-plano-izdzivot","status":"publish","type":"post","link":"https:\/\/www.europesays.com\/lv\/112624\/","title":{"rendered":"Valkas novada pa\u0161vald\u012bbas bud\u017eet\u0101 robs pusmiljona eiro apm\u0113r\u0101. K\u0101 novads pl\u0101no izdz\u012bvot?"},"content":{"rendered":"<p>Novads cer, ka pal\u012bdz\u012bgu roku bud\u017eeta sasti\u0137\u0113\u0161an\u0101 sniegs valsts, t\u0101p\u0113c iesnieg\u0161anai Finan\u0161u ministrij\u0101 gatavo finan\u0161u optimiz\u0101cijas pl\u0101nu.<\/p>\n<p>Gr\u0101matved\u012bbas un finan\u0161u noda\u013cas vad\u012bt\u0101ja Ilze Grandava uzsv\u0113ra, ka pa\u0161reiz\u0113j\u0101 finan\u0161u situ\u0101cij\u0101 Valkas novad\u0101 \u0161\u0101ds v\u0113rien\u012bgs remonts rada krietnu robu t\u0101l\u0101k\u0101 \u0161\u012b gada bud\u017eeta pl\u0101no\u0161an\u0101.<\/p>\n<p>Valkas novada <a href=\"https:\/\/www.apollo.lv\/term\/793889\/pasvaldiba\" class=\"topicLink\" target=\"_blank\" rel=\"nofollow noopener\">pa\u0161vald\u012bba<\/a> \u0161ogad pl\u0101no iek\u013cauties 16,7 miljonu eiro bud\u017eet\u0101. Tas gan ietver ar\u012b valsts m\u0113r\u0137dot\u0101cijas pedagogu alg\u0101m, k\u0101 ar\u012b piesaist\u012bto projektu finans\u0113jumu.<\/p>\n<blockquote class=\"quote ck-widget\" contenteditable=\"false\">\n<p>Lai segtu visas \u0161ogad pieaugu\u0161\u0101s izmaksas, pa\u0161vald\u012bbai tr\u016bkst aptuveni pusmiljona eiro.<\/p>\n<\/blockquote>\n<p><a href=\"https:\/\/www.apollo.lv\/term\/555806\/pasvaldibas\" class=\"topicLink\" target=\"_blank\" rel=\"nofollow noopener\">Pa\u0161vald\u012bbas<\/a> Gr\u0101matved\u012bbas un finan\u0161u noda\u013cas vad\u012bt\u0101ja Ilze Grandava st\u0101st\u012bja, ka \u0161ogad bud\u017eeta veido\u0161anas sarunas ir \u013coti depres\u012bvas.<\/p>\n","protected":false},"excerpt":{"rendered":"Novads cer, ka pal\u012bdz\u012bgu roku bud\u017eeta sasti\u0137\u0113\u0161an\u0101 sniegs valsts, t\u0101p\u0113c iesnieg\u0161anai Finan\u0161u ministrij\u0101 gatavo finan\u0161u optimiz\u0101cijas pl\u0101nu. Gr\u0101matved\u012bbas&hellip;\n","protected":false},"author":2,"featured_media":97245,"comment_status":"","ping_status":"","sticky":false,"template":"","format":"standard","meta":{"footnotes":""},"categories":[12],"tags":[23,28,29,32,33,22,30,31,35,39,38,36,37,34,40,20,794,1860,26,27,24,25,1007,21],"class_list":{"0":"post-112624","1":"post","2":"type-post","3":"status-publish","4":"format-standard","5":"has-post-thumbnail","7":"category-latvija","8":"tag-aktualitates","9":"tag-breaking-news","10":"tag-breakingnews","11":"tag-featured-news","12":"tag-featurednews","13":"tag-headlines","14":"tag-latest-news","15":"tag-latestnews","16":"tag-latvia","17":"tag-latvian","18":"tag-latviesu","19":"tag-latviesu-valoda","20":"tag-latviesuvaloda","21":"tag-latvija","22":"tag-lv","23":"tag-news","24":"tag-pasvaldiba","25":"tag-pasvaldibas","26":"tag-popularakas-zinas","27":"tag-popularakaszinas","28":"tag-top-stories","29":"tag-topstories","30":"tag-valka","31":"tag-zinas"},"share_on_mastodon":{"url":"https:\/\/pubeurope.com\/@lv\/115951723050963643","error":""},"_links":{"self":[{"href":"https:\/\/www.europesays.com\/lv\/wp-json\/wp\/v2\/posts\/112624","targetHints":{"allow":["GET"]}}],"collection":[{"href":"https:\/\/www.europesays.com\/lv\/wp-json\/wp\/v2\/posts"}],"about":[{"href":"https:\/\/www.europesays.com\/lv\/wp-json\/wp\/v2\/types\/post"}],"author":[{"embeddable":true,"href":"https:\/\/www.europesays.com\/lv\/wp-json\/wp\/v2\/users\/2"}],"replies":[{"embeddable":true,"href":"https:\/\/www.europesays.com\/lv\/wp-json\/wp\/v2\/comments?post=112624"}],"version-history":[{"count":0,"href":"https:\/\/www.europesays.com\/lv\/wp-json\/wp\/v2\/posts\/112624\/revisions"}],"wp:featuredmedia":[{"embeddable":true,"href":"https:\/\/www.europesays.com\/lv\/wp-json\/wp\/v2\/media\/97245"}],"wp:attachment":[{"href":"https:\/\/www.europesays.com\/lv\/wp-json\/wp\/v2\/media?parent=112624"}],"wp:term":[{"taxonomy":"category","embeddable":true,"href":"https:\/\/www.europesays.com\/lv\/wp-json\/wp\/v2\/categories?post=112624"},{"taxonomy":"post_tag","embeddable":true,"href":"https:\/\/www.europesays.com\/lv\/wp-json\/wp\/v2\/tags?post=112624"}],"curies":[{"name":"wp","href":"https:\/\/api.w.org\/{rel}","templated":true}]}}