{"id":112651,"date":"2026-01-24T20:26:10","date_gmt":"2026-01-24T20:26:10","guid":{"rendered":"https:\/\/www.europesays.com\/lv\/112651\/"},"modified":"2026-01-24T20:26:10","modified_gmt":"2026-01-24T20:26:10","slug":"maksliga-intelekta-launpratiga-izmantosana-populisms-un-radikalizacija-apdraud-godigas-velesanas-latvija-lente-lv","status":"publish","type":"post","link":"https:\/\/www.europesays.com\/lv\/112651\/","title":{"rendered":"M\u0101ksl\u012bg\u0101 intelekta \u013caunpr\u0101t\u012bga izmanto\u0161ana, populisms un radikaliz\u0101cija apdraud god\u012bgas v\u0113l\u0113\u0161anas Latvij\u0101\u00a0\u2014\u00a0Lente.lv"},"content":{"rendered":"<p>V\u0113l\u0113\u0161anu dro\u0161\u012bbu apdraud jaunie izaicin\u0101jumi<\/p>\n<p>M\u016bsdien\u0101s god\u012bgas un br\u012bvas v\u0113l\u0113\u0161anas saskaras ar vair\u0101kiem nopietniem izaicin\u0101jumiem, tostarp m\u0101ksl\u012bg\u0101 intelekta (MI) r\u012bku \u013caunpr\u0101t\u012bgu izmanto\u0161anu, populismu, radikaliz\u0101ciju iek\u0161politik\u0101 un \u0101r\u0113ju iejauk\u0161anos v\u0113l\u0113\u0161anu procesos. K\u0101 inform\u0113 Latvijas Sabiedriskie Mediji, \u0161os riskus uzsv\u0113ra vair\u0101ki eksperti, kuri piedal\u012bj\u0101s v\u0113l\u0113\u0161anu dro\u0161\u012bbai velt\u012bt\u0101 konferenc\u0113 Latvijas parlament\u0101.<\/p>\n<p>\u012apa\u0161as ba\u017eas rada MI att\u012bst\u012bba, jo gaid\u0101m\u0101s, piem\u0113ram, 15. Saeimas v\u0113l\u0113\u0161anas b\u016bs pirm\u0101s, kad pla\u0161i pieejami b\u016bs jaud\u012bgi un moderni MI r\u012bki, kas iev\u0113rojami sare\u017e\u0123\u012bs situ\u0101ciju v\u0113l\u0113\u0161anu laik\u0101. \u0160ie r\u012bki var tikt izmantoti dezinform\u0101cijas izplat\u012b\u0161anai un m\u0113r\u0137tiec\u012bgu v\u0113st\u012bjumu rad\u012b\u0161anai da\u017e\u0101d\u0101m sabiedr\u012bbas grup\u0101m, lai t\u0101s radikaliz\u0113tu vai rad\u012btu vil\u0161an\u0101s saj\u016btu.<\/p>\n<p>\u0100rvalstu ietekme un dezinform\u0101cija<\/p>\n<p>\u0100rvalstu iejauk\u0161an\u0101s v\u0113l\u0113\u0161anu procesos, \u012bpa\u0161i no Krievijas puses, joproj\u0101m ir nopietns drauds. K\u0101 piem\u0113rs min\u0113ts Moldovas pieredzes, kur Krievija v\u0113l\u0113\u0161anu ietekm\u0113\u0161anai 2024. gad\u0101 ieguld\u012bja aptuveni 250 miljonus eiro, kas ir vair\u0101k nek\u0101 1% no valsts IKP. Sal\u012bdzin\u0101jumam, 2022. gada Saeimas v\u0113l\u0113\u0161an\u0101s Latvij\u0101 visu start\u0113ju\u0161o partiju kop\u0113jie deklar\u0113tie izdevumi bija aptuveni 5,4 miljoni eiro. \u0160\u0101di finan\u0161u ieguld\u012bjumi liecina par \u0101rvalstu ietekmes potenci\u0101lo apm\u0113ru un draudiem.<\/p>\n<p>Atbild\u012bba un risin\u0101jumi<\/p>\n<p>Konferenc\u0113 tika diskut\u0113ts par nepiecie\u0161am\u012bbu stiprin\u0101t v\u0113l\u0113\u0161anu procesa notur\u012bbu. Viens no apspriestajiem risin\u0101jumiem ir Augst\u0101k\u0101s tiesas (AT) pilnvaro\u0161ana pie\u0146emt l\u0113mumus par v\u0113l\u0113\u0161anu atk\u0101rtotu r\u012bko\u0161anu, ja tiktu konstat\u0113ta iev\u0113rojama \u0101r\u0113ja iejauk\u0161an\u0101s vai diskredit\u0113jo\u0161i apst\u0101k\u013ci. Lai gan AT jau iepriek\u0161 ir bijusi kompetence v\u0113rt\u0113t v\u0113l\u0113\u0161anu rezult\u0101tus, eksperti uzsver, ka nepiecie\u0161amas re\u0101las un efekt\u012bvas meh\u0101nismi, lai nodro\u0161in\u0101tu demokr\u0101tijas notur\u012bbu.<\/p>\n<p>Populisms un radikaliz\u0101cija k\u0101 draudi<\/p>\n<p>Populisms un radikaliz\u0101cija valsts iek\u0161ien\u0113 ar\u012b tiek uzskat\u012bti par b\u016btiskiem izaicin\u0101jumiem br\u012bv\u0101m v\u0113l\u0113\u0161an\u0101m. \u0160ie faktori bie\u017ei vien pastiprina \u0101r\u0113jo ietekmi un dezinform\u0101ciju, radot sabiedr\u012bb\u0101 \u0161\u0137elt\u012bbas un neuztic\u012bbu instit\u016bcij\u0101m. Lai gan Saeima ir s\u0101kusi skat\u012bt groz\u012bjumus Priek\u0161v\u0113l\u0113\u0161anu a\u0123it\u0101cijas likum\u0101, lai regul\u0113tu MI izmanto\u0161anu, joproj\u0101m past\u0101v neatbild\u0113ti jaut\u0101jumi par efekt\u012bvu uzraudz\u012bbu un sankcij\u0101m.<\/p>\n","protected":false},"excerpt":{"rendered":"V\u0113l\u0113\u0161anu dro\u0161\u012bbu apdraud jaunie izaicin\u0101jumi M\u016bsdien\u0101s god\u012bgas un br\u012bvas v\u0113l\u0113\u0161anas saskaras ar vair\u0101kiem nopietniem izaicin\u0101jumiem, tostarp m\u0101ksl\u012bg\u0101 intelekta&hellip;\n","protected":false},"author":2,"featured_media":112652,"comment_status":"","ping_status":"","sticky":false,"template":"","format":"standard","meta":{"footnotes":""},"categories":[12],"tags":[23,28,29,1604,32,33,22,30,31,35,39,38,36,37,34,26373,40,87,20,26,27,13835,24,25,26372,21],"class_list":{"0":"post-112651","1":"post","2":"type-post","3":"status-publish","4":"format-standard","5":"has-post-thumbnail","7":"category-latvija","8":"tag-aktualitates","9":"tag-breaking-news","10":"tag-breakingnews","11":"tag-dezinformacija","12":"tag-featured-news","13":"tag-featurednews","14":"tag-headlines","15":"tag-latest-news","16":"tag-latestnews","17":"tag-latvia","18":"tag-latvian","19":"tag-latviesu","20":"tag-latviesu-valoda","21":"tag-latviesuvaloda","22":"tag-latvija","23":"tag-latvijas-velesanas","24":"tag-lv","25":"tag-maksligais-intelekts","26":"tag-news","27":"tag-popularakas-zinas","28":"tag-popularakaszinas","29":"tag-populisms","30":"tag-top-stories","31":"tag-topstories","32":"tag-velesanu-drosiba","33":"tag-zinas"},"share_on_mastodon":{"url":"https:\/\/pubeurope.com\/@lv\/115951958981860225","error":""},"_links":{"self":[{"href":"https:\/\/www.europesays.com\/lv\/wp-json\/wp\/v2\/posts\/112651","targetHints":{"allow":["GET"]}}],"collection":[{"href":"https:\/\/www.europesays.com\/lv\/wp-json\/wp\/v2\/posts"}],"about":[{"href":"https:\/\/www.europesays.com\/lv\/wp-json\/wp\/v2\/types\/post"}],"author":[{"embeddable":true,"href":"https:\/\/www.europesays.com\/lv\/wp-json\/wp\/v2\/users\/2"}],"replies":[{"embeddable":true,"href":"https:\/\/www.europesays.com\/lv\/wp-json\/wp\/v2\/comments?post=112651"}],"version-history":[{"count":0,"href":"https:\/\/www.europesays.com\/lv\/wp-json\/wp\/v2\/posts\/112651\/revisions"}],"wp:featuredmedia":[{"embeddable":true,"href":"https:\/\/www.europesays.com\/lv\/wp-json\/wp\/v2\/media\/112652"}],"wp:attachment":[{"href":"https:\/\/www.europesays.com\/lv\/wp-json\/wp\/v2\/media?parent=112651"}],"wp:term":[{"taxonomy":"category","embeddable":true,"href":"https:\/\/www.europesays.com\/lv\/wp-json\/wp\/v2\/categories?post=112651"},{"taxonomy":"post_tag","embeddable":true,"href":"https:\/\/www.europesays.com\/lv\/wp-json\/wp\/v2\/tags?post=112651"}],"curies":[{"name":"wp","href":"https:\/\/api.w.org\/{rel}","templated":true}]}}