{"id":112689,"date":"2026-01-24T21:49:10","date_gmt":"2026-01-24T21:49:10","guid":{"rendered":"https:\/\/www.europesays.com\/lv\/112689\/"},"modified":"2026-01-24T21:49:10","modified_gmt":"2026-01-24T21:49:10","slug":"saeimas-priekssedetaja-daiga-mierina-aicina-pieskirt-nobela-miera-premiju-donaldam-trampam-izraisot-diskusijas-latvija-lente-lv","status":"publish","type":"post","link":"https:\/\/www.europesays.com\/lv\/112689\/","title":{"rendered":"Saeimas priek\u0161s\u0113d\u0113t\u0101ja Daiga Mieri\u0146a aicina pie\u0161\u0137irt Nobela Miera pr\u0113miju Donaldam Trampam, izraisot diskusijas Latvij\u0101\u00a0\u2014\u00a0Lente.lv"},"content":{"rendered":"<p>Saeimas priek\u0161s\u0113d\u0113t\u0101ja nos\u016bta v\u0113stuli Nobela komitejai<\/p>\n<p>Saeimas priek\u0161s\u0113d\u0113t\u0101ja Daiga Mieri\u0146a (ZZS) ir parakst\u012bjusi v\u0113stuli Nobela pr\u0113mijas komitejai, ierosinot 2025. gada Miera pr\u0113miju pie\u0161\u0137irt biju\u0161ajam ASV prezidentam Donaldam Trampam. \u0160is l\u0113mums, ko s\u0101kotn\u0113ji publiskojis \u017eurn\u0101ls &#8220;Ir&#8221;, ir izrais\u012bjis pla\u0161as diskusijas Latvijas politiskaj\u0101s un diplom\u0101tiskaj\u0101s aprind\u0101s.<\/p>\n<p>V\u0113stule ir da\u013ca no kop\u012bgas iniciat\u012bvas, ko atbalsta ar\u012b Izra\u0113las un ASV parlamentu vad\u012bt\u0101ji. Mieri\u0146a skaidrojusi, ka vi\u0146as r\u012bc\u012bba ir saist\u012bta ar centieniem deeskal\u0113t spriedzi transatlantiskaj\u0101s attiec\u012bb\u0101s, \u012bpa\u0161i saist\u012bb\u0101 ar Trampa izteikumiem par Grenlandes anekt\u0113\u0161anu. Vi\u0146a uzsv\u0113rusi, ka ASV ir Latvijas strat\u0113\u0123iskais partneris un ir svar\u012bgi uztur\u0113t labas attiec\u012bbas.<\/p>\n<p>Politisk\u0101s reakcijas un kritika<\/p>\n<p>Saeimas priek\u0161s\u0113d\u0113t\u0101jas r\u012bc\u012bba izsaukusi gan atbalstu, gan kritiku Latvijas politi\u0137u vid\u016b. Valsts prezidents Egils Levits respekt\u0113 Mieri\u0146as personisko nost\u0101ju, ta\u010du nor\u0101da, ka \u0161\u0101di jaut\u0101jumi b\u016btu korekti risin\u0101t, konsult\u0113joties ar \u0100rlietu ministriju un citiem Baltijas valstu partneriem, lai izvair\u012btos no p\u0101rpratumiem un neskaidr\u012bb\u0101m . Ministru prezidente Evika Sili\u0146a (JV) b\u016btu v\u0113l\u0113jusies, lai Mieri\u0146a pirms v\u0113stules parakst\u012b\u0161anas konsult\u0113jas ar augst\u0101kaj\u0101m valsts amatperson\u0101m, tostarp \u0100rlietu ministriju, lai gan atz\u012bst Mieri\u0146as ties\u012bbas pie\u0146emt \u0161\u0101du l\u0113mumu .<\/p>\n<p>Kriti\u0137i, piem\u0113ram, &#8220;Progres\u012bvo&#8221; frakcijas vad\u012bt\u0101js Andris \u0160uvajevs, nor\u0101da, ka kritiskas nost\u0101jas pau\u0161ana no Latvijas puses nemain\u012btu ASV k\u0101 strat\u0113\u0123isk\u0101 partnera statusu, un pau\u017e ba\u017eas, ka \u0161\u0101da publiska nesaska\u0146ot\u012bba var diskredit\u0113t Latviju starptautiskaj\u0101 ar\u0113n\u0101 . Edgars Tavars ir paudis, ka \u0161\u0101di jaut\u0101jumi b\u016btu risin\u0101mi iek\u0161\u0113ji, nevis publiski, lai izvair\u012btos no Latvijas diskredit\u0101cijas .<\/p>\n<p>Trampa nomin\u0101cijas v\u0113sture un Nobela pr\u0113mija<\/p>\n<p>Donalds Tramps jau iepriek\u0161 ir ticis izvirz\u012bts Nobela Miera pr\u0113mijai. Piem\u0113ram, 2024. gad\u0101 vi\u0146u nomin\u0113ja politologs Ivans Mere\u017eko . Pats Tramps neilgi pirms 2025. gada balvas pasnieg\u0161anas ir paudis aizvainojumu par to, ka nav sa\u0146\u0113mis Nobela Miera pr\u0113miju, nor\u0101dot, ka vi\u0146\u0161 ir aptur\u0113jis vair\u0101kus karus . Vi\u0146a administr\u0101cijas laik\u0101 Nobela Miera pr\u0113miju ir sa\u0146\u0113mis viceprezidents Als Gors (2007) un prezidents Baraks Obama (2009), lai gan Tramps ir pirmais republik\u0101\u0146u prezidents kop\u0161 Teodora R\u016bzvelta (1906), kur\u0161 nav sa\u0146\u0113mis \u0161o apbalvojumu . 2025. gad\u0101 Nobela Miera pr\u0113mija tika pie\u0161\u0137irta Venecu\u0113las opoz\u012bcijas l\u012bderei Marijai Korinai Ma\u010dado .<\/p>\n<p>Nobela Miera pr\u0113miju pie\u0161\u0137ir Norv\u0113\u0123ijas Nobela komiteja, kas izv\u0113rt\u0113 sa\u0146emt\u0101s nomin\u0101cijas un konsult\u0113jas ar ekspertiem. Nomin\u0101cijas var iesniegt noteiktas atz\u012btas instit\u016bcijas un personas . \u0160\u012b balva ir viena no presti\u017e\u0101kaj\u0101m pasaul\u0113, un t\u0101s m\u0113r\u0137is ir godin\u0101t tos, kas ir sniegu\u0161i iev\u0113rojamu ieguld\u012bjumu miera veicin\u0101\u0161an\u0101 .<\/p>\n<p>Mieri\u0146as skaidrojumi un mot\u012bvi<\/p>\n<p>S\u0101kotn\u0113ji Mieri\u0146a skaidroja, ka v\u0113stules parakst\u012b\u0161ana bijusi k\u0101 &#8220;izm\u0113\u0123in\u0101jums&#8221;, ta\u010du v\u0113l\u0101k apstiprin\u0101ja, ka v\u0113stule ir nos\u016bt\u012bta Izra\u0113las parlamenta sp\u012bkeram . Vi\u0146a uzsv\u0113ra, ka v\u0113stule adres\u0113ta vi\u0146ai k\u0101 Saeimas sp\u012bkerei un ka l\u0113mums nav pretrun\u0101 ar Latvijas vienoto \u0101rpolitiku . Mieri\u0146a nor\u0101d\u012bja, ka vi\u0146as galvenais mot\u012bvs ir v\u0113lme deeskal\u0113t situ\u0101ciju un veicin\u0101t transatlantisko attiec\u012bbu stiprin\u0101\u0161anu, \u012bpa\u0161i \u0146emot v\u0113r\u0101 Trampa izteikumus par Grenlandi . Vi\u0146a ar\u012b min\u0113jusi, ka Trampam ir da\u017e\u0101di pan\u0101kumi, tostarp karadarb\u012bbas izbeig\u0161ana Gazas josl\u0101 .<\/p>\n<p>Pla\u0161\u0101ks konteksts un iepriek\u0161\u0113jie gad\u012bjumi<\/p>\n<p>Interesanti, ka internet\u0101 ir izplat\u012bju\u0161ies maldino\u0161i apgalvojumi, ka Donalds Tramps b\u016btu draud\u0113jis bombard\u0113t Norv\u0113\u0123iju, ja nesa\u0146emtu Nobela Miera pr\u0113miju. \u0160ie apgalvojumi, kas bie\u017ei tiek ilustr\u0113ti ar att\u0113liem vai video, nav guvu\u0161i apstiprin\u0101jumu uzticamos avotos un tiek atsp\u0113koti k\u0101 faktu p\u0101rbaud\u012bt\u0101ju .<\/p>\n<p>V\u0113sturiski Nobela Miera pr\u0113miju ir sa\u0146\u0113mu\u0161i ar\u012b citi ASV prezidenti, piem\u0113ram, Teodors R\u016bzvelts (1906), Vudro Vilsons (1919), D\u017eimijs K\u0101rters (2002) un Baraks Obama (2009). ASV prezidenti ir sa\u0146\u0113mu\u0161i \u0161o balvu par da\u017e\u0101diem nopelniem, s\u0101kot no starpniec\u012bbas konfliktu risin\u0101\u0161an\u0101 l\u012bdz starptautisku organiz\u0101ciju izveidei .<\/p>\n","protected":false},"excerpt":{"rendered":"Saeimas priek\u0161s\u0113d\u0113t\u0101ja nos\u016bta v\u0113stuli Nobela komitejai Saeimas priek\u0161s\u0113d\u0113t\u0101ja Daiga Mieri\u0146a (ZZS) ir parakst\u012bjusi v\u0113stuli Nobela pr\u0113mijas komitejai, ierosinot&hellip;\n","protected":false},"author":2,"featured_media":112690,"comment_status":"","ping_status":"","sticky":false,"template":"","format":"standard","meta":{"footnotes":""},"categories":[14],"tags":[23,57,28,29,3524,542,32,33,22,30,31,35,39,38,36,37,34,23126,40,20,6080,26,27,141,24,25,54,55,56,21,58],"class_list":{"0":"post-112689","1":"post","2":"type-post","3":"status-publish","4":"format-standard","5":"has-post-thumbnail","7":"category-zinas-no-arvalstim","8":"tag-aktualitates","9":"tag-arvalstim","10":"tag-breaking-news","11":"tag-breakingnews","12":"tag-daiga-mierina","13":"tag-donalds-tramps","14":"tag-featured-news","15":"tag-featurednews","16":"tag-headlines","17":"tag-latest-news","18":"tag-latestnews","19":"tag-latvia","20":"tag-latvian","21":"tag-latviesu","22":"tag-latviesu-valoda","23":"tag-latviesuvaloda","24":"tag-latvija","25":"tag-latvijas-arpolitika","26":"tag-lv","27":"tag-news","28":"tag-nobela-miera-premija","29":"tag-popularakas-zinas","30":"tag-popularakaszinas","31":"tag-saeima","32":"tag-top-stories","33":"tag-topstories","34":"tag-world","35":"tag-world-news","36":"tag-worldnews","37":"tag-zinas","38":"tag-zinas-no-arvalstim"},"share_on_mastodon":{"url":"","error":"Validation failed: Text character limit of 500 exceeded"},"_links":{"self":[{"href":"https:\/\/www.europesays.com\/lv\/wp-json\/wp\/v2\/posts\/112689","targetHints":{"allow":["GET"]}}],"collection":[{"href":"https:\/\/www.europesays.com\/lv\/wp-json\/wp\/v2\/posts"}],"about":[{"href":"https:\/\/www.europesays.com\/lv\/wp-json\/wp\/v2\/types\/post"}],"author":[{"embeddable":true,"href":"https:\/\/www.europesays.com\/lv\/wp-json\/wp\/v2\/users\/2"}],"replies":[{"embeddable":true,"href":"https:\/\/www.europesays.com\/lv\/wp-json\/wp\/v2\/comments?post=112689"}],"version-history":[{"count":0,"href":"https:\/\/www.europesays.com\/lv\/wp-json\/wp\/v2\/posts\/112689\/revisions"}],"wp:featuredmedia":[{"embeddable":true,"href":"https:\/\/www.europesays.com\/lv\/wp-json\/wp\/v2\/media\/112690"}],"wp:attachment":[{"href":"https:\/\/www.europesays.com\/lv\/wp-json\/wp\/v2\/media?parent=112689"}],"wp:term":[{"taxonomy":"category","embeddable":true,"href":"https:\/\/www.europesays.com\/lv\/wp-json\/wp\/v2\/categories?post=112689"},{"taxonomy":"post_tag","embeddable":true,"href":"https:\/\/www.europesays.com\/lv\/wp-json\/wp\/v2\/tags?post=112689"}],"curies":[{"name":"wp","href":"https:\/\/api.w.org\/{rel}","templated":true}]}}