{"id":112723,"date":"2026-01-25T00:40:08","date_gmt":"2026-01-25T00:40:08","guid":{"rendered":"https:\/\/www.europesays.com\/lv\/112723\/"},"modified":"2026-01-25T00:40:08","modified_gmt":"2026-01-25T00:40:08","slug":"rezeknes-pilsetas-dome-apstiprina-2026-gada-budzetu-647-miljonu-eiro-apmera-ar-fokusetiem-ieguldijumiem-uznemejdarbiba-kultura-un-socialaja-joma","status":"publish","type":"post","link":"https:\/\/www.europesays.com\/lv\/112723\/","title":{"rendered":"R\u0113zeknes pils\u0113tas dome apstiprina 2026. gada bud\u017eetu 64,7 miljonu eiro apm\u0113r\u0101 ar fokus\u0113tiem ieguld\u012bjumiem uz\u0146\u0113m\u0113jdarb\u012bb\u0101, kult\u016br\u0101 un soci\u0101laj\u0101 jom\u0101"},"content":{"rendered":"<p>R\u0113zeknes bud\u017eeta priorit\u0101tes 2026. gad\u0101<\/p>\n<p>R\u0113zeknes valstspils\u0113tas dome ir apstiprin\u0101jusi pils\u0113tas pa\u0161vald\u012bbas bud\u017eetu \u0161im gadam, paredzot kop\u0113jos izdevumus 64,724 miljonu eiro apm\u0113r\u0101. K\u0101 inform\u0113 Latvijas Sabiedriskie Mediji, no \u0161\u012bs summas 4,05 miljoni eiro tiks novirz\u012bti aiz\u0146\u0113mumu atmaksai. Bud\u017eeta ie\u0146\u0113mumi pl\u0101noti 56,5 miljonu eiro apm\u0113r\u0101. Papildus tam, bud\u017eet\u0101 iek\u013cauti pieci miljoni eiro k\u0101 naudas l\u012bdzek\u013cu atlikums uz gada s\u0101kumu, k\u0101 ar\u012b pl\u0101notie aiz\u0146\u0113mumi 3,3 miljonu eiro apm\u0113r\u0101 2026. gadam. Pa\u0161vald\u012bba uzskata, ka bud\u017eets ir sabalans\u0113ts, kas ir b\u016btiski, jo R\u0113zekne v\u0113l joproj\u0101m atrodas stabiliz\u0101cijas proces\u0101 p\u0113c finan\u0161u kr\u012bzes un iepriek\u0161\u0113j\u0101 gada valsts pie\u0161\u0137irt\u0101 aizdevuma. Pils\u0113tas par\u0101dsaist\u012bbu apm\u0113rs prognoz\u0113ts 18,6% no kop\u0113j\u0101 bud\u017eeta, kas ir pieaugums no l\u012bdz\u0161in\u0113jiem 16,9%.<\/p>\n<p>Galven\u0101s R\u0113zeknes bud\u017eeta priorit\u0101tes \u0161ogad ir uz\u0146\u0113m\u0113jdarb\u012bbas att\u012bst\u012bba, kult\u016bras un soci\u0101l\u0101s jomas stiprin\u0101\u0161ana. Paredz\u0113ts atjaunot vair\u0101kas br\u012bvpr\u0101t\u012bg\u0101s iniciat\u012bvas, tostarp jaundzimu\u0161\u0101 pabalstu un bezmaksas sabiedrisk\u0101 transporta izmanto\u0161anu person\u0101m, kas vec\u0101kas par 60 gadiem.<\/p>\n<p>Ieguld\u012bjumi infrastrukt\u016br\u0101 un uz\u0146\u0113m\u0113jdarb\u012bbas veicin\u0101\u0161an\u0101<\/p>\n<p>Bud\u017eet\u0101 paredz\u0113ti iev\u0113rojami l\u012bdzek\u013ci uz\u0146\u0113m\u0113jdarb\u012bbas att\u012bst\u012bbai. Tiek pl\u0101nots turpin\u0101t uz\u0146\u0113m\u0113jdarb\u012bbas infrastrukt\u016bras projektus, tostarp jaunas industri\u0101l\u0101s zonas infrastrukt\u016bras izb\u016bvi 2,87 miljonu eiro apm\u0113r\u0101. Tas ietver gandr\u012bz kilometru garas publiski pieejamas ielas izb\u016bvi ar ietv\u0113m un sak\u0101rtotiem in\u017eeniert\u012bkliem. \u0160is projekts ir noz\u012bm\u012bgs solis pils\u0113tas ekonomisk\u0101s izaugsmes veicin\u0101\u0161an\u0101, radot labv\u0113l\u012bgu vidi jaunu uz\u0146\u0113mumu piesaistei un eso\u0161o att\u012bst\u012bbai. T\u0101pat pl\u0101nots finans\u0113jums noz\u012bm\u012bgu infrastrukt\u016bras projektu \u012bsteno\u0161anai, piem\u0113ram, Maskavas ielas atzara asfalt\u0113\u0161anai, D\u0101rzu ielas tilta seguma atjauno\u0161anai un ietvju savienojumu izb\u016bvei Stacijas un Dzelzce\u013cnieku iel\u0101.<\/p>\n<p>Tiek uzs\u0101kts ar\u012b &#8220;Za\u013c\u0101s infrastrukt\u016bras att\u012bst\u012bbas&#8221; projekts, kura m\u0113r\u0137is ir uzlabot gaisa kvalit\u0101ti pils\u0113tas centr\u0101 un Zieme\u013cu rajon\u0101, paral\u0113li turpinot starptautiskos projektus videi draudz\u012bgas mobilit\u0101tes veicin\u0101\u0161anai.<\/p>\n<p>Kult\u016bras un soci\u0101l\u0101s jomas priorit\u0101tes<\/p>\n<p>Kult\u016bras jom\u0101 R\u0113zekn\u0113 pl\u0101nots uzs\u0101kt Kult\u016bras nama renov\u0101ciju, kas dos jaunu elpu pils\u0113tas kult\u016bras dz\u012bvei un nodro\u0161in\u0101s m\u016bsdien\u012bg\u0101ku vidi kult\u016bras pas\u0101kumu norisei. Soci\u0101laj\u0101 sf\u0113r\u0101 pa\u0161vald\u012bba pl\u0101no palielin\u0101t algas b\u0101ri\u0146tiesas un soci\u0101lajiem darbiniekiem, t\u0101d\u0113j\u0101di nov\u0113rt\u0113jot vi\u0146u svar\u012bgo darbu un uzlabojot pakalpojumu kvalit\u0101ti iedz\u012bvot\u0101jiem. Papildus tam, tiek saglab\u0101tas br\u012bvpr\u0101t\u012bg\u0101s iniciat\u012bvas, piem\u0113ram, jaundzimu\u0161\u0101 pabalsts un bezmaksas brauk\u0161anas iesp\u0113jas pils\u0113tas sabiedriskaj\u0101 transport\u0101 person\u0101m vecum\u0101 virs 60 gadiem, kas apliecina pa\u0161vald\u012bbas r\u016bpes par iedz\u012bvot\u0101ju soci\u0101lo nodro\u0161in\u0101jumu un labkl\u0101j\u012bbu.<\/p>\n<p>Lai gan opoz\u012bcijas deput\u0101ti bija ierosin\u0101ju\u0161i palielin\u0101t atalgojumu ar\u012b pirmsskolas izgl\u012bt\u012bbas iest\u0101\u017eu pedagogu pal\u012bgiem, kuri sa\u0146em minim\u0101lo algu un kuru atalgojums nav p\u0101rskat\u012bts ilgsto\u0161i, \u0161is priek\u0161likums netika atbalst\u012bts. Tas nor\u0101da uz bud\u017eeta pl\u0101no\u0161anas diskusiju dinamiku pa\u0161vald\u012bb\u0101.<\/p>\n<p>Izgl\u012bt\u012bbas sektors un infrastrukt\u016bras uzlabojumi<\/p>\n<p>Lai gan izgl\u012bt\u012bbas nozarei nav nor\u0101d\u012bta konkr\u0113ta priorit\u0101te \u0161\u012b gada bud\u017eet\u0101, t\u0101s noz\u012bm\u012bgums ir v\u0113rojams infrastrukt\u016bras projektu kontekst\u0101. Tiek pl\u0101nots R\u0113zeknes pamatskolas \u2013 att\u012bst\u012bbas centra remonts, kas uzlabos m\u0101c\u012bbu vidi skol\u0113niem un nodro\u0161in\u0101s lab\u0101kus apst\u0101k\u013cus pedagogiem. Iepriek\u0161\u0113jo gadu bud\u017eetos izgl\u012bt\u012bbai tika novirz\u012bta iev\u0113rojama da\u013ca l\u012bdzek\u013cu, piem\u0113ram, 2026. gad\u0101 paredz\u0113ti 28 miljoni eiro jeb 46% no pamatbud\u017eeta izdevumiem, k\u0101 ar\u012b finans\u0113jums pedagogu atalgojuma palielin\u0101\u0161anai un br\u012bvpusdienu nodro\u0161in\u0101\u0161anai 1.-7. kla\u0161u skol\u0113niem. \u0160ie dati liecina par nep\u0101rtrauktu uzman\u012bbu izgl\u012bt\u012bbas nozares att\u012bst\u012bbai R\u0113zekn\u0113.<\/p>\n<p>Finan\u0161u stabiliz\u0101cijas process un par\u0101dsaist\u012bbas<\/p>\n<p>R\u0113zeknes pils\u0113tas pa\u0161vald\u012bba turpina finan\u0161u stabiliz\u0101cijas procesu, kas s\u0101k\u0101s p\u0113c smag\u0101s finan\u0161u kr\u012bzes. Lai gan situ\u0101cija ir stabiliz\u0113jusies, k\u0101 atz\u012bm\u0113jusi Finan\u0161u ministrija, pilns stabiliz\u0101cijas process pl\u0101nots nosl\u0113gties 2026. gad\u0101. Pa\u0161vald\u012bbas par\u0101dsaist\u012bbu apm\u0113rs, kas sasniedz 18,58% no bud\u017eeta, liecina par nepiecie\u0161am\u012bbu r\u016bp\u012bgi pl\u0101not finan\u0161u resursus un turpin\u0101t darbu pie par\u0101du samazin\u0101\u0161anas. Finan\u0161u ministrija ir uzsv\u0113rusi, ka l\u012bdz \u0161im nav biju\u0161i ilgsto\u0161i kav\u0113ti maks\u0101jumi, kas ir b\u016btisks progress. Pils\u0113tas sp\u0113ja sabalans\u0113t n\u0101kamo bud\u017eetu ir atkar\u012bga no t\u0101l\u0101k\u0101m darb\u012bb\u0101m, tostarp nekustam\u0101 \u012bpa\u0161uma p\u0101rdo\u0161anas un efekt\u012bvas finan\u0161u vad\u012bbas.<\/p>\n","protected":false},"excerpt":{"rendered":"R\u0113zeknes bud\u017eeta priorit\u0101tes 2026. gad\u0101 R\u0113zeknes valstspils\u0113tas dome ir apstiprin\u0101jusi pils\u0113tas pa\u0161vald\u012bbas bud\u017eetu \u0161im gadam, paredzot kop\u0113jos izdevumus&hellip;\n","protected":false},"author":2,"featured_media":112724,"comment_status":"","ping_status":"","sticky":false,"template":"","format":"standard","meta":{"footnotes":""},"categories":[5],"tags":[12118,23,28,29,32,33,22,30,31,35,39,38,36,37,34,26381,40,20,24729,26,27,167,18957,24,25,21],"class_list":{"0":"post-112723","1":"post","2":"type-post","3":"status-publish","4":"format-standard","5":"has-post-thumbnail","7":"category-aktualitates","8":"tag-2026-gads","9":"tag-aktualitates","10":"tag-breaking-news","11":"tag-breakingnews","12":"tag-featured-news","13":"tag-featurednews","14":"tag-headlines","15":"tag-latest-news","16":"tag-latestnews","17":"tag-latvia","18":"tag-latvian","19":"tag-latviesu","20":"tag-latviesu-valoda","21":"tag-latviesuvaloda","22":"tag-latvija","23":"tag-latvijas-pasvaldibas","24":"tag-lv","25":"tag-news","26":"tag-pasvaldibas-budzets","27":"tag-popularakas-zinas","28":"tag-popularakaszinas","29":"tag-rezekne","30":"tag-terini","31":"tag-top-stories","32":"tag-topstories","33":"tag-zinas"},"share_on_mastodon":{"url":"https:\/\/pubeurope.com\/@lv\/115952957741861410","error":""},"_links":{"self":[{"href":"https:\/\/www.europesays.com\/lv\/wp-json\/wp\/v2\/posts\/112723","targetHints":{"allow":["GET"]}}],"collection":[{"href":"https:\/\/www.europesays.com\/lv\/wp-json\/wp\/v2\/posts"}],"about":[{"href":"https:\/\/www.europesays.com\/lv\/wp-json\/wp\/v2\/types\/post"}],"author":[{"embeddable":true,"href":"https:\/\/www.europesays.com\/lv\/wp-json\/wp\/v2\/users\/2"}],"replies":[{"embeddable":true,"href":"https:\/\/www.europesays.com\/lv\/wp-json\/wp\/v2\/comments?post=112723"}],"version-history":[{"count":0,"href":"https:\/\/www.europesays.com\/lv\/wp-json\/wp\/v2\/posts\/112723\/revisions"}],"wp:featuredmedia":[{"embeddable":true,"href":"https:\/\/www.europesays.com\/lv\/wp-json\/wp\/v2\/media\/112724"}],"wp:attachment":[{"href":"https:\/\/www.europesays.com\/lv\/wp-json\/wp\/v2\/media?parent=112723"}],"wp:term":[{"taxonomy":"category","embeddable":true,"href":"https:\/\/www.europesays.com\/lv\/wp-json\/wp\/v2\/categories?post=112723"},{"taxonomy":"post_tag","embeddable":true,"href":"https:\/\/www.europesays.com\/lv\/wp-json\/wp\/v2\/tags?post=112723"}],"curies":[{"name":"wp","href":"https:\/\/api.w.org\/{rel}","templated":true}]}}