{"id":112736,"date":"2026-01-25T01:28:22","date_gmt":"2026-01-25T01:28:22","guid":{"rendered":"https:\/\/www.europesays.com\/lv\/112736\/"},"modified":"2026-01-25T01:28:22","modified_gmt":"2026-01-25T01:28:22","slug":"paula-stradina-tuvinieki-viesite-goda-profesora-pieminu-un-atbalsta-muzeju-jekabpils-laiks-jekabpils-zinas","status":"publish","type":"post","link":"https:\/\/www.europesays.com\/lv\/112736\/","title":{"rendered":"Paula Stradi\u0146a tuvinieki Vies\u012bt\u0113 god\u0101 profesora piemi\u0146u un atbalsta muzeju \/ J\u0113kabpils Laiks: J\u0113kabpils zi\u0146as"},"content":{"rendered":"<p>\u0136irurgs, akad\u0113mi\u0137is un profesors Pauls Stradi\u0146\u0161 n\u0101k no J\u0113kabpils novada Vies\u012btes, un \u0113ku, kuru vi\u0146\u0161 vi\u0146\u0161 12 gadus d\u0113v\u0113ja par sav\u0101m m\u0101j\u0101m rot\u0101 piemi\u0146as pl\u0101ksne. \u0160ogad aprit 130 gadi kop\u0161 vi\u0146a dzim\u0161anas, un pils\u0113t\u0101 vi\u0146a piemi\u0146a joproj\u0101m ir dz\u012bva \u2013 pie vidusskolas uzst\u0101d\u012bts piemineklis, un \u0113k\u0101, kur profesors savulaik m\u0101c\u012bjies, jau aptuveni 15 gadus atrodas muzejs.<\/p>\n<blockquote><p>&#13;<\/p>\n<p>\u201cVi\u0146\u0161 ir labs piem\u0113rs, galvenok\u0101rt ar savu darbu un sasniegumiem \u2013 gan medic\u012bnas, gan sava novada, k\u0101 ar\u012b muzeju lab\u0101, jo tie\u0161i vi\u0146\u0161 izveidoja medic\u012bnas muzeju,\u201d saka Vies\u012btes muzeja \u201cS\u0113lija\u201d vad\u012bt\u0101js Juris Ku\u010dinskis.<\/p>\n<p>&#13;\n<\/p><\/blockquote>\n<p>Vies\u012btes muzeja \u201cS\u0113lija\u201d fili\u0101l\u0113 Paula Stradi\u0146a skola liel\u0101k\u0101 da\u013ca ekspoz\u012bciju velt\u012bta Stradi\u0146u dzimtai.<\/p>\n<blockquote><p>&#13;<\/p>\n<p>\u201cTe ir viens no ekspon\u0101tiem, kas vislab\u0101k raksturo Paula Stradi\u0146a dz\u012bvi un darbu. Tas ir portfelis, ko vi\u0146\u0161 lietojis l\u012bdz m\u016b\u017ea beig\u0101m,\u201d st\u0101sta Vies\u012btes muzeja \u201cS\u0113lija\u201d izst\u0101\u017eu un ekspoz\u012bciju kuratore Ilze Egl\u012bte. \u201cTas, cik \u013coti tas ir nolietots, liecina par Paulu Stradi\u0146u k\u0101 svar\u012bgu faktu \u2013 vi\u0146am \u0101r\u0113jais izskats nebija pirmaj\u0101 viet\u0101, statuss vi\u0146am nebija svar\u012bg\u0101kais. Vi\u0146am pirmaj\u0101 viet\u0101 bija darbs.\u201d<\/p>\n<p>&#13;\n<\/p><\/blockquote>\n<p>To pa\u0161u portfeli v\u0113l\u0101k lietoja vi\u0146a d\u0113ls, zin\u0101tnes v\u0113sturnieks un S\u0113lijas identit\u0101tes stiprin\u0101t\u0101js J\u0101nis Stradi\u0146\u0161, kur\u0161 to v\u0113l\u0101k nodeva muzejam. M\u016bsdien\u0101s ekspoz\u012bcijas turpina papildin\u0101t ar citiem Paula Stradi\u0146a tuvinieku ziedojumiem.<\/p>\n<blockquote><p>&#13;<\/p>\n<p>\u201c\u013boti augstu nov\u0113rt\u0113jam, ka Vies\u012bte saglab\u0101 \u0161o Paula Stradi\u0146a piemi\u0146u. Mans t\u0113vs to aizs\u0101ka, daudz pal\u012bdz\u0113ja muzejam gan ar inform\u0101ciju, gan ekspon\u0101tiem, un tagad m\u0113s to turpin\u0101m,\u201d teic kardio\u0137irurgs, profesors un Paula Stradi\u0146a mazd\u0113ls P\u0113teris Stradi\u0146\u0161.<\/p>\n<p>&#13;\n<\/p><\/blockquote>\n<p>Tuv\u0101kaj\u0101 laik\u0101 mazd\u0113ls pl\u0101no muzeja kr\u0101jum\u0101 nodot da\u017e\u0101das m\u0113beles, kas saist\u012btas ar Stradi\u0146u dzimtu. \u0160obr\u012bd ekspoz\u012bcij\u0101 jau apskat\u0101ma k\u0101jminam\u0101 \u0161ujma\u0161\u012bna.<\/p>\n<blockquote><p>&#13;<\/p>\n<p>\u201cTo s\u0101kum\u0101 izmantoja J\u0101nis Stradi\u0146\u0161 k\u0101 rakst\u0101mgaldu, uz kura vi\u0146\u0161, starp citu, rakst\u012bja materi\u0101lu pirmajam S\u0113lijas kongresam, kas notika 1999. gad\u0101,\u201d atkl\u0101j muzeja vad\u012bt\u0101js.<\/p>\n<p>&#13;\n<\/p><\/blockquote>\n<p>Muzeja darbinieki uzsver, ka Pauls Stradi\u0146\u0161 ir viena no paz\u012bstam\u0101kaj\u0101m person\u012bb\u0101m, kura saknes mekl\u0113jamas Vies\u012btes pus\u0113. Tom\u0113r pils\u0113ta var lepoties ar\u012b ar latvie\u0161u laic\u012bg\u0101s literat\u016bras pamatlic\u0113ju veco Stenderu.<\/p>\n<blockquote><p>&#13;<\/p>\n<p>\u201cVi\u0146am ir ar\u012b saist\u012bba ar Paulu Stradi\u0146u, jo \u0161is vec\u0101 Stendera mazmazmazd\u0113ls bija tas, kur\u0161 krist\u012bja Paulu Stradi\u0146u,\u201d saka Juris Ku\u010dinskis.<\/p>\n<p>&#13;\n<\/p><\/blockquote>\n<p>\u0160ogad Vies\u012bt\u0113 pl\u0101nots r\u012bkot vair\u0101kas izgl\u012btojo\u0161as lekcijas par Stradi\u0146u dzimtu. Akad\u0113mi\u0137i tiek piemin\u0113ti vis\u0101 Latvij\u0101. Piem\u0113ram, Pauls Stradi\u0146\u0161 tiek uzskat\u012bts ar\u012b par vienu no kr\u0101sain\u0101s fotogr\u0101fijas pionieriem Latvij\u0101. Nesen J\u016brmal\u0101 tika demonstr\u0113tas vi\u0146a unik\u0101l\u0101s fotogr\u0101fijas, un cer\u012bba ir, ka n\u0101kotn\u0113 t\u0101s var\u0113s izst\u0101d\u012bt ar\u012b Vies\u012bt\u0113.<\/p>\n<p>Kate Katr\u012bna Strode<\/p>\n","protected":false},"excerpt":{"rendered":"\u0136irurgs, akad\u0113mi\u0137is un profesors Pauls Stradi\u0146\u0161 n\u0101k no J\u0113kabpils novada Vies\u012btes, un \u0113ku, kuru vi\u0146\u0161 vi\u0146\u0161 12 gadus&hellip;\n","protected":false},"author":2,"featured_media":112737,"comment_status":"","ping_status":"","sticky":false,"template":"","format":"standard","meta":{"footnotes":""},"categories":[5],"tags":[23,28,29,32,33,22,987,986,30,31,35,39,38,36,37,34,40,20,26,27,24,25,21],"class_list":{"0":"post-112736","1":"post","2":"type-post","3":"status-publish","4":"format-standard","5":"has-post-thumbnail","7":"category-aktualitates","8":"tag-aktualitates","9":"tag-breaking-news","10":"tag-breakingnews","11":"tag-featured-news","12":"tag-featurednews","13":"tag-headlines","14":"tag-jekabpils-zinas","15":"tag-jekabpilslaiks","16":"tag-latest-news","17":"tag-latestnews","18":"tag-latvia","19":"tag-latvian","20":"tag-latviesu","21":"tag-latviesu-valoda","22":"tag-latviesuvaloda","23":"tag-latvija","24":"tag-lv","25":"tag-news","26":"tag-popularakas-zinas","27":"tag-popularakaszinas","28":"tag-top-stories","29":"tag-topstories","30":"tag-zinas"},"share_on_mastodon":{"url":"https:\/\/pubeurope.com\/@lv\/115953146456828179","error":""},"_links":{"self":[{"href":"https:\/\/www.europesays.com\/lv\/wp-json\/wp\/v2\/posts\/112736","targetHints":{"allow":["GET"]}}],"collection":[{"href":"https:\/\/www.europesays.com\/lv\/wp-json\/wp\/v2\/posts"}],"about":[{"href":"https:\/\/www.europesays.com\/lv\/wp-json\/wp\/v2\/types\/post"}],"author":[{"embeddable":true,"href":"https:\/\/www.europesays.com\/lv\/wp-json\/wp\/v2\/users\/2"}],"replies":[{"embeddable":true,"href":"https:\/\/www.europesays.com\/lv\/wp-json\/wp\/v2\/comments?post=112736"}],"version-history":[{"count":0,"href":"https:\/\/www.europesays.com\/lv\/wp-json\/wp\/v2\/posts\/112736\/revisions"}],"wp:featuredmedia":[{"embeddable":true,"href":"https:\/\/www.europesays.com\/lv\/wp-json\/wp\/v2\/media\/112737"}],"wp:attachment":[{"href":"https:\/\/www.europesays.com\/lv\/wp-json\/wp\/v2\/media?parent=112736"}],"wp:term":[{"taxonomy":"category","embeddable":true,"href":"https:\/\/www.europesays.com\/lv\/wp-json\/wp\/v2\/categories?post=112736"},{"taxonomy":"post_tag","embeddable":true,"href":"https:\/\/www.europesays.com\/lv\/wp-json\/wp\/v2\/tags?post=112736"}],"curies":[{"name":"wp","href":"https:\/\/api.w.org\/{rel}","templated":true}]}}