{"id":112745,"date":"2026-01-25T02:11:09","date_gmt":"2026-01-25T02:11:09","guid":{"rendered":"https:\/\/www.europesays.com\/lv\/112745\/"},"modified":"2026-01-25T02:11:09","modified_gmt":"2026-01-25T02:11:09","slug":"liepajniece-venera-kruze-pierada-ka-drosmei-nav-vecuma","status":"publish","type":"post","link":"https:\/\/www.europesays.com\/lv\/112745\/","title":{"rendered":"liep\u0101jniece Ven\u0113ra Kr\u016bze pier\u0101da, ka drosmei nav vecuma"},"content":{"rendered":"<p>\u0160obr\u012bd Ven\u0113ra jau piecus gadus str\u0101d\u0101 autoskol\u0101, galvenok\u0101rt ar jaunie\u0161iem, daloties ne tikai zin\u0101\u0161an\u0101s, bet ar\u012b 31 gada person\u012bgaj\u0101 autovad\u012bt\u0101jas pieredz\u0113. \u201cMan pat\u012bk b\u016bt klas\u0113. Tur ir dz\u012bve,\u201d vi\u0146a saka.<\/p>\n<p><img decoding=\"async\" class=\"figure__image\" onclick=\"triggerEvent('articleImageClick', { id: 17402861, focus: 'single-image', focusIndex: '17402861' })\" onkeydown=\"if (event.key === 'Enter') {&#10;        triggerEvent('articleImageClick', { id: 17402861, focus: 'single-image', focusIndex: '17402861' })&#10;        }\" role=\"button\" tabindex=\"0\" data-focus-from=\"single-image\" data-focus-index=\"17402861\" src=\"https:\/\/www.europesays.com\/lv\/wp-content\/uploads\/2026\/01\/17402861t1he7a2.jpg\"  onload=\"this.parentElement.classList.remove('figure__image-loading')\" alt=\"\"\/> Foto: No person\u012bg\u0101 arh\u012bva<\/p>\n<p>Sieviete ar r\u0113t\u0101m un sp\u0113ku<\/p>\n<p>Ven\u0113ra ir tr\u012bs b\u0113rnu mamma un vecm\u0101mi\u0146a. Vi\u0146as dz\u012bv\u0113 ir ar\u012b s\u0101pes, par kur\u0101m vi\u0146a run\u0101 atkl\u0101ti \u2014 viens no mazd\u0113liem m\u016b\u017e\u012bgi paliks 17 gadu vecum\u0101. \u201cT\u0101s ir r\u0113tas, kuras nesam aiz smaida. T\u0101 nav v\u0101juma paz\u012bme \u2014 t\u0101 ir drosme,\u201d vi\u0146a uzsver.<\/p>\n<p>Ikdien\u0101 Ven\u0113ra dz\u012bvo akt\u012bvi: r\u012bti s\u0101kas ar vingrojumiem, vasaras \u2014 j\u016br\u0101 neatkar\u012bgi no kalend\u0101ra, ziem\u0101s vi\u0146a dodas uz siltaj\u0101m zem\u0113m. Vi\u0146ai pat\u012bk izaicin\u0101jumi \u2014 p\u0113d\u0113jos gados ieg\u016btas kravas auto un motocikla vad\u012bt\u0101ja apliec\u012bbas, piedz\u012bvots ar\u012b spont\u0101ns lidojums uz Tenerifi k\u0101 radio konkursa balva.<\/p>\n<p>K\u0101p\u0113c skaistumkonkurss?<\/p>\n<p>Uz skaistumkonkursu Ven\u0113ra n\u0101k nevis titula, bet pieredzes d\u0113\u013c. \u201cSkaistums nav tikai \u0101r\u0113jais iesai\u0146ojums. Skaistums ir attieksme, sadarb\u012bba, cilv\u0113c\u012bba,\u201d vi\u0146a uzskata. Ven\u0113ra tic, ka sievietes konkurs\u0101 nesacen\u0161as c\u012b\u0146\u0101, bet cent\u012bb\u0101, un ka atbalsts un draudz\u012bba sp\u0113j vair\u0101k nek\u0101 ne\u017e\u0113l\u012bga konkurence.<\/p>\n<p>\u201cNevis skaisti cilv\u0113ki ir laim\u012bgi, bet laim\u012bgie ir skaisti,\u201d \u2014 \u0161\u012b p\u0101rliec\u012bba ir vi\u0146as iek\u0161\u0113jais dzin\u0113jsp\u0113ks.<\/p>\n<p>Ven\u0113ras \u0161\u012b br\u012b\u017ea dz\u012bves vadmot\u012bvs ir skaidrs un tie\u0161s:<br \/>\u201cLab\u0101k izdar\u012b\u0161u un no\u017e\u0113lo\u0161u, nek\u0101 no\u017e\u0113lo\u0161u, ka neuzdro\u0161in\u0101jos.\u201d<br \/>Un, k\u0101 pati atz\u012bst \u2014 l\u012bdz \u0161im vi\u0146a nav no\u017e\u0113lojusi neko.<\/p>\n<p>Elite Beauty Queens nov\u0113l Ven\u0113rai Kr\u016bzei sp\u0113ku, iedvesmu un drosmi \u0161aj\u0101 ce\u013c\u0101 uz \u201cMiss &amp; Mrs Liep\u0101ja Elite 2026\u201dskatuvi \u2014 jo vi\u0146as st\u0101sts jau pats par sevi ir kronis.<\/p>\n","protected":false},"excerpt":{"rendered":"\u0160obr\u012bd Ven\u0113ra jau piecus gadus str\u0101d\u0101 autoskol\u0101, galvenok\u0101rt ar jaunie\u0161iem, daloties ne tikai zin\u0101\u0161an\u0101s, bet ar\u012b 31 gada&hellip;\n","protected":false},"author":2,"featured_media":112746,"comment_status":"","ping_status":"","sticky":false,"template":"","format":"standard","meta":{"footnotes":""},"categories":[19],"tags":[63,65,60,89,59,90,70,64,35,39,38,36,37,34,40,68,69,66,67,62,21,61],"class_list":{"0":"post-112745","1":"post","2":"type-post","3":"status-publish","4":"format-standard","5":"has-post-thumbnail","7":"category-izklaide","8":"tag-arvalstis","9":"tag-auto","10":"tag-egoiste","11":"tag-entertainment","12":"tag-financenet","13":"tag-izklaide","14":"tag-klik","15":"tag-kultura","16":"tag-latvia","17":"tag-latvian","18":"tag-latviesu","19":"tag-latviesu-valoda","20":"tag-latviesuvaloda","21":"tag-latvija","22":"tag-lv","23":"tag-maja","24":"tag-receptes","25":"tag-sejas","26":"tag-sports","27":"tag-viedokli","28":"tag-zinas","29":"tag-zinatne"},"share_on_mastodon":{"url":"https:\/\/pubeurope.com\/@lv\/115953315492615489","error":""},"_links":{"self":[{"href":"https:\/\/www.europesays.com\/lv\/wp-json\/wp\/v2\/posts\/112745","targetHints":{"allow":["GET"]}}],"collection":[{"href":"https:\/\/www.europesays.com\/lv\/wp-json\/wp\/v2\/posts"}],"about":[{"href":"https:\/\/www.europesays.com\/lv\/wp-json\/wp\/v2\/types\/post"}],"author":[{"embeddable":true,"href":"https:\/\/www.europesays.com\/lv\/wp-json\/wp\/v2\/users\/2"}],"replies":[{"embeddable":true,"href":"https:\/\/www.europesays.com\/lv\/wp-json\/wp\/v2\/comments?post=112745"}],"version-history":[{"count":0,"href":"https:\/\/www.europesays.com\/lv\/wp-json\/wp\/v2\/posts\/112745\/revisions"}],"wp:featuredmedia":[{"embeddable":true,"href":"https:\/\/www.europesays.com\/lv\/wp-json\/wp\/v2\/media\/112746"}],"wp:attachment":[{"href":"https:\/\/www.europesays.com\/lv\/wp-json\/wp\/v2\/media?parent=112745"}],"wp:term":[{"taxonomy":"category","embeddable":true,"href":"https:\/\/www.europesays.com\/lv\/wp-json\/wp\/v2\/categories?post=112745"},{"taxonomy":"post_tag","embeddable":true,"href":"https:\/\/www.europesays.com\/lv\/wp-json\/wp\/v2\/tags?post=112745"}],"curies":[{"name":"wp","href":"https:\/\/api.w.org\/{rel}","templated":true}]}}