{"id":112766,"date":"2026-01-25T03:15:13","date_gmt":"2026-01-25T03:15:13","guid":{"rendered":"https:\/\/www.europesays.com\/lv\/112766\/"},"modified":"2026-01-25T03:15:13","modified_gmt":"2026-01-25T03:15:13","slug":"opozicijas-frakcija-rigas-dome-rosina-neuzticibas-balsojumu-kleinbergam","status":"publish","type":"post","link":"https:\/\/www.europesays.com\/lv\/112766\/","title":{"rendered":"Opoz\u012bcijas frakcija R\u012bgas dom\u0113 rosina neuztic\u012bbas balsojumu Kleinbergam"},"content":{"rendered":"<p>K\u0101 a\u0123ent\u016bru LETA inform\u0113ja SV\/AJ frakcij\u0101, opoz\u012bcijas deput\u0101ti uzskata, ka R\u012bgas pa\u0161vald\u012bbas 2026. gada bud\u017eeta pie\u0146em\u0161anas process neesot bijis caursp\u012bd\u012bgs un Kleinbergs neesot sniedzis deput\u0101tiem pilnu inform\u0101ciju par vair\u0101k\u0101m pa\u0161vald\u012bbas bud\u017eeta izdevumu poz\u012bcij\u0101m. T\u0101pat SV\/AJ deput\u0101ti Kleinbergam p\u0101rmet nepien\u0101c\u012bgu kr\u012bzes vad\u012b\u0161anu g\u0101zes spr\u0101dziena Bauskas iel\u0101 seku nov\u0113r\u0161an\u0101.<\/p>\n<p>Jau zi\u0146ots, ka R\u012bgas dome 21. janv\u0101r\u012b pie\u0146\u0113ma \u0161\u012b gada bud\u017eetu, kur\u0101 pl\u0101noti 1,5 miljardu eiro ie\u0146\u0113mumi un 1,7 miljardu eiro t\u0113ri\u0146i.<\/p>\n<p>Par bud\u017eeta pie\u0146em\u0161anu balsoja 34 koal\u012bcijas deput\u0101ti, bet pret &#8211; 22 opoz\u012bcijas deput\u0101ti. Savuk\u0101rt v\u0113l tr\u012bs opoz\u012bcijas deput\u0101ti balsojum\u0101 nepiedal\u012bj\u0101s.<\/p>\n<p>Kleinbergs bud\u017eeta skat\u012b\u0161anas laik\u0101 SV\/AJ p\u0101rmeta destrukt\u012bvu r\u012bc\u012bbu, piem\u0113ram, k\u0101ds t\u0101s domnieks nakt\u012b bija iesniedzis ierosin\u0101jumu ieg\u0101d\u0101ties 30 zelta kr\u0101sas izlietnes par nepilniem 40 000 eiro.<\/p>\n","protected":false},"excerpt":{"rendered":"K\u0101 a\u0123ent\u016bru LETA inform\u0113ja SV\/AJ frakcij\u0101, opoz\u012bcijas deput\u0101ti uzskata, ka R\u012bgas pa\u0161vald\u012bbas 2026. gada bud\u017eeta pie\u0146em\u0161anas process neesot&hellip;\n","protected":false},"author":2,"featured_media":94762,"comment_status":"","ping_status":"","sticky":false,"template":"","format":"standard","meta":{"footnotes":""},"categories":[12],"tags":[23,28,29,32,33,22,30,31,35,39,38,36,37,34,40,20,26,27,172,24,25,2187,21],"class_list":{"0":"post-112766","1":"post","2":"type-post","3":"status-publish","4":"format-standard","5":"has-post-thumbnail","7":"category-latvija","8":"tag-aktualitates","9":"tag-breaking-news","10":"tag-breakingnews","11":"tag-featured-news","12":"tag-featurednews","13":"tag-headlines","14":"tag-latest-news","15":"tag-latestnews","16":"tag-latvia","17":"tag-latvian","18":"tag-latviesu","19":"tag-latviesu-valoda","20":"tag-latviesuvaloda","21":"tag-latvija","22":"tag-lv","23":"tag-news","24":"tag-popularakas-zinas","25":"tag-popularakaszinas","26":"tag-riga","27":"tag-top-stories","28":"tag-topstories","29":"tag-viesturs-kleinbergs","30":"tag-zinas"},"share_on_mastodon":{"url":"https:\/\/pubeurope.com\/@lv\/115953567193524559","error":""},"_links":{"self":[{"href":"https:\/\/www.europesays.com\/lv\/wp-json\/wp\/v2\/posts\/112766","targetHints":{"allow":["GET"]}}],"collection":[{"href":"https:\/\/www.europesays.com\/lv\/wp-json\/wp\/v2\/posts"}],"about":[{"href":"https:\/\/www.europesays.com\/lv\/wp-json\/wp\/v2\/types\/post"}],"author":[{"embeddable":true,"href":"https:\/\/www.europesays.com\/lv\/wp-json\/wp\/v2\/users\/2"}],"replies":[{"embeddable":true,"href":"https:\/\/www.europesays.com\/lv\/wp-json\/wp\/v2\/comments?post=112766"}],"version-history":[{"count":0,"href":"https:\/\/www.europesays.com\/lv\/wp-json\/wp\/v2\/posts\/112766\/revisions"}],"wp:featuredmedia":[{"embeddable":true,"href":"https:\/\/www.europesays.com\/lv\/wp-json\/wp\/v2\/media\/94762"}],"wp:attachment":[{"href":"https:\/\/www.europesays.com\/lv\/wp-json\/wp\/v2\/media?parent=112766"}],"wp:term":[{"taxonomy":"category","embeddable":true,"href":"https:\/\/www.europesays.com\/lv\/wp-json\/wp\/v2\/categories?post=112766"},{"taxonomy":"post_tag","embeddable":true,"href":"https:\/\/www.europesays.com\/lv\/wp-json\/wp\/v2\/tags?post=112766"}],"curies":[{"name":"wp","href":"https:\/\/api.w.org\/{rel}","templated":true}]}}