{"id":112779,"date":"2026-01-25T03:57:05","date_gmt":"2026-01-25T03:57:05","guid":{"rendered":"https:\/\/www.europesays.com\/lv\/112779\/"},"modified":"2026-01-25T03:57:05","modified_gmt":"2026-01-25T03:57:05","slug":"latvijas-slimnicu-vaditaji-aicina-politikus-nepazemot-finansejumu-mazajam-slimnicam-lente-lv","status":"publish","type":"post","link":"https:\/\/www.europesays.com\/lv\/112779\/","title":{"rendered":"Latvijas slimn\u012bcu vad\u012bt\u0101ji aicina politi\u0137us nepazemot finans\u0113jumu mazaj\u0101m slimn\u012bc\u0101m\u00a0\u2014\u00a0Lente.lv"},"content":{"rendered":"<p>Slimn\u012bcu vad\u012bt\u0101ju ba\u017eas par finans\u0113juma samazin\u0101jumu<\/p>\n<p>Vair\u0101ku Latvijas slimn\u012bcu vad\u012bt\u0101ji ir nos\u016bt\u012bju\u0161i atkl\u0101tu v\u0113stuli vesel\u012bbas apr\u016bpes politikas veidot\u0101jiem, pau\u017eot nopietnas ba\u017eas par vesel\u012bbas pakalpojumu pieejam\u012bbu un kvalit\u0101ti valst\u012b, \u012bpa\u0161i akcent\u0113jot finans\u0113juma samazin\u0101jumu mazaj\u0101m un lok\u0101laj\u0101m slimn\u012bc\u0101m. K\u0101 nor\u0101d\u012bts v\u0113stul\u0113, 2026. gad\u0101 pl\u0101nots samazin\u0101t finans\u0113jumu stacion\u0101rajiem pakalpojumiem par vismaz 10%, kas veido vair\u0101k nek\u0101 5 miljonus eiro. \u0160is samazin\u0101jums tiek uzskat\u012bts par iev\u0113rojamu un pat kritisku, \u012bpa\u0161i skarot pacientus re\u0123ionos un tos, kuriem nepiecie\u0161ama speci\u0101l\u0101s apr\u016bpes pal\u012bdz\u012bba, piem\u0113ram, dzemdniec\u012bb\u0101 un traumatolo\u0123ij\u0101.<\/p>\n<p>Neprognoz\u0113tas reformas un t\u0101s sekas<\/p>\n<p>V\u0113stules autori uzsver, ka slimn\u012bcu finans\u0113\u0161anas reforma ir notikusi strauji un bez pietiekamas saska\u0146o\u0161anas ar \u0101rstniec\u012bbas iest\u0101d\u0113m, kas var rad\u012bt negat\u012bvas sekas vesel\u012bbas apr\u016bpes pieejam\u012bbai vis\u0101 Latvij\u0101, \u012bpa\u0161i s\u0101p\u012bgi skarot re\u0123ionu iedz\u012bvot\u0101jus. Tiek prognoz\u0113ts, ka slimn\u012bcu vad\u012bbas r\u012bc\u012bb\u0101 eso\u0161\u0101 inform\u0101cija par finans\u0113juma izmai\u0146\u0101m liecina par nesam\u0113r\u012bgu l\u012bdzek\u013cu samazin\u0101jumu tie\u0161i mazaj\u0101m, lok\u0101laj\u0101m otr\u0101 un tre\u0161\u0101 l\u012bme\u0146a slimn\u012bc\u0101m. Turkl\u0101t tiek nor\u0101d\u012bts, ka liel\u0101kajai da\u013cai re\u0123ion\u0101lo slimn\u012bcu samazin\u0101sies maks\u0101jums par vienu \u0101rst\u0113to pacientu (DRG maks\u0101jums) par 8% l\u012bdz pat 21% gad\u012bjumos, piem\u0113ram, Tukuma, L\u012bv\u0101nu un Zieme\u013ckurzemes slimn\u012bc\u0101s. Tikm\u0113r atsevi\u0161\u0137\u0101m lielaj\u0101m R\u012bgas slimn\u012bc\u0101m paredz\u0113ts DRG maks\u0101juma pieaugums.<\/p>\n<p>Finans\u0113juma samazin\u0101juma ietekme uz pacientiem<\/p>\n<p>Re\u0123ion\u0101lo slimn\u012bcu vad\u012bt\u0101ji uzsver, ka person\u0101la izmaksas veido 70% l\u012bdz 85% no kop\u0113jiem izdevumiem, un samazin\u0101t finans\u0113jumu cit\u0101s poz\u012bcij\u0101s nav iesp\u0113jams. Vi\u0146i pau\u017e ba\u017eas, ka pl\u0101notais finans\u0113juma samazin\u0101jums var apdraud\u0113t ne tikai pamata stacion\u0101ro apr\u016bpi, bet ar\u012b speci\u0101lo pakalpojumu, piem\u0113ram, dzemdniec\u012bbas un traumatolo\u0123ijas, pieejam\u012bbu re\u0123ionos. T\u0101pat tiek min\u0113ts, ka, lai gan kop\u0113jais vesel\u012bbas nozares finans\u0113jums 2026. gad\u0101 sasniegs gandr\u012bz divus miljardus eiro, asto\u0146u miljonu eiro samazin\u0101jums mazaj\u0101m slimn\u012bc\u0101m ir b\u016btisks un apdraud vesel\u012bbas apr\u016bpes pieejam\u012bbu viet\u0113jiem iedz\u012bvot\u0101jiem.<\/p>\n<p>Politisk\u0101s reakcijas un aicin\u0101jumi<\/p>\n<p>Politisko partiju apvien\u012bba Za\u013co un Zemnieku savien\u012bba (ZZS) ir aicin\u0101jusi Vesel\u012bbas ministriju p\u0101rskat\u012bt pl\u0101noto finans\u0113juma sadal\u012bjumu, uzsverot, ka re\u0123ion\u0101l\u0101s slimn\u012bcas ir vit\u0101li svar\u012bgas viet\u0113jo iedz\u012bvot\u0101ju vesel\u012bbas apr\u016bpei. Ar\u012b citi re\u0123ionu p\u0101rst\u0101vji, tostarp Ogres m\u0113rs Egils Helmanis, ir paudu\u0161i neapmierin\u0101t\u012bbu ar pl\u0101notaj\u0101m izmai\u0146\u0101m, nor\u0101dot uz netaisn\u012bgu finans\u0113juma sadal\u012bjumu un at\u0161\u0137ir\u012bb\u0101m pakalpojumu apmaks\u0101 starp re\u0123ionu un R\u012bgas slimn\u012bc\u0101m.<\/p>\n<p>Vesel\u012bbas ministrijas nost\u0101ja un n\u0101kotnes perspekt\u012bvas<\/p>\n<p>Lai gan Vesel\u012bbas ministrija ir skaidrojusi, ka tiek pl\u0101nots p\u0101riet uz tr\u012bs l\u012bme\u0146u slimn\u012bcu modeli (lok\u0101l\u0101s, re\u0123ion\u0101l\u0101s un daudzprofilu slimn\u012bcas) l\u012bdz 2029. gadam, nevis sl\u0113gt konkr\u0113tas slimn\u012bcas, ba\u017eas par finans\u0113juma samazin\u0101jumu un t\u0101 ietekmi uz pakalpojumu pieejam\u012bbu re\u0123ionos joproj\u0101m past\u0101v. Tiek prognoz\u0113ts, ka reformas m\u0113r\u0137is ir uzlabot vesel\u012bbas apr\u016bpes kvalit\u0101ti un efektivit\u0101ti, ta\u010du re\u0123ion\u0101l\u0101s pa\u0161vald\u012bbas un slimn\u012bcu vad\u012bt\u0101ji joproj\u0101m pau\u017e ba\u017eas par savu balsu nedzird\u0113\u0161anu l\u0113mumu pie\u0146em\u0161anas proces\u0101. Situ\u0101cija prasa r\u016bp\u012bgu dialogu starp politikas veidot\u0101jiem un \u0101rstniec\u012bbas iest\u0101d\u0113m, lai nodro\u0161in\u0101tu vesel\u012bbas apr\u016bpes pieejam\u012bbu visiem Latvijas iedz\u012bvot\u0101jiem.<\/p>\n","protected":false},"excerpt":{"rendered":"Slimn\u012bcu vad\u012bt\u0101ju ba\u017eas par finans\u0113juma samazin\u0101jumu Vair\u0101ku Latvijas slimn\u012bcu vad\u012bt\u0101ji ir nos\u016bt\u012bju\u0161i atkl\u0101tu v\u0113stuli vesel\u012bbas apr\u016bpes politikas veidot\u0101jiem,&hellip;\n","protected":false},"author":2,"featured_media":112780,"comment_status":"","ping_status":"","sticky":false,"template":"","format":"standard","meta":{"footnotes":""},"categories":[12],"tags":[23,28,29,32,33,22,30,31,35,39,38,36,37,34,40,20,26392,26,27,13994,26390,24,25,13993,26391,21],"class_list":{"0":"post-112779","1":"post","2":"type-post","3":"status-publish","4":"format-standard","5":"has-post-thumbnail","7":"category-latvija","8":"tag-aktualitates","9":"tag-breaking-news","10":"tag-breakingnews","11":"tag-featured-news","12":"tag-featurednews","13":"tag-headlines","14":"tag-latest-news","15":"tag-latestnews","16":"tag-latvia","17":"tag-latvian","18":"tag-latviesu","19":"tag-latviesu-valoda","20":"tag-latviesuvaloda","21":"tag-latvija","22":"tag-lv","23":"tag-news","24":"tag-pacientu-pieejamiba","25":"tag-popularakas-zinas","26":"tag-popularakaszinas","27":"tag-regionalas-slimnicas","28":"tag-slimnicu-finansejums","29":"tag-top-stories","30":"tag-topstories","31":"tag-veselibas-aprupe-latvija","32":"tag-veselibas-aprupes-reforma","33":"tag-zinas"},"share_on_mastodon":{"url":"https:\/\/pubeurope.com\/@lv\/115953732357437481","error":""},"_links":{"self":[{"href":"https:\/\/www.europesays.com\/lv\/wp-json\/wp\/v2\/posts\/112779","targetHints":{"allow":["GET"]}}],"collection":[{"href":"https:\/\/www.europesays.com\/lv\/wp-json\/wp\/v2\/posts"}],"about":[{"href":"https:\/\/www.europesays.com\/lv\/wp-json\/wp\/v2\/types\/post"}],"author":[{"embeddable":true,"href":"https:\/\/www.europesays.com\/lv\/wp-json\/wp\/v2\/users\/2"}],"replies":[{"embeddable":true,"href":"https:\/\/www.europesays.com\/lv\/wp-json\/wp\/v2\/comments?post=112779"}],"version-history":[{"count":0,"href":"https:\/\/www.europesays.com\/lv\/wp-json\/wp\/v2\/posts\/112779\/revisions"}],"wp:featuredmedia":[{"embeddable":true,"href":"https:\/\/www.europesays.com\/lv\/wp-json\/wp\/v2\/media\/112780"}],"wp:attachment":[{"href":"https:\/\/www.europesays.com\/lv\/wp-json\/wp\/v2\/media?parent=112779"}],"wp:term":[{"taxonomy":"category","embeddable":true,"href":"https:\/\/www.europesays.com\/lv\/wp-json\/wp\/v2\/categories?post=112779"},{"taxonomy":"post_tag","embeddable":true,"href":"https:\/\/www.europesays.com\/lv\/wp-json\/wp\/v2\/tags?post=112779"}],"curies":[{"name":"wp","href":"https:\/\/api.w.org\/{rel}","templated":true}]}}