{"id":112816,"date":"2026-01-25T05:22:15","date_gmt":"2026-01-25T05:22:15","guid":{"rendered":"https:\/\/www.europesays.com\/lv\/112816\/"},"modified":"2026-01-25T05:22:15","modified_gmt":"2026-01-25T05:22:15","slug":"decembra-aukstums-un-janvara-sals-sola-augstakus-apkures-rekinus-mekle-risinajumus-atbalstam-lente-lv","status":"publish","type":"post","link":"https:\/\/www.europesays.com\/lv\/112816\/","title":{"rendered":"Decembra aukstums un janv\u0101ra sals sola augst\u0101kus apkures r\u0113\u0137inus; mekl\u0113 risin\u0101jumus atbalstam\u00a0\u2014\u00a0Lente.lv"},"content":{"rendered":"<p>Aukstais janv\u0101ris paredz liel\u0101kus r\u0113\u0137inus par apkuri<\/p>\n<p>\u0160\u012b gada janv\u0101ris Latvij\u0101 izr\u0101d\u012bjies \u012bpa\u0161i auksts, k\u013c\u016bstot par aukst\u0101ko janv\u0101ri p\u0113d\u0113jo 15 gadu laik\u0101 un otro aukst\u0101ko p\u0113d\u0113jo 30 gadu period\u0101. K\u0101 zi\u0146o telekan\u0101ls TV3, zem\u0101s gaisa temperat\u016bras ir b\u016btiski palielin\u0101ju\u0161as siltumener\u0123ijas pat\u0113ri\u0146u, kas tie\u0161i atspogu\u013cosies m\u0101jsaimniec\u012bbu r\u0113\u0137inos par apkuri, tie paredzami iev\u0113rojami liel\u0101ki nek\u0101 iepriek\u0161\u0113jos m\u0113ne\u0161os. Saska\u0146\u0101 ar AS &#8220;R\u012bgas siltums&#8221; datiem, janv\u0101r\u012b siltumener\u0123ijas pat\u0113ri\u0146\u0161 R\u012bg\u0101 prognoz\u0113ts par 59% liel\u0101ks nek\u0101 decembr\u012b. Tas noz\u012bm\u0113, ka r\u012bdzinieki apkurei un karst\u0101 \u016bdens sagatavo\u0161anai janv\u0101r\u012b var\u0113tu pat\u0113r\u0113t aptuveni 639 000 megavatstundu (MWh), kam\u0113r decembr\u012b pat\u0113ri\u0146\u0161 bija 399 900 MWh.<\/p>\n<p>Ekonomikas ministrs aicina uz \u0101rk\u0101rtas s\u0113di<\/p>\n<p>\u0145emot v\u0113r\u0101 prognoz\u0113to izmaksu pieaugumu, ekonomikas ministrs Viktors Valainis ir rosin\u0101jis nekav\u0113joties sasaukt Valsts ener\u0123\u0113tisk\u0101s kr\u012bzes centra \u0101rk\u0101rtas s\u0113di, lai rastu efekt\u012bvus risin\u0101jumus iedz\u012bvot\u0101ju atbalstam. Ministrs uzsv\u0113ris, ka cilv\u0113kiem ir j\u0101b\u016bt p\u0101rliec\u012bbai, ka valsts vi\u0146us neatst\u0101j vienus ar p\u0101rm\u0113r\u012bgu r\u0113\u0137inu slogu, un situ\u0101cija prasa koordin\u0113tu r\u012bc\u012bbu valsts l\u012bmen\u012b. Vi\u0146\u0161 nor\u0101d\u012bjis, ka Valsts ener\u0123\u0113tisk\u0101s kr\u012bzes centra \u0101rk\u0101rtas s\u0113des form\u0101ts ir piem\u0113rots, lai operat\u012bvi nov\u0113rt\u0113tu situ\u0101ciju un vienlaikus pie\u0146emtu l\u0113mumus par atbalsta pas\u0101kumiem, kas mazin\u0101tu slogu m\u0101jsaimniec\u012bb\u0101m.<\/p>\n<p>Iesp\u0113jamie risin\u0101jumi un atbalsta pas\u0101kumi<\/p>\n<p>Lai gan konkr\u0113ti atbalsta pas\u0101kumi v\u0113l nav izzi\u0146oti, tiek mekl\u0113ti risin\u0101jumi gan pa\u0161vald\u012bbu, gan valsts l\u012bmen\u012b. Viens no priek\u0161likumiem n\u0101k no R\u012bgas vicem\u0113ra Edvarda Ratnieka, kur\u0161 rosina pa\u0161vald\u012bbas kapit\u0101lsabiedr\u012bb\u0101m atteikties no kav\u0113juma procentu piem\u0113ro\u0161anas par savlaic\u012bgi neapmaks\u0101tajiem apkures r\u0113\u0137iniem janv\u0101r\u012b. Tas noz\u012bm\u0113tu, ka iedz\u012bvot\u0101ji var\u0113tu r\u0113\u0137inus segt pa da\u013c\u0101m l\u012bdz n\u0101kam\u0101s apkures sezonas s\u0101kumam, nepiem\u0113rojot nokav\u0113juma maks\u0101jumus. Ekonomikas ministrija ir izstr\u0101d\u0101jusi vair\u0101kus risin\u0101jumus, kas var\u0113tu tikt iedarbin\u0101ti l\u012bdz\u012bgi k\u0101 gad\u012bjum\u0101 ar elektroener\u0123ijas cenu pieaugumu, lai pal\u012bdz\u0113tu segt siltuma maks\u0101jumu pieaugumu. Pa\u0161laik sp\u0113k\u0101 ir da\u017e\u0101das atbalsta programmas, kuru m\u0113r\u0137is ir uzlabot m\u0101jok\u013cu energoefektivit\u0101ti un veicin\u0101t atjaunojamo energoresursu izmanto\u0161anu.<\/p>\n<p>Siltumapg\u0101des uz\u0146\u0113mumu skat\u012bjums<\/p>\n<p>Siltumapg\u0101des uz\u0146\u0113mumi atz\u012bst, ka aukst\u0101 janv\u0101ra d\u0113\u013c iedz\u012bvot\u0101ju r\u0113\u0137ini par apkuri b\u016bs liel\u0101ki. Tom\u0113r, vai \u0161o situ\u0101ciju var\u0113tu saukt par kr\u012bzi, uz\u0146\u0113mumi ap\u0161auba.  AS &#8220;R\u012bgas siltums&#8221; nor\u0101da, ka apkures izmaksas var\u0113tu b\u016bt zem\u0101kas l\u012bdz pat 60% m\u0101j\u0101s, kur\u0101s veikti kompleksi energoefektivit\u0101ti paaugstino\u0161i pas\u0101kumi. Uz\u0146\u0113mums ar\u012b aicina iedz\u012bvot\u0101jus p\u0101rbaud\u012bt, vai k\u0101p\u0146u telp\u0101s, b\u0113ni\u0146os un pagrabos ir aizv\u0113rti logi un durvis, lai nov\u0113rstu cauru\u013cvadu aizsal\u0161anu. Vienlaikus ir izteiktas ba\u017eas par iesp\u0113jamu l\u012bdzek\u013cu neefekt\u012bvu izmanto\u0161anu siltumener\u0123ijas iepirkum\u0101 R\u012bg\u0101, aicinot publiski skaidrot iepirkuma principus un cenas. AS &#8220;R\u012bgas siltums&#8221; \u0161\u012bs ba\u017eas noraida, nor\u0101dot, ka iepirkums notiek saska\u0146\u0101 ar likumu, izv\u0113loties zem\u0101ko cenu izsol\u0113.<\/p>\n<p>Energoefektivit\u0101tes noz\u012bme un n\u0101kotnes perspekt\u012bvas<\/p>\n<p>Lai gan \u0161obr\u012bd aktu\u0101ls ir \u012bstermi\u0146a atbalsts strauji augo\u0161o apkures r\u0113\u0137inu d\u0113\u013c, ilgtermi\u0146\u0101 svar\u012bga paliek m\u0101jok\u013cu energoefektivit\u0101tes uzlabo\u0161ana. Invest\u012bcijas \u0113ku siltin\u0101\u0161an\u0101, logu nomai\u0146\u0101 un modernu apkures sist\u0113mu uzst\u0101d\u012b\u0161an\u0101 var b\u016btiski samazin\u0101t gan siltumener\u0123ijas pat\u0113ri\u0146u, gan izmaksas. Uz\u0146\u0113mumu aptaujas liecina, ka visoptimistisk\u0101kie par n\u0101kam\u0101 gada izaugsmi ir R\u012bgas re\u0123iona uz\u0146\u0113mumi, savuk\u0101rt vispiesardz\u012bg\u0101kie ir Latgales uz\u0146\u0113m\u0113ji, kas var\u0113tu ietekm\u0113t ar\u012b kop\u0113jo ekonomikas att\u012bst\u012bbu Latvij\u0101. Valsts p\u0113t\u012bjumu programma &#8220;Ener\u0123\u0113tika&#8221; p\u0113ta centraliz\u0113t\u0101s siltumapg\u0101des sist\u0113mu att\u012bst\u012bbu, mekl\u0113jot optimiz\u0101cijas risin\u0101jumus energodro\u0161\u012bbas un ekonomisk\u0101 efektivit\u0101tes uzlabo\u0161anai.<\/p>\n","protected":false},"excerpt":{"rendered":"Aukstais janv\u0101ris paredz liel\u0101kus r\u0113\u0137inus par apkuri \u0160\u012b gada janv\u0101ris Latvij\u0101 izr\u0101d\u012bjies \u012bpa\u0161i auksts, k\u013c\u016bstot par aukst\u0101ko janv\u0101ri&hellip;\n","protected":false},"author":2,"featured_media":112817,"comment_status":"","ping_status":"","sticky":false,"template":"","format":"standard","meta":{"footnotes":""},"categories":[5],"tags":[23,26312,7044,26404,28,29,32,33,22,30,31,35,39,38,36,37,34,40,20,26,27,24,25,26370,592,21],"class_list":{"0":"post-112816","1":"post","2":"type-post","3":"status-publish","4":"format-standard","5":"has-post-thumbnail","7":"category-aktualitates","8":"tag-aktualitates","9":"tag-apkures-rekini","10":"tag-atbalsta-pasakumi","11":"tag-auksta-ziema","12":"tag-breaking-news","13":"tag-breakingnews","14":"tag-featured-news","15":"tag-featurednews","16":"tag-headlines","17":"tag-latest-news","18":"tag-latestnews","19":"tag-latvia","20":"tag-latvian","21":"tag-latviesu","22":"tag-latviesu-valoda","23":"tag-latviesuvaloda","24":"tag-latvija","25":"tag-lv","26":"tag-news","27":"tag-popularakas-zinas","28":"tag-popularakaszinas","29":"tag-top-stories","30":"tag-topstories","31":"tag-valsts-energetiskas-krizes-centrs","32":"tag-viktors-valainis","33":"tag-zinas"},"share_on_mastodon":{"url":"https:\/\/pubeurope.com\/@lv\/115954066586012123","error":""},"_links":{"self":[{"href":"https:\/\/www.europesays.com\/lv\/wp-json\/wp\/v2\/posts\/112816","targetHints":{"allow":["GET"]}}],"collection":[{"href":"https:\/\/www.europesays.com\/lv\/wp-json\/wp\/v2\/posts"}],"about":[{"href":"https:\/\/www.europesays.com\/lv\/wp-json\/wp\/v2\/types\/post"}],"author":[{"embeddable":true,"href":"https:\/\/www.europesays.com\/lv\/wp-json\/wp\/v2\/users\/2"}],"replies":[{"embeddable":true,"href":"https:\/\/www.europesays.com\/lv\/wp-json\/wp\/v2\/comments?post=112816"}],"version-history":[{"count":0,"href":"https:\/\/www.europesays.com\/lv\/wp-json\/wp\/v2\/posts\/112816\/revisions"}],"wp:featuredmedia":[{"embeddable":true,"href":"https:\/\/www.europesays.com\/lv\/wp-json\/wp\/v2\/media\/112817"}],"wp:attachment":[{"href":"https:\/\/www.europesays.com\/lv\/wp-json\/wp\/v2\/media?parent=112816"}],"wp:term":[{"taxonomy":"category","embeddable":true,"href":"https:\/\/www.europesays.com\/lv\/wp-json\/wp\/v2\/categories?post=112816"},{"taxonomy":"post_tag","embeddable":true,"href":"https:\/\/www.europesays.com\/lv\/wp-json\/wp\/v2\/tags?post=112816"}],"curies":[{"name":"wp","href":"https:\/\/api.w.org\/{rel}","templated":true}]}}