{"id":112837,"date":"2026-01-25T05:51:19","date_gmt":"2026-01-25T05:51:19","guid":{"rendered":"https:\/\/www.europesays.com\/lv\/112837\/"},"modified":"2026-01-25T05:51:19","modified_gmt":"2026-01-25T05:51:19","slug":"vainodes-bekona-novietne-likvides-kopuma-22-262-cukas-dienas-bizness","status":"publish","type":"post","link":"https:\/\/www.europesays.com\/lv\/112837\/","title":{"rendered":"Vai\u0146odes bekona novietn\u0113 likvid\u0113s kopum\u0101 22 262 c\u016bkas :: Dienas Bizness"},"content":{"rendered":"<p class=\"text-font font-size--text-xlarge margin-3--bottom font-weight--bold padding-1--top\">\u0100frikas c\u016bku m\u0113ra (\u0100CM) skartaj\u0101 SIA &#8220;Vai\u0146odes bekons&#8221; c\u016bku novietn\u0113 Dienvidkurzemes novada Vai\u0146odes pagast\u0101 likvid\u0113s kopum\u0101 22 262 c\u016bkas, a\u0123ent\u016brai LETA pav\u0113st\u012bja P\u0101rtikas un veterin\u0101raj\u0101 dienest\u0101 (PVD).<\/p>\n<p class=\"text-font font-size--text-xlarge margin-3--bottom\">Dienests, veicot epidemiolo\u0123isko izmekl\u0113\u0161anu un papildu paraugu laboratorisko izmekl\u0113\u0161anu, konstat\u0113jis slim\u012bbu vair\u0101kos &#8220;Vai\u0146odes bekona&#8221; novietnes korpusos. \u0145emot v\u0113r\u0101 konstat\u0113to izplat\u012bbu novietn\u0113, nav iesp\u0113jams nodal\u012bt epidemiolo\u0123iski nesaist\u012btas un slim\u012bbas neskartas dz\u012bvnieku grupas, t\u0101d\u0113j\u0101di ir nolemts likvid\u0113t visas novietn\u0113 eso\u0161\u0101s c\u016bkas.<\/p>\n<p class=\"text-font font-size--text-xlarge margin-3--bottom\">Pl\u0101nots, ka c\u016bku likvid\u0113\u0161anas process ilgs vismaz divas ned\u0113\u013cas.<\/p>\n<p class=\"text-font font-size--text-xlarge margin-3--bottom\">Iepriek\u0161 &#8220;Vai\u0146odes bekona&#8221; p\u0101rst\u0101vis Art\u016brs Egl\u012btis a\u0123ent\u016brai LETA sac\u012bja, ka ferm\u0101 c\u016bkas tiek tur\u0113tas vair\u0101kos nodal\u012btos korpusos, t\u0101p\u0113c tika run\u0101ts ar PVD, lai nen\u0101ktos likvid\u0113t visas c\u016bkas.<\/p>\n<p class=\"text-font font-size--text-xlarge margin-3--bottom\">&#8220;Vai\u0146odes bekona&#8221; apgroz\u012bjums 2024. gad\u0101 bija 5,938 miljoni eiro, kas ir par 1,8% vair\u0101k nek\u0101 gadu iepriek\u0161, bet komp\u0101nijas pe\u013c\u0146a samazin\u0101j\u0101s 5,2 reizes un bija 203 618 eiro, liecina inform\u0101cija &#8220;Firmas.lv&#8221;. 2024. gad\u0101 &#8220;Vai\u0146odes bekons&#8221; Latvij\u0101 guva ie\u0146\u0113mumus 3,019 miljonu eiro apm\u0113r\u0101, bet Lietuv\u0101 &#8211; 2,919 miljonu eiro apm\u0113r\u0101.<\/p>\n<p class=\"text-font font-size--text-xlarge margin-3--bottom\">Komp\u0101nija ir re\u0123istr\u0113ta 1998. gad\u0101, un t\u0101s pamatkapit\u0101ls ir 3,463 miljoni eiro. &#8220;Vai\u0146odes bekona&#8221; vien\u012bgais \u012bpa\u0161nieks ir SIA &#8220;Vai\u0146ode Agro Holding&#8221;, kas savuk\u0101rt pieder AS &#8220;AmberStone Group&#8221;. &#8220;Vai\u0146odes bekona&#8221; paties\u0101 labuma guv\u0113ja ir Nika Berne.<\/p>\n<p class=\"text-font font-size--text-xlarge margin-3--bottom\">PVD ir Zemkop\u012bbas ministrijas p\u0101rraudz\u012bb\u0101 eso\u0161a valsts p\u0101rvaldes iest\u0101de, kas veic p\u0101rtikas aprites un veterin\u0101rmedic\u012bnas nozares valsts uzraudz\u012bbu un kontroli.<\/p>\n","protected":false},"excerpt":{"rendered":"\u0100frikas c\u016bku m\u0113ra (\u0100CM) skartaj\u0101 SIA &#8220;Vai\u0146odes bekons&#8221; c\u016bku novietn\u0113 Dienvidkurzemes novada Vai\u0146odes pagast\u0101 likvid\u0113s kopum\u0101 22 262&hellip;\n","protected":false},"author":2,"featured_media":112838,"comment_status":"","ping_status":"","sticky":false,"template":"","format":"standard","meta":{"footnotes":""},"categories":[12],"tags":[23,869,77,870,28,29,867,32,33,22,30,31,35,39,38,36,37,34,871,868,40,20,26,27,24,25,21],"class_list":{"0":"post-112837","1":"post","2":"type-post","3":"status-publish","4":"format-standard","5":"has-post-thumbnail","7":"category-latvija","8":"tag-aktualitates","9":"tag-biznesa-zinas","10":"tag-bizness","11":"tag-bizness-latvija","12":"tag-breaking-news","13":"tag-breakingnews","14":"tag-dienas-zinas","15":"tag-featured-news","16":"tag-featurednews","17":"tag-headlines","18":"tag-latest-news","19":"tag-latestnews","20":"tag-latvia","21":"tag-latvian","22":"tag-latviesu","23":"tag-latviesu-valoda","24":"tag-latviesuvaloda","25":"tag-latvija","26":"tag-latvijas-biznesa-zinas","27":"tag-latvijas-zinas","28":"tag-lv","29":"tag-news","30":"tag-popularakas-zinas","31":"tag-popularakaszinas","32":"tag-top-stories","33":"tag-topstories","34":"tag-zinas"},"share_on_mastodon":{"url":"https:\/\/pubeurope.com\/@lv\/115954180594629128","error":""},"_links":{"self":[{"href":"https:\/\/www.europesays.com\/lv\/wp-json\/wp\/v2\/posts\/112837","targetHints":{"allow":["GET"]}}],"collection":[{"href":"https:\/\/www.europesays.com\/lv\/wp-json\/wp\/v2\/posts"}],"about":[{"href":"https:\/\/www.europesays.com\/lv\/wp-json\/wp\/v2\/types\/post"}],"author":[{"embeddable":true,"href":"https:\/\/www.europesays.com\/lv\/wp-json\/wp\/v2\/users\/2"}],"replies":[{"embeddable":true,"href":"https:\/\/www.europesays.com\/lv\/wp-json\/wp\/v2\/comments?post=112837"}],"version-history":[{"count":0,"href":"https:\/\/www.europesays.com\/lv\/wp-json\/wp\/v2\/posts\/112837\/revisions"}],"wp:featuredmedia":[{"embeddable":true,"href":"https:\/\/www.europesays.com\/lv\/wp-json\/wp\/v2\/media\/112838"}],"wp:attachment":[{"href":"https:\/\/www.europesays.com\/lv\/wp-json\/wp\/v2\/media?parent=112837"}],"wp:term":[{"taxonomy":"category","embeddable":true,"href":"https:\/\/www.europesays.com\/lv\/wp-json\/wp\/v2\/categories?post=112837"},{"taxonomy":"post_tag","embeddable":true,"href":"https:\/\/www.europesays.com\/lv\/wp-json\/wp\/v2\/tags?post=112837"}],"curies":[{"name":"wp","href":"https:\/\/api.w.org\/{rel}","templated":true}]}}