{"id":112877,"date":"2026-01-25T07:28:04","date_gmt":"2026-01-25T07:28:04","guid":{"rendered":"https:\/\/www.europesays.com\/lv\/112877\/"},"modified":"2026-01-25T07:28:04","modified_gmt":"2026-01-25T07:28:04","slug":"apledojums-daudzviet-kurzeme-un-valsts-centralaja-dala-apgrutina-brauksanu-apollo-lv","status":"publish","type":"post","link":"https:\/\/www.europesays.com\/lv\/112877\/","title":{"rendered":"Apledojums daudzviet Kurzem\u0113 un valsts centr\u0101laj\u0101 da\u013c\u0101 apgr\u016btina brauk\u0161anu &#8211; Apollo.lv"},"content":{"rendered":"<ol>\n<li><a href=\"https:\/\/news.google.com\/rss\/articles\/CBMipwFBVV95cUxNSWxVaUw2ZEdwR3FIMjBuSkM2RkhXNEVOR08tZ2daZmQ3SWdmSkRsb3J0VTU2ZkJ4VHFVYzh3dFp0QUV5eU92SlJST1RFenAtX1V1dFdLbkp4NTV4UGdzMW9YMExRTHlsTXZrQ1JqczBvOXdqRUZHaktvZGF1U1h3Ukdkb2dtdVljYnRZVlV6eXZqOUlXcWt1Zy1zZkxPdi1DUkNHUENNMA?oc=5\" target=\"_blank\" rel=\"nofollow noopener\">Apledojums daudzviet Kurzem\u0113 un valsts centr\u0101laj\u0101 da\u013c\u0101 apgr\u016btina brauk\u0161anu<\/a>&nbsp;&nbsp;Apollo.lv<\/li>\n<li><a href=\"https:\/\/news.google.com\/rss\/articles\/CBMipgFBVV95cUxObFA2T09hTXZTYWRoX1M3TldtRGRlYVlpUWRoMU0tb2c5c3VsNUlMWHRJNHdiNXRkSUxfcllsUjllNHZLZUFmak9RWDRNblNMSjB2M0JZT2RpQ3lRRnk0NDd5NjBpemRxUlo4dG9TQ01OQmNwUFlUUzdBaG8wTThYcXRLMnBRSXFtUlFWYjhTR2R6Ym5hVlh6U3podVRTUGpKdTZlX1RB?oc=5\" target=\"_blank\" rel=\"nofollow noopener\">Autovad\u012bt\u0101jiem j\u0101b\u016bt piesardz\u012bgiem, p\u0101r\u0113jiem \u2013 j\u0101\u0123\u0113rbjas silti. Laika prognoze sestdienai<\/a>&nbsp;&nbsp;LA.LV<\/li>\n<li><a href=\"https:\/\/news.google.com\/rss\/articles\/CBMirAFBVV95cUxNalFwd2xuYzRLRGVDT2dscEl5bUdZczZPeC1qN3pqc2lwd2oyRzhCSk9Vd3gweG1PNWwwUkY0NmlFQlpFOHNuNEdCMmZpa1V1bVZ0ZXJyNUNpZ3FyaTVhRkFZWmZkcmktdHItS1pSLW9jSHVoMFdHNjA4RV9GaTBIcGlUS1pCMWdHWjc5Y3A0dTVsZllRUmxISGhlQXFkRkNMalFBWXhjVjNoY3Y5?oc=5\" target=\"_blank\" rel=\"nofollow noopener\">Viet\u0101m Kurzem\u0113 un valsts centr\u0101laj\u0101 da\u013c\u0101 autoce\u013ci ir sniegoti un apledo<\/a>&nbsp;&nbsp;Jauns.lv<\/li>\n<li><a href=\"https:\/\/news.google.com\/rss\/articles\/CBMiwgFBVV95cUxNY3RRY1QtbElqWUNUeEtrU0NjdW83TlNFRkl0bVlfME5KcDI0a245MjhDRWtQT1B1WVVwb3Y5NDd5Vlg0c2NSRl9QU01hWUZqWkc4YWp4T1lTRFhpRTVhcGZVQlBGYjRPSmVnQ205R3pXUW9Ga2IzMFBBUlp1LVloaDd5NHBnWHlOZlhBaXpKNGpIOFdiNjV2Z2d5cFZ0eU1SaFBNVE1KaWlDOFJReGhvbDRqZXJrcFFlZzJQdVFwSEZMUQ?oc=5\" target=\"_blank\" rel=\"nofollow noopener\">Autovad\u012bt\u0101ju iev\u0113r\u012bbai: \u0161or\u012bt viet\u0101m valsts rietumu un austrumu da\u013c\u0101 autoce\u013ci sniegoti un apledo<\/a>&nbsp;&nbsp;TVNET<\/li>\n<li><a href=\"https:\/\/news.google.com\/rss\/articles\/CBMizwFBVV95cUxPd2JVMHJPZ0V4am55M3AwWWhSRmtmVEpSNDB0a0hRei1ybl9hc3JBTlk5WmZhdlNCcHZHdmpnVnFEUlMwcUo5T0NGLXhZd2xsX0xGc0cwcE9Sb0pMbkQ0WUVVSmliRjQwZVZGQjBVRHFfaG9nTDFyOHo1MXpLNmpIR0xWZzB1MVlpanA1eFFzQzZ6aGdYMFQ5UVpQelgyYm5UQ29Ibm9pT3A3eDBNVGEwVkhSdGIxejA0ZmQ3Rzc0OXdNNFc3Nk5aQlpFbHNORmc?oc=5\" target=\"_blank\" rel=\"nofollow noopener\">Daudzviet Latvij\u0101 apledojums, ar\u012b sniegs apgr\u016btina brauk\u0161anu, str\u0101d\u0101 107 ziemas tehnikas vien\u012bbas<\/a>&nbsp;&nbsp;Latvijas Valsts ce\u013ci<\/li>\n<\/ol>\n","protected":false},"excerpt":{"rendered":"Apledojums daudzviet Kurzem\u0113 un valsts centr\u0101laj\u0101 da\u013c\u0101 apgr\u016btina brauk\u0161anu&nbsp;&nbsp;Apollo.lv Autovad\u012bt\u0101jiem j\u0101b\u016bt piesardz\u012bgiem, p\u0101r\u0113jiem \u2013 j\u0101\u0123\u0113rbjas silti. Laika prognoze&hellip;\n","protected":false},"author":2,"featured_media":96798,"comment_status":"","ping_status":"","sticky":false,"template":"","format":"standard","meta":{"footnotes":""},"categories":[5],"tags":[5869,23,65,28,29,32,33,22,30,31,35,39,38,36,37,34,40,20,26,27,24,25,21],"class_list":{"0":"post-112877","1":"post","2":"type-post","3":"status-publish","4":"format-standard","5":"has-post-thumbnail","7":"category-aktualitates","8":"tag-ziema","9":"tag-aktualitates","10":"tag-auto","11":"tag-breaking-news","12":"tag-breakingnews","13":"tag-featured-news","14":"tag-featurednews","15":"tag-headlines","16":"tag-latest-news","17":"tag-latestnews","18":"tag-latvia","19":"tag-latvian","20":"tag-latviesu","21":"tag-latviesu-valoda","22":"tag-latviesuvaloda","23":"tag-latvija","24":"tag-lv","25":"tag-news","26":"tag-popularakas-zinas","27":"tag-popularakaszinas","28":"tag-top-stories","29":"tag-topstories","30":"tag-zinas"},"share_on_mastodon":{"url":"https:\/\/pubeurope.com\/@lv\/115954562026360920","error":""},"_links":{"self":[{"href":"https:\/\/www.europesays.com\/lv\/wp-json\/wp\/v2\/posts\/112877","targetHints":{"allow":["GET"]}}],"collection":[{"href":"https:\/\/www.europesays.com\/lv\/wp-json\/wp\/v2\/posts"}],"about":[{"href":"https:\/\/www.europesays.com\/lv\/wp-json\/wp\/v2\/types\/post"}],"author":[{"embeddable":true,"href":"https:\/\/www.europesays.com\/lv\/wp-json\/wp\/v2\/users\/2"}],"replies":[{"embeddable":true,"href":"https:\/\/www.europesays.com\/lv\/wp-json\/wp\/v2\/comments?post=112877"}],"version-history":[{"count":0,"href":"https:\/\/www.europesays.com\/lv\/wp-json\/wp\/v2\/posts\/112877\/revisions"}],"wp:featuredmedia":[{"embeddable":true,"href":"https:\/\/www.europesays.com\/lv\/wp-json\/wp\/v2\/media\/96798"}],"wp:attachment":[{"href":"https:\/\/www.europesays.com\/lv\/wp-json\/wp\/v2\/media?parent=112877"}],"wp:term":[{"taxonomy":"category","embeddable":true,"href":"https:\/\/www.europesays.com\/lv\/wp-json\/wp\/v2\/categories?post=112877"},{"taxonomy":"post_tag","embeddable":true,"href":"https:\/\/www.europesays.com\/lv\/wp-json\/wp\/v2\/tags?post=112877"}],"curies":[{"name":"wp","href":"https:\/\/api.w.org\/{rel}","templated":true}]}}