{"id":112915,"date":"2026-01-25T08:10:09","date_gmt":"2026-01-25T08:10:09","guid":{"rendered":"https:\/\/www.europesays.com\/lv\/112915\/"},"modified":"2026-01-25T08:10:09","modified_gmt":"2026-01-25T08:10:09","slug":"konstruktivas-sarunas-un-neatrisinati-jautajumi-ka-noriteja-asv-krievijas-un-ukrainas-parstavju-tiksanas-abu-dabi","status":"publish","type":"post","link":"https:\/\/www.europesays.com\/lv\/112915\/","title":{"rendered":"Konstrukt\u012bvas sarunas un neatrisin\u0101ti jaut\u0101jumi. K\u0101 norit\u0113ja ASV, Krievijas un Ukrainas p\u0101rst\u0101vju tik\u0161an\u0101s Ab\u016b Dab\u012b"},"content":{"rendered":"<p>Sestdien, 24. janv\u0101r\u012b, nosl\u0113dz\u0101s ASV, Krievijas un Ukrainas deleg\u0101ciju sarunu otr\u0101 k\u0101rta.<\/p>\n<p>Ukrainas prezidents <a class=\"topicLink\" target=\"_blank\" rel=\"noopener noreferrer nofollow\" href=\"https:\/\/www.apollo.lv\/term\/584993\/volodimirs-zelenskis\">Volodimirs Zelenskis<\/a> pazi\u0146oja, ka divu dienu tr\u012bspus\u0113j\u0101s sarunas Ab\u016b Dab\u012b nosl\u0113dz\u0101s ar konstrukt\u012bv\u0101m diskusij\u0101m par &#8220;iesp\u0113jamiem kara izbeig\u0161anas parametriem&#8221;. Prezidents ar\u012b pav\u0113st\u012bja, ka sarunas var\u0113tu turpin\u0101ties jau n\u0101kamned\u0113\u013c.<\/p>\n<p>\u0160\u012bs sarunas ir pirmais zin\u0101mais gad\u012bjums, kad ASV prezidenta Donalda Trampa administr\u0101cijas amatpersonas vienlaikus tiku\u0161\u0101s ar Ukrainas un Krievijas p\u0101rst\u0101vjiem, Va\u0161ingtonai turpinot centienus pan\u0101kt Krievijas s\u0101kt\u0101 kara izbeig\u0161anu.<\/p>\n<p>&#8220;Visas puses vienoj\u0101s zi\u0146ot sav\u0101m galvaspils\u0113t\u0101m par katru sarunu aspektu un saska\u0146ot turpm\u0101kos so\u013cus ar saviem l\u012bderiem,&#8221; platform\u0101 &#8220;Telegram&#8221; pav\u0113st\u012bja Zelenskis.<\/p>\n<p>Ukrainas l\u012bderis pazi\u0146oja, ka past\u0101v &#8220;sapratne par to, ka ir nepiecie\u0161ama amerik\u0101\u0146u uzraudz\u012bba un kontrole p\u0101r kara izbeig\u0161anas procesu un re\u0101las dro\u0161\u012bbas nodro\u0161in\u0101\u0161anu&#8221;.<\/p>\n<p>Sarun\u0101s piedal\u012bj\u0101s ASV prezidenta Donalda Trampa \u012bpa\u0161ais s\u016btnis St\u012bvs Vitkofs un vi\u0146a znots D\u017eareds Ku\u0161ners, Ukrainas Nacion\u0101l\u0101s dro\u0161\u012bbas un aizsardz\u012bbas padomes sekret\u0101rs Rustems Umerovs un citas amatpersonas. Saska\u0146\u0101 ar Zelenska zi\u0146oto Ukrainu sarun\u0101s p\u0101rst\u0101v\u0113ja armijas un milit\u0101r\u0101 izl\u016bkdienesta amatpersonas.<\/p>\n","protected":false},"excerpt":{"rendered":"Sestdien, 24. janv\u0101r\u012b, nosl\u0113dz\u0101s ASV, Krievijas un Ukrainas deleg\u0101ciju sarunu otr\u0101 k\u0101rta. Ukrainas prezidents Volodimirs Zelenskis pazi\u0146oja, ka&hellip;\n","protected":false},"author":2,"featured_media":112902,"comment_status":"","ping_status":"","sticky":false,"template":"","format":"standard","meta":{"footnotes":""},"categories":[5],"tags":[23,292,28,29,32,33,22,234,74,30,31,35,39,38,36,37,34,40,20,26,27,24,25,276,178,21],"class_list":{"0":"post-112915","1":"post","2":"type-post","3":"status-publish","4":"format-standard","5":"has-post-thumbnail","7":"category-aktualitates","8":"tag-aktualitates","9":"tag-asv","10":"tag-breaking-news","11":"tag-breakingnews","12":"tag-featured-news","13":"tag-featurednews","14":"tag-headlines","15":"tag-krievija","16":"tag-krievijas-iebrukums-ukraina","17":"tag-latest-news","18":"tag-latestnews","19":"tag-latvia","20":"tag-latvian","21":"tag-latviesu","22":"tag-latviesu-valoda","23":"tag-latviesuvaloda","24":"tag-latvija","25":"tag-lv","26":"tag-news","27":"tag-popularakas-zinas","28":"tag-popularakaszinas","29":"tag-top-stories","30":"tag-topstories","31":"tag-ukraina","32":"tag-volodimirs-zelenskis","33":"tag-zinas"},"share_on_mastodon":{"url":"https:\/\/pubeurope.com\/@lv\/115954727159579052","error":""},"_links":{"self":[{"href":"https:\/\/www.europesays.com\/lv\/wp-json\/wp\/v2\/posts\/112915","targetHints":{"allow":["GET"]}}],"collection":[{"href":"https:\/\/www.europesays.com\/lv\/wp-json\/wp\/v2\/posts"}],"about":[{"href":"https:\/\/www.europesays.com\/lv\/wp-json\/wp\/v2\/types\/post"}],"author":[{"embeddable":true,"href":"https:\/\/www.europesays.com\/lv\/wp-json\/wp\/v2\/users\/2"}],"replies":[{"embeddable":true,"href":"https:\/\/www.europesays.com\/lv\/wp-json\/wp\/v2\/comments?post=112915"}],"version-history":[{"count":0,"href":"https:\/\/www.europesays.com\/lv\/wp-json\/wp\/v2\/posts\/112915\/revisions"}],"wp:featuredmedia":[{"embeddable":true,"href":"https:\/\/www.europesays.com\/lv\/wp-json\/wp\/v2\/media\/112902"}],"wp:attachment":[{"href":"https:\/\/www.europesays.com\/lv\/wp-json\/wp\/v2\/media?parent=112915"}],"wp:term":[{"taxonomy":"category","embeddable":true,"href":"https:\/\/www.europesays.com\/lv\/wp-json\/wp\/v2\/categories?post=112915"},{"taxonomy":"post_tag","embeddable":true,"href":"https:\/\/www.europesays.com\/lv\/wp-json\/wp\/v2\/tags?post=112915"}],"curies":[{"name":"wp","href":"https:\/\/api.w.org\/{rel}","templated":true}]}}