{"id":112916,"date":"2026-01-25T08:12:09","date_gmt":"2026-01-25T08:12:09","guid":{"rendered":"https:\/\/www.europesays.com\/lv\/112916\/"},"modified":"2026-01-25T08:12:09","modified_gmt":"2026-01-25T08:12:09","slug":"briatore-atklaj-nosacijumu-kapec-piekritis-pievienoties-alpine-komandai-f1lv-blogs","status":"publish","type":"post","link":"https:\/\/www.europesays.com\/lv\/112916\/","title":{"rendered":"Briatore atkl\u0101j nosac\u012bjumu, k\u0101p\u0113c piekritis pievienoties &#8216;Alpine&#8217; komandai : F1LV Blogs"},"content":{"rendered":"<p>\u201cAlpine\u201d komandas vad\u012bt\u0101js Flavio Briatore n\u0101cis klaj\u0101 ar negaid\u012btu atkl\u0101smi, apstiprinot, ka p\u0101reja uz \u201cMercedes\u201d dzin\u0113jiem bijis vi\u0146a vien\u012bgais un oblig\u0101tais nosac\u012bjums, lai pievienotos \u201cRenault\u201d piedero\u0161ajai vien\u012bbai. \u0160is pazi\u0146ojums ir pretrun\u0101 ar vi\u0146a iepriek\u0161\u0113jiem apgalvojumiem, kuros vi\u0146\u0161 noliedza saist\u012bbu ar l\u0113mumu sl\u0113gt r\u016bpn\u012bcas dzin\u0113ju programmu.<\/p>\n<p>\u201cTaj\u0101 br\u012bd\u012b, kad Luka de Meo run\u0101ja par manu pievieno\u0161anos komandai, man bija tikai viens nosac\u012bjums \u2013 mums ir j\u0101b\u016bt \u201cMercedes\u201d dzin\u0113jam. Pl\u0101na B nebija,\u201d atkl\u0101ja Briatore. Vi\u0146\u0161 uzsv\u0113ra, ka \u201cAlpine\u201d tagad vairs nav nek\u0101du atrunu, aiz kur\u0101m sl\u0113pties, jo komandai b\u016bs tie\u0161i t\u0101di pa\u0161i jaudas agreg\u0101ti k\u0101 \u010dempionvien\u012bb\u0101m \u201cMercedes\u201d un \u201cMcLaren\u201d. Briatore nor\u0101d\u012bja, ka p\u0113rn\u0101 gada upur\u0113\u0161ana, nosl\u0113dzot sezonu p\u0113d\u0113j\u0101 viet\u0101, bija apzin\u0101ta, lai visu ener\u0123iju velt\u012btu 2026. gada projektam.<\/p>\n<p>\u201cJa m\u0113s b\u016btu turpin\u0101ju\u0161i 2025. gada formulas att\u012bst\u012bbu, iesp\u0113jams, m\u0113s neb\u016btu fini\u0161\u0113ju\u0161i desmitaj\u0101 viet\u0101, bet gan dev\u012btaj\u0101 poz\u012bcij\u0101. Katr\u0101s sac\u012bkst\u0113s es jaut\u0101ju, cik liels b\u016bs m\u016bsu defic\u012bts. \u0160aj\u0101s sac\u012bkst\u0113s? \u010cetras desmitda\u013cas. \u0160aj\u0101s? 3,5 desmitda\u013cas. \u0160aj\u0101s? Piecas desmitda\u013cas. Un pag\u0101ju\u0161aj\u0101 gad\u0101 tr\u012bs desmitda\u013cu robe\u017e\u0101s iekl\u0101v\u0101s 14 automa\u0161\u012bnas, t\u0101p\u0113c t\u0101 viet\u0101, lai uzlabotu 2025. gada auto, kuram dzin\u0113js tik un t\u0101 paliktu tas pats, m\u0113s nol\u0113m\u0101m tam vienk\u0101r\u0161i atmest ar roku. M\u0113s p\u0101rtrauc\u0101m 2025. gada auto att\u012bst\u012bbu un visu ieguld\u012bj\u0101m 2026. gad\u0101. Vismaz tagad, kad es ierad\u012b\u0161os uz sac\u012bkst\u0113m, man vairs neb\u016bs j\u0101jaut\u0101, cik desmitda\u013cu m\u0113s zaud\u0113jam. Neviens vairs nerun\u0101 par dzin\u0113ju. Neviens vairs nerun\u0101 par \u0101trumk\u0101rbu. Vismaz mums ir divas probl\u0113mas, par kur\u0101m mums vairs nav j\u0101uztraucas.\u201d<\/p>\n<p>Vienlaikus Briatore apstiprin\u0101jis, ka biju\u0161ais \u201cRed Bull\u201d vad\u012bt\u0101js Kristians Horners ir viens no interesentiem, kas v\u0113las ieg\u0101d\u0101ties \u201cOtro Capital\u201d piedero\u0161os 24% \u201cAlpine\u201d komandas akciju. Horners, kur\u0161 no amata \u201cRed Bull\u201d tika atbr\u012bvots p\u0113rn\u0101 gada j\u016blij\u0101, mekl\u0113 iesp\u0113ju atgriezties F1 nevis tikai k\u0101 vad\u012bt\u0101js, bet ar\u012b k\u0101 l\u012bdz\u012bpa\u0161nieks.<\/p>\n<p>\u201c\u201dOtro\u201d v\u0113las p\u0101rdot savu l\u012bdzdal\u012bbu \u201cAlpine\u201d komand\u0101,\u201d skaidro Briatore. \u201cIr da\u017eas grupas, kas ir ieinteres\u0113tas ieg\u0101d\u0101ties \u0161os \u201cOtro\u201d piedero\u0161os 24%. M\u0113s nezin\u0101m [k\u0101 tas beigsies]. Taj\u0101 br\u012bd\u012b, kad k\u0101ds nopirks \u0161os 24% no \u201cOtro\u201d, mums joproj\u0101m pieder\u0113s 74\u201375%, un tad m\u0113s apspried\u012bsimies. Bet \u0161obr\u012bd t\u0101da ir situ\u0101cija. Es paz\u012bstu Kristianu jau daudzus gadus, es ar vi\u0146u t\u0101pat sarun\u0101jos, ta\u010du tam nav nek\u0101da sakara ar mani. Vispirms ir j\u0101nop\u0113rk \u201cOtro\u201d da\u013cas, un p\u0113c tam \u201cRenault\u201d ir j\u0101akcept\u0113 \u0161is pirc\u0113js, un tad jau redz\u0113sim, kas notiks. Ta\u010du tam nav nek\u0101das saist\u012bbas ar mani, jo vi\u0146\u0161 ved sarunas ar \u201cOtro\u201d, nevis ar mums.\u201d<\/p>\n<p><a href=\"https:\/\/www.patreon.com\/collection\/823319\" rel=\"nofollow noopener\" target=\"_blank\"><img loading=\"lazy\" decoding=\"async\" class=\"aligncenter size-full wp-image-74708\" src=\"https:\/\/www.europesays.com\/lv\/wp-content\/uploads\/2025\/12\/Banner300x250px.jpg\" alt=\"\" width=\"300\" height=\"250\"\/><\/a><\/p>\n","protected":false},"excerpt":{"rendered":"\u201cAlpine\u201d komandas vad\u012bt\u0101js Flavio Briatore n\u0101cis klaj\u0101 ar negaid\u012btu atkl\u0101smi, apstiprinot, ka p\u0101reja uz \u201cMercedes\u201d dzin\u0113jiem bijis vi\u0146a&hellip;\n","protected":false},"author":2,"featured_media":112917,"comment_status":"","ping_status":"","sticky":false,"template":"","format":"standard","meta":{"footnotes":""},"categories":[17],"tags":[4185,26424,2465,35,39,38,36,37,34,40,4183,3388,67],"class_list":{"0":"post-112916","1":"post","2":"type-post","3":"status-publish","4":"format-standard","5":"has-post-thumbnail","7":"category-sports","8":"tag-alpine","9":"tag-flavio-briatore","10":"tag-kristians-horners","11":"tag-latvia","12":"tag-latvian","13":"tag-latviesu","14":"tag-latviesu-valoda","15":"tag-latviesuvaloda","16":"tag-latvija","17":"tag-lv","18":"tag-mercedes","19":"tag-renault","20":"tag-sports"},"share_on_mastodon":{"url":"https:\/\/pubeurope.com\/@lv\/115954735037478260","error":""},"_links":{"self":[{"href":"https:\/\/www.europesays.com\/lv\/wp-json\/wp\/v2\/posts\/112916","targetHints":{"allow":["GET"]}}],"collection":[{"href":"https:\/\/www.europesays.com\/lv\/wp-json\/wp\/v2\/posts"}],"about":[{"href":"https:\/\/www.europesays.com\/lv\/wp-json\/wp\/v2\/types\/post"}],"author":[{"embeddable":true,"href":"https:\/\/www.europesays.com\/lv\/wp-json\/wp\/v2\/users\/2"}],"replies":[{"embeddable":true,"href":"https:\/\/www.europesays.com\/lv\/wp-json\/wp\/v2\/comments?post=112916"}],"version-history":[{"count":0,"href":"https:\/\/www.europesays.com\/lv\/wp-json\/wp\/v2\/posts\/112916\/revisions"}],"wp:featuredmedia":[{"embeddable":true,"href":"https:\/\/www.europesays.com\/lv\/wp-json\/wp\/v2\/media\/112917"}],"wp:attachment":[{"href":"https:\/\/www.europesays.com\/lv\/wp-json\/wp\/v2\/media?parent=112916"}],"wp:term":[{"taxonomy":"category","embeddable":true,"href":"https:\/\/www.europesays.com\/lv\/wp-json\/wp\/v2\/categories?post=112916"},{"taxonomy":"post_tag","embeddable":true,"href":"https:\/\/www.europesays.com\/lv\/wp-json\/wp\/v2\/tags?post=112916"}],"curies":[{"name":"wp","href":"https:\/\/api.w.org\/{rel}","templated":true}]}}