{"id":112919,"date":"2026-01-25T08:22:14","date_gmt":"2026-01-25T08:22:14","guid":{"rendered":"https:\/\/www.europesays.com\/lv\/112919\/"},"modified":"2026-01-25T08:22:14","modified_gmt":"2026-01-25T08:22:14","slug":"latvija-mazinas-sals-bet-saglabajas-auksts-vejs-lente-lv","status":"publish","type":"post","link":"https:\/\/www.europesays.com\/lv\/112919\/","title":{"rendered":"Latvij\u0101 mazin\u0101s sals, bet saglab\u0101jas auksts v\u0113j\u0161\u00a0\u2014\u00a0Lente.lv"},"content":{"rendered":"<p>Gaisa temperat\u016bra pak\u0101peniski paaugstin\u0101s<\/p>\n<p>Ceturtdienas r\u012bts Latvij\u0101 kopum\u0101 ir silt\u0101ks, nek\u0101 tika prognoz\u0113ts, ar temperat\u016bru teju vis\u0101 valst\u012b virs -7 gr\u0101diem. Tom\u0113r joproj\u0101m j\u016btams auksts v\u0113j\u0161, kas pastiprina salu, liecina Latvijas Vides, \u0123eolo\u0123ijas un meteorolo\u0123ijas centra (LV\u0122MC) inform\u0101cija. K\u0101 inform\u0113 port\u0101ls jauns.lv, sestdien, 24. janv\u0101r\u012b, gaisa temperat\u016bra Latvij\u0101 sv\u0101rst\u012bj\u0101s no -5,7 gr\u0101diem Kolk\u0101 l\u012bdz -13,6 gr\u0101diem Bauskas nov\u0113rojumu stacij\u0101. Dien\u0101 prognoz\u0113ts, ka gaiss atdzis\u012bs l\u012bdz -6 l\u012bdz -11 gr\u0101diem, bet maksim\u0101l\u0101 temperat\u016bra R\u012bg\u0101 b\u016bs ap -7 l\u012bdz -9 gr\u0101diem.<\/p>\n<p>Laika apst\u0101k\u013cu prognozes tuv\u0101kaj\u0101m dien\u0101m<\/p>\n<p>Sestdien debesis palaikam skaidrosies un uzsp\u012bd\u0113s saule, iev\u0113rojami nokri\u0161\u0146i nav gaid\u0101mi. P\u016bt\u012bs l\u0113ns l\u012bdz m\u0113rens austrumu puses v\u0113j\u0161. Sv\u0113tdien gaid\u0101ma p\u0101rsvar\u0101 saulaina diena, tom\u0113r sals pastiprin\u0101sies, un viet\u0101m, \u012bpa\u0161i valsts austrumos, gaisa temperat\u016bra r\u012bta stund\u0101s var nosl\u012bd\u0113t zem -20 gr\u0101diem . Ned\u0113\u013cas s\u0101kum\u0101 gaid\u0101ms apm\u0101cies laiks ar sniegu, savuk\u0101rt no dienvidiem tuvojo\u0161ies silt\u0101ks gaiss var rad\u012bt sasalsto\u0161a lietus risku .<\/p>\n<p>Sals janv\u0101r\u012b<\/p>\n<p>Latvij\u0101 janv\u0101ris bie\u017ei vien ir salu m\u0113nesis. Lai gan prec\u012bzas prognozes ilgtermi\u0146\u0101 ir gr\u016bti sniegt, iepriek\u0161\u0113j\u0101s prognozes nor\u0101d\u012bja, ka 2026. gada janv\u0101ris kopum\u0101 var\u0113tu b\u016bt v\u0113s\u0101ks par vid\u0113jo . P\u0113d\u0113j\u0101s zi\u0146\u0101s v\u0113st\u012bts par vienu no aukst\u0101kajiem r\u012btiem kop\u0161 2024. gada janv\u0101ra, kad da\u017eviet sals sasniedza pat -24 gr\u0101dus .<\/p>\n<p>V\u0113j\u0161 un t\u0101 ietekme<\/p>\n<p>Aukstais v\u0113j\u0161 pastiprina salu saj\u016btu un var rad\u012bt pla\u0161\u0101kus laikapst\u0101k\u013cu izj\u016btas pasliktin\u0101jumus, \u012bpa\u0161i piekrastes rajonos . Tiek prognoz\u0113ts, ka v\u0113ja \u0101trums saglab\u0101sies l\u0113ns l\u012bdz m\u0113rens, ta\u010du atsevi\u0161\u0137\u0101s viet\u0101s, piem\u0113ram, Kurzem\u0113 un Kolkasrag\u0101, gaid\u0101mas ar\u012b br\u0101zmas l\u012bdz 17 metriem sekund\u0113 .<\/p>\n","protected":false},"excerpt":{"rendered":"Gaisa temperat\u016bra pak\u0101peniski paaugstin\u0101s Ceturtdienas r\u012bts Latvij\u0101 kopum\u0101 ir silt\u0101ks, nek\u0101 tika prognoz\u0113ts, ar temperat\u016bru teju vis\u0101 valst\u012b&hellip;\n","protected":false},"author":2,"featured_media":112920,"comment_status":"","ping_status":"","sticky":false,"template":"","format":"standard","meta":{"footnotes":""},"categories":[5],"tags":[23,28,29,32,33,22,152,30,31,35,39,38,36,37,34,40,20,26,27,16895,154,24,25,153,21],"class_list":{"0":"post-112919","1":"post","2":"type-post","3":"status-publish","4":"format-standard","5":"has-post-thumbnail","7":"category-aktualitates","8":"tag-aktualitates","9":"tag-breaking-news","10":"tag-breakingnews","11":"tag-featured-news","12":"tag-featurednews","13":"tag-headlines","14":"tag-laika-prognoze","15":"tag-latest-news","16":"tag-latestnews","17":"tag-latvia","18":"tag-latvian","19":"tag-latviesu","20":"tag-latviesu-valoda","21":"tag-latviesuvaloda","22":"tag-latvija","23":"tag-lv","24":"tag-news","25":"tag-popularakas-zinas","26":"tag-popularakaszinas","27":"tag-sals","28":"tag-temperatura","29":"tag-top-stories","30":"tag-topstories","31":"tag-vejs","32":"tag-zinas"},"share_on_mastodon":{"url":"https:\/\/pubeurope.com\/@lv\/115954774338311265","error":""},"_links":{"self":[{"href":"https:\/\/www.europesays.com\/lv\/wp-json\/wp\/v2\/posts\/112919","targetHints":{"allow":["GET"]}}],"collection":[{"href":"https:\/\/www.europesays.com\/lv\/wp-json\/wp\/v2\/posts"}],"about":[{"href":"https:\/\/www.europesays.com\/lv\/wp-json\/wp\/v2\/types\/post"}],"author":[{"embeddable":true,"href":"https:\/\/www.europesays.com\/lv\/wp-json\/wp\/v2\/users\/2"}],"replies":[{"embeddable":true,"href":"https:\/\/www.europesays.com\/lv\/wp-json\/wp\/v2\/comments?post=112919"}],"version-history":[{"count":0,"href":"https:\/\/www.europesays.com\/lv\/wp-json\/wp\/v2\/posts\/112919\/revisions"}],"wp:featuredmedia":[{"embeddable":true,"href":"https:\/\/www.europesays.com\/lv\/wp-json\/wp\/v2\/media\/112920"}],"wp:attachment":[{"href":"https:\/\/www.europesays.com\/lv\/wp-json\/wp\/v2\/media?parent=112919"}],"wp:term":[{"taxonomy":"category","embeddable":true,"href":"https:\/\/www.europesays.com\/lv\/wp-json\/wp\/v2\/categories?post=112919"},{"taxonomy":"post_tag","embeddable":true,"href":"https:\/\/www.europesays.com\/lv\/wp-json\/wp\/v2\/tags?post=112919"}],"curies":[{"name":"wp","href":"https:\/\/api.w.org\/{rel}","templated":true}]}}