{"id":112956,"date":"2026-01-25T09:05:05","date_gmt":"2026-01-25T09:05:05","guid":{"rendered":"https:\/\/www.europesays.com\/lv\/112956\/"},"modified":"2026-01-25T09:05:05","modified_gmt":"2026-01-25T09:05:05","slug":"rigas-anglikanu-baznica-atzimes-volfganga-amadeja-mocarta-270-jubileju-ar-ipasu-koncertu-lente-lv","status":"publish","type":"post","link":"https:\/\/www.europesays.com\/lv\/112956\/","title":{"rendered":"R\u012bgas Anglik\u0101\u0146u bazn\u012bc\u0101 atz\u012bm\u0113s Volfganga Amadeja Mocarta 270. jubileju ar \u012bpa\u0161u koncertu\u00a0\u2014\u00a0Lente.lv"},"content":{"rendered":"<p>Muzik\u0101ls notikums R\u012bg\u0101: godin\u0101s Mocarta 270. jubileju<\/p>\n<p>31. janv\u0101r\u012b pulksten 19:00 R\u012bgas Anglik\u0101\u0146u Sv. Pest\u012bt\u0101ja bazn\u012bc\u0101 notiks \u012bpa\u0161s koncerts &#8220;Mocartam \u2013 20. Mocarta Maz\u0101 nakts m\u016bzika&#8221;, kas velt\u012bts di\u017e\u0101 komponista Volfganga Amadeja Mocarta 270. dzim\u0161anas dienai. K\u0101 inform\u0113 port\u0101ls jauns.lv, pas\u0101kum\u0101 uzst\u0101sies izcilais latvie\u0161u sopr\u0101ns Sonora Vaice un talant\u012bg\u0101 \u0113r\u0123elniece Larisa Carjkova. Koncerts norisin\u0101sies sve\u010du gaism\u0101, radot \u012bpa\u0161u svin\u012bgu un mierpilnu gaisotni.<\/p>\n<p>Mocarta m\u016bzikas interpret\u0101cijas<\/p>\n<p>Koncert\u0101 Larisas Carjkovas izpild\u012bjum\u0101 skan\u0113s Volfganga Amadeja Mocarta &#8220;M\u0101z\u012b\u0101 nakts m\u016bzika&#8221; \u0113r\u0123e\u013cu aran\u017eij\u0101, k\u0101 ar\u012b citi vi\u0146a instrument\u0101lie ska\u0146darbi. Sonora Vaice klaus\u012bt\u0101jiem atkl\u0101s Mocarta operu \u0101riju vieglumu, eleganci un dzi\u013co emocion\u0101lo izteiksm\u012bgumu, kas tiek augsti nov\u0113rt\u0113ts gan Latvij\u0101, gan starptautiski.<\/p>\n<p>Koncertprogrammas daudzveid\u012bba<\/p>\n<p>Programma ietvers t\u0101dus ska\u0146darbus k\u0101 &#8220;Alleluia&#8221; no &#8220;Exultate Jubilate&#8221; un &#8220;Laudate Dominum&#8221; no svin\u012bg\u0101s Vesperes, k\u0101 ar\u012b popul\u0101ras \u0101rijas no &#8220;Figaro k\u0101z\u0101m&#8221;. Gan Carjkova, gan Vaice paudu\u0161as saj\u016bsmu par Mocarta m\u016bziku, atz\u012bm\u0113jot t\u0101s neviltoto prieku, trauslumu un dzi\u013cumu, k\u0101 ar\u012b skaidr\u012bbu un azartu.<\/p>\n<p>\u012apa\u0161\u0101 koncertu vide<\/p>\n<p>Koncerta producente Ingr\u012bda Bondare nor\u0101da, ka R\u012bgas Anglik\u0101\u0146u bazn\u012bcas unik\u0101l\u0101 akustika un sve\u010du rad\u012btais apgaismojums pie\u0161\u0137irs pas\u0101kumam \u012bpa\u0161u svin\u012bgumu, padarot to par muzik\u0101lu baud\u012bjumu un cie\u0146as apliecin\u0101jumu vienam no pasaules m\u016bzikas \u0123\u0113nijiem. Bi\u013cetes uz koncertu pieejamas &#8220;Bi\u013ce\u0161u parad\u012bzes&#8221; tirdzniec\u012bbas viet\u0101s.<\/p>\n","protected":false},"excerpt":{"rendered":"Muzik\u0101ls notikums R\u012bg\u0101: godin\u0101s Mocarta 270. jubileju 31. janv\u0101r\u012b pulksten 19:00 R\u012bgas Anglik\u0101\u0146u Sv. Pest\u012bt\u0101ja bazn\u012bc\u0101 notiks \u012bpa\u0161s&hellip;\n","protected":false},"author":2,"featured_media":112957,"comment_status":"","ping_status":"","sticky":false,"template":"","format":"standard","meta":{"footnotes":""},"categories":[19],"tags":[89,90,202,26433,35,39,38,36,37,34,40,5918,26434,14636],"class_list":{"0":"post-112956","1":"post","2":"type-post","3":"status-publish","4":"format-standard","5":"has-post-thumbnail","7":"category-izklaide","8":"tag-entertainment","9":"tag-izklaide","10":"tag-koncerts","11":"tag-larisa-carjkova","12":"tag-latvia","13":"tag-latvian","14":"tag-latviesu","15":"tag-latviesu-valoda","16":"tag-latviesuvaloda","17":"tag-latvija","18":"tag-lv","19":"tag-mocarts","20":"tag-rigas-anglikanu-baznica","21":"tag-sonora-vaice"},"share_on_mastodon":{"url":"https:\/\/pubeurope.com\/@lv\/115954943478812503","error":""},"_links":{"self":[{"href":"https:\/\/www.europesays.com\/lv\/wp-json\/wp\/v2\/posts\/112956","targetHints":{"allow":["GET"]}}],"collection":[{"href":"https:\/\/www.europesays.com\/lv\/wp-json\/wp\/v2\/posts"}],"about":[{"href":"https:\/\/www.europesays.com\/lv\/wp-json\/wp\/v2\/types\/post"}],"author":[{"embeddable":true,"href":"https:\/\/www.europesays.com\/lv\/wp-json\/wp\/v2\/users\/2"}],"replies":[{"embeddable":true,"href":"https:\/\/www.europesays.com\/lv\/wp-json\/wp\/v2\/comments?post=112956"}],"version-history":[{"count":0,"href":"https:\/\/www.europesays.com\/lv\/wp-json\/wp\/v2\/posts\/112956\/revisions"}],"wp:featuredmedia":[{"embeddable":true,"href":"https:\/\/www.europesays.com\/lv\/wp-json\/wp\/v2\/media\/112957"}],"wp:attachment":[{"href":"https:\/\/www.europesays.com\/lv\/wp-json\/wp\/v2\/media?parent=112956"}],"wp:term":[{"taxonomy":"category","embeddable":true,"href":"https:\/\/www.europesays.com\/lv\/wp-json\/wp\/v2\/categories?post=112956"},{"taxonomy":"post_tag","embeddable":true,"href":"https:\/\/www.europesays.com\/lv\/wp-json\/wp\/v2\/tags?post=112956"}],"curies":[{"name":"wp","href":"https:\/\/api.w.org\/{rel}","templated":true}]}}