{"id":112981,"date":"2026-01-25T09:28:04","date_gmt":"2026-01-25T09:28:04","guid":{"rendered":"https:\/\/www.europesays.com\/lv\/112981\/"},"modified":"2026-01-25T09:28:04","modified_gmt":"2026-01-25T09:28:04","slug":"vecmates-un-masas-latvija-joprojam-atstatas-novarta-atalgojuma-zina-lente-lv-2","status":"publish","type":"post","link":"https:\/\/www.europesays.com\/lv\/112981\/","title":{"rendered":"Vecm\u0101tes un m\u0101sas Latvij\u0101 joproj\u0101m atst\u0101tas nov\u0101rt\u0101 atalgojuma zi\u0146\u0101\u00a0\u2014\u00a0Lente.lv"},"content":{"rendered":"<p>Medi\u0137u atalgojums \u2013 aktu\u0101la probl\u0113ma<\/p>\n<p>Latvijas Vecm\u0101\u0161u asoci\u0101cijas prezidente Linda Veidemane nor\u0101d\u012bjusi, ka vecm\u0101tes un m\u0101sas vesel\u012bbas apr\u016bp\u0113 Latvij\u0101 atalgojuma zi\u0146\u0101 ilgsto\u0161i ir atst\u0101tas nov\u0101rt\u0101. Asoci\u0101cija vair\u0101kk\u0101rt aicin\u0101jusi Vesel\u012bbas ministriju p\u0101rskat\u012bt \u0161o speci\u0101listu darba samaksu, ta\u010du pagaid\u0101m bez pan\u0101kumiem. Situ\u0101cija rada ba\u017eas par speci\u0101listu izdeg\u0161anu un motiv\u0101cijas zudumu, kas var\u0113tu ietekm\u0113t vesel\u012bbas apr\u016bpes kvalit\u0101ti kopum\u0101.<\/p>\n<p>Darba apjoms un atbild\u012bba neatbilst atalgojumam<\/p>\n<p>Lai gan vecm\u0101t\u0113m ir pla\u0161as un atbild\u012bgas funkcijas, kas aptver sievie\u0161u vesel\u012bbu pirms gr\u016btniec\u012bbas, t\u0101s laik\u0101 un p\u0113c dzemd\u012bb\u0101m, k\u0101 ar\u012b jaundzimu\u0161\u0101 apr\u016bpi, vi\u0146u atalgojums nesam\u0113r\u012bgi zems. Bie\u017ei vien, lai nodro\u0161in\u0101tu sev iztiku, vecm\u0101t\u0113m n\u0101kas str\u0101d\u0101t vair\u0101kus darbus un ilgas stundas, kas noved pie izdeg\u0161anas. K\u0101 nor\u0101d\u012bjis viens no inform\u0101cijas avotiem, vid\u0113j\u0101 alga \u0161aj\u0101 specialit\u0101t\u0113 ir aptuveni 7,41 eiro stund\u0101 pirms nodok\u013cu nomaksas. Tas ir b\u016btiski zem\u0101k nek\u0101 citu l\u012bdz\u012bgu profesiju speci\u0101listiem vai ar\u012b nesam\u0113r\u012bgi pret uz\u0146emto atbild\u012bbas l\u012bmeni un darba apjomu.<\/p>\n<p>Asoci\u0101cijas aicin\u0101jumi un priek\u0161likumi<\/p>\n<p>Latvijas Vecm\u0101\u0161u asoci\u0101cija ir vair\u0101kk\u0101rt v\u0113rsusies Vesel\u012bbas ministrij\u0101 ar priek\u0161likumiem uzlabot vecm\u0101\u0161u atalgojumu. Viens no priek\u0161likumiem ir vecm\u0101t\u0113m noteikt l\u012bdzv\u0113rt\u012bgu atalgojuma kategoriju, k\u0101da ir, piem\u0113ram, ergoterapeitiem un fizioterapeitiem, k\u0101 ar\u012b paredz\u0113t liel\u0101ku likum\u0101 noteikto minim\u0101lo stundas likmi. Asoci\u0101cija uzsver, ka, lai gan vecm\u0101\u0161u vad\u012bta gr\u016btnie\u010du apr\u016bpe tiek arvien vair\u0101k att\u012bst\u012bta un vecm\u0101t\u0113m tiek pie\u0161\u0137irtas jaunas kompetences, piem\u0113ram, noz\u012bm\u0113jumu uz anal\u012bz\u0113m izrakst\u012b\u0161ana vai dekr\u0113ta lapu pie\u0161\u0137ir\u0161ana, atalgojums nav palielin\u0101jies. Turkl\u0101t, lai gan Latvij\u0101 ir re\u0123istr\u0113tas aptuveni 600 vecm\u0101tes, kas ir pietiekams skaits, daudzas no vi\u0146\u0101m darba apst\u0101k\u013cu d\u0113\u013c izv\u0113las pamest profesiju vai str\u0101d\u0101t nepilnu slodzi, cen\u0161oties izvair\u012bties no izdeg\u0161anas.<\/p>\n<p>Visp\u0101r\u0113j\u0101 situ\u0101cija vesel\u012bbas apr\u016bp\u0113<\/p>\n<p>Situ\u0101cija ar zemo atalgojumu un lielo darba slodzi nav rakstur\u012bga tikai vecm\u0101t\u0113m, bet ar\u012b cit\u0101m medic\u012bnas m\u0101s\u0101m un vesel\u012bbas apr\u016bpes speci\u0101listiem Latvij\u0101. \u0160\u012b probl\u0113ma veicina speci\u0101listu emigr\u0101ciju uz cit\u0101m valst\u012bm, kur atalgojums ir konkur\u0113tsp\u0113j\u012bg\u0101ks, un rada hronisku speci\u0101listu tr\u016bkumu nozar\u0113. Nepietiekamais finans\u0113jums vesel\u012bbas apr\u016bpei kopum\u0101, sal\u012bdzinot ar cit\u0101m Eiropas Savien\u012bbas valst\u012bm, v\u0113l vair\u0101k saasina \u0161\u012bs probl\u0113mas. Lai gan vald\u012bba ir ap\u0146\u0113musies palielin\u0101t finans\u0113jumu vesel\u012bbas nozarei un paaugstin\u0101t medi\u0137u atalgojumu, probl\u0113mas risin\u0101\u0161ana prasa ilgtermi\u0146a strat\u0113\u0123iju un konsekventus risin\u0101jumus.<\/p>\n","protected":false},"excerpt":{"rendered":"Medi\u0137u atalgojums \u2013 aktu\u0101la probl\u0113ma Latvijas Vecm\u0101\u0161u asoci\u0101cijas prezidente Linda Veidemane nor\u0101d\u012bjusi, ka vecm\u0101tes un m\u0101sas vesel\u012bbas apr\u016bp\u0113&hellip;\n","protected":false},"author":2,"featured_media":112970,"comment_status":"","ping_status":"","sticky":false,"template":"","format":"standard","meta":{"footnotes":""},"categories":[5],"tags":[23,11879,28,29,32,33,22,30,31,35,39,38,36,37,34,40,26437,20,26,27,24,25,26436,787,21],"class_list":{"0":"post-112981","1":"post","2":"type-post","3":"status-publish","4":"format-standard","5":"has-post-thumbnail","7":"category-aktualitates","8":"tag-aktualitates","9":"tag-atalgojums","10":"tag-breaking-news","11":"tag-breakingnews","12":"tag-featured-news","13":"tag-featurednews","14":"tag-headlines","15":"tag-latest-news","16":"tag-latestnews","17":"tag-latvia","18":"tag-latvian","19":"tag-latviesu","20":"tag-latviesu-valoda","21":"tag-latviesuvaloda","22":"tag-latvija","23":"tag-lv","24":"tag-masas","25":"tag-news","26":"tag-popularakas-zinas","27":"tag-popularakaszinas","28":"tag-top-stories","29":"tag-topstories","30":"tag-vecmates","31":"tag-veselibas-aprupe","32":"tag-zinas"},"share_on_mastodon":{"url":"https:\/\/pubeurope.com\/@lv\/115955033866075774","error":""},"_links":{"self":[{"href":"https:\/\/www.europesays.com\/lv\/wp-json\/wp\/v2\/posts\/112981","targetHints":{"allow":["GET"]}}],"collection":[{"href":"https:\/\/www.europesays.com\/lv\/wp-json\/wp\/v2\/posts"}],"about":[{"href":"https:\/\/www.europesays.com\/lv\/wp-json\/wp\/v2\/types\/post"}],"author":[{"embeddable":true,"href":"https:\/\/www.europesays.com\/lv\/wp-json\/wp\/v2\/users\/2"}],"replies":[{"embeddable":true,"href":"https:\/\/www.europesays.com\/lv\/wp-json\/wp\/v2\/comments?post=112981"}],"version-history":[{"count":0,"href":"https:\/\/www.europesays.com\/lv\/wp-json\/wp\/v2\/posts\/112981\/revisions"}],"wp:featuredmedia":[{"embeddable":true,"href":"https:\/\/www.europesays.com\/lv\/wp-json\/wp\/v2\/media\/112970"}],"wp:attachment":[{"href":"https:\/\/www.europesays.com\/lv\/wp-json\/wp\/v2\/media?parent=112981"}],"wp:term":[{"taxonomy":"category","embeddable":true,"href":"https:\/\/www.europesays.com\/lv\/wp-json\/wp\/v2\/categories?post=112981"},{"taxonomy":"post_tag","embeddable":true,"href":"https:\/\/www.europesays.com\/lv\/wp-json\/wp\/v2\/tags?post=112981"}],"curies":[{"name":"wp","href":"https:\/\/api.w.org\/{rel}","templated":true}]}}