{"id":113005,"date":"2026-01-25T09:51:10","date_gmt":"2026-01-25T09:51:10","guid":{"rendered":"https:\/\/www.europesays.com\/lv\/113005\/"},"modified":"2026-01-25T09:51:10","modified_gmt":"2026-01-25T09:51:10","slug":"foto-un-video-%e2%9f%a9-parbuves-un-restauracijas-darbu-laika-arsenala-atklatas-retas-vestures-liecibas","status":"publish","type":"post","link":"https:\/\/www.europesays.com\/lv\/113005\/","title":{"rendered":"FOTO UN VIDEO \u27e9 P\u0101rb\u016bves un restaur\u0101cijas darbu laik\u0101 &#8220;Arsen\u0101l\u0101&#8221; atkl\u0101tas retas v\u0113stures liec\u012bbas"},"content":{"rendered":"<p>\u0160obr\u012bd objekt\u0101 mont\u0113 jumtu un t\u0101 logus, siltina jumtu, m\u016br\u0113, labo plaisas, izb\u016bv\u0113 UK, AVK-A, AVK-V, AVK-K, miglas sist\u0113mu, kl\u0101j gr\u012bdas, kr\u0101so pagrabst\u0101vu, 1. st\u0101v\u0101 kl\u0101j apmetumu, velk elektr\u012bbu, ier\u012bko siltummezglu un met\u0101la konstrukcijas b\u0113ni\u0146os. Pabeigti hidroizol\u0101cijas darbi ar Biodry inovat\u012bvo tehnolo\u0123iju kapil\u0101r\u0101 mitruma nov\u0113r\u0161anai, neiejaucoties b\u016bves konstrukcij\u0101, \u0161\u0101da tehnolo\u0123ija VN\u012a b\u016bvniec\u012bbas pieredz\u0113 tiek lietota pirmo reizi. L\u012bdz \u0161im t\u0101 lietota tikai C\u0113su Sv\u0113t\u0101 J\u0101\u0146a bazn\u012bc\u0101, C\u0113su M\u0101kslas un v\u0113stures muzej\u0101, R\u012bgas Nacion\u0101laj\u0101 te\u0101tr\u012b un Rund\u0101les pil\u012b.<\/p>\n<p>2026. gada vasar\u0101, kad Saeima dosies vasaras atva\u013cin\u0101jum\u0101, tiks s\u0101kta Tor\u0146a ielas p\u0101rb\u016bve posm\u0101 no J\u0113kaba ielas l\u012bdz Arsen\u0101la ielai.<\/p>\n<p>M\u0101kslas muzeja \u201cArsen\u0101ls\u201d p\u0101rb\u016bves un restaur\u0101cijas projekts tiek finans\u0113ts no Kult\u016bras ministrijas piesaist\u012bt\u0101s Eiropas Savien\u012bbas koh\u0113zijas politikas programmas 2021.\u20132027. gadam 5.1.1. specifisk\u0101 atbalsta m\u0113r\u0137a \u201cViet\u0113j\u0101s teritorijas integr\u0113t\u0101s soci\u0101l\u0101s, ekonomisk\u0101s un vides att\u012bst\u012bbas un kult\u016bras mantojuma, t\u016brisma un dro\u0161\u012bbas veicin\u0101\u0161ana pils\u0113tu funkcion\u0101laj\u0101s teritorij\u0101s\u201d 5.1.1.5. pas\u0101kuma \u201cUnik\u0101la Eiropas m\u0113roga kult\u016bras mantojuma atjauno\u0161ana, lai veicin\u0101tu to piek\u013c\u016bstam\u012bbu, att\u012bstot kult\u016bras pakalpojumus\u201d finans\u0113juma.<\/p>\n","protected":false},"excerpt":{"rendered":"\u0160obr\u012bd objekt\u0101 mont\u0113 jumtu un t\u0101 logus, siltina jumtu, m\u016br\u0113, labo plaisas, izb\u016bv\u0113 UK, AVK-A, AVK-V, AVK-K, miglas&hellip;\n","protected":false},"author":2,"featured_media":113006,"comment_status":"","ping_status":"","sticky":false,"template":"","format":"standard","meta":{"footnotes":""},"categories":[12],"tags":[23,28,29,32,33,22,30,31,35,39,38,36,37,34,40,4139,4138,20,26,27,24,25,9638,293,21],"class_list":{"0":"post-113005","1":"post","2":"type-post","3":"status-publish","4":"format-standard","5":"has-post-thumbnail","7":"category-latvija","8":"tag-aktualitates","9":"tag-breaking-news","10":"tag-breakingnews","11":"tag-featured-news","12":"tag-featurednews","13":"tag-headlines","14":"tag-latest-news","15":"tag-latestnews","16":"tag-latvia","17":"tag-latvian","18":"tag-latviesu","19":"tag-latviesu-valoda","20":"tag-latviesuvaloda","21":"tag-latvija","22":"tag-lv","23":"tag-nekustamais-ipasums","24":"tag-nekustamie-ipasumi","25":"tag-news","26":"tag-popularakas-zinas","27":"tag-popularakaszinas","28":"tag-top-stories","29":"tag-topstories","30":"tag-valsts-nekustamie-ipasumi","31":"tag-vesture","32":"tag-zinas"},"share_on_mastodon":{"url":"https:\/\/pubeurope.com\/@lv\/115955124436050341","error":""},"_links":{"self":[{"href":"https:\/\/www.europesays.com\/lv\/wp-json\/wp\/v2\/posts\/113005","targetHints":{"allow":["GET"]}}],"collection":[{"href":"https:\/\/www.europesays.com\/lv\/wp-json\/wp\/v2\/posts"}],"about":[{"href":"https:\/\/www.europesays.com\/lv\/wp-json\/wp\/v2\/types\/post"}],"author":[{"embeddable":true,"href":"https:\/\/www.europesays.com\/lv\/wp-json\/wp\/v2\/users\/2"}],"replies":[{"embeddable":true,"href":"https:\/\/www.europesays.com\/lv\/wp-json\/wp\/v2\/comments?post=113005"}],"version-history":[{"count":0,"href":"https:\/\/www.europesays.com\/lv\/wp-json\/wp\/v2\/posts\/113005\/revisions"}],"wp:featuredmedia":[{"embeddable":true,"href":"https:\/\/www.europesays.com\/lv\/wp-json\/wp\/v2\/media\/113006"}],"wp:attachment":[{"href":"https:\/\/www.europesays.com\/lv\/wp-json\/wp\/v2\/media?parent=113005"}],"wp:term":[{"taxonomy":"category","embeddable":true,"href":"https:\/\/www.europesays.com\/lv\/wp-json\/wp\/v2\/categories?post=113005"},{"taxonomy":"post_tag","embeddable":true,"href":"https:\/\/www.europesays.com\/lv\/wp-json\/wp\/v2\/tags?post=113005"}],"curies":[{"name":"wp","href":"https:\/\/api.w.org\/{rel}","templated":true}]}}