{"id":113021,"date":"2026-01-25T10:04:16","date_gmt":"2026-01-25T10:04:16","guid":{"rendered":"https:\/\/www.europesays.com\/lv\/113021\/"},"modified":"2026-01-25T10:04:16","modified_gmt":"2026-01-25T10:04:16","slug":"geopolitiskas-situacijas-del-eiropas-aviokompanijas-aptur-reisus-uz-tuvajiem-austrumiem","status":"publish","type":"post","link":"https:\/\/www.europesays.com\/lv\/113021\/","title":{"rendered":"\u0122eopolitisk\u0101s situ\u0101cijas d\u0113\u013c Eiropas aviokomp\u0101nijas aptur reisus uz Tuvajiem Austrumiem"},"content":{"rendered":"<p>N\u012bderlandes aviosabiedr\u012bba KLM aptur\u0113ja reisus uz Tuvajiem Austrumiem l\u012bdz turpm\u0101kam pazi\u0146ojumam, k\u0101 ar\u012b nol\u0113ma nelidot caur vair\u0101ku \u0161\u012b re\u0123iona valstu, tostarp Ir\u0101kas un Ir\u0101nas, gaisa telpu, zi\u0146oja N\u012bderlandes valsts raidkomp\u0101nija NOS.<\/p>\n<p>KLM piektdien pav\u0113st\u012bja NOS, ka ir aptur\u0113jusi reisus uz Telavivu, Dubaiju un Sa\u016bda Ar\u0101bijas pils\u0113t\u0101m Damm\u0101mu un Rij\u0101du, k\u0101 ar\u012b ne\u0161\u0137\u0113rsos Ir\u0101kas, Ir\u0101nas un vair\u0101ku citu Persijas l\u012b\u010da valstu gaisa telpu. Aviokomp\u0101nija neizpauda \u0161o reisu aptur\u0113\u0161anas iemeslu.<\/p>\n<p>ASV prezidents Donalds Tramps ceturtdien pazi\u0146oja, ka ASV karaku\u0123u \u201carm\u0101da\u201d dodas Persijas l\u012b\u010da virzien\u0101 un ka ASV uzman\u012bgi v\u0113ro Ir\u0101nu. Vi\u0146\u0161 tom\u0113r neizteic\u0101s par gaid\u0101mu uzbrukumu un sac\u012bja, ka Teher\u0101na \u0161\u0137iet ieinteres\u0113ta sarun\u0101s.<\/p>\n<p>Tramps vair\u0101kk\u0101rt ir draud\u0113jis ar ASV triecieniem Ir\u0101nai, rea\u0123\u0113jot uz t\u0101s varas iest\u0101\u017eu represij\u0101m pret protestu dal\u012bbniekiem.<\/p>\n<p>Milit\u0101ras r\u012bc\u012bbas iesp\u0113jam\u012bba pag\u0101ju\u0161oned\u0113\u013c samazin\u0101j\u0101s p\u0113c Balt\u0101 nama pazi\u0146ojuma, ka Teher\u0101na aptur\u0113jusi pl\u0101notas n\u0101vessodu izpildes demonstrantiem, tom\u0113r Tramps ceturtdien apstiprin\u0101ja, ka ASV armija turpina gatavoties \u0161\u0101dai r\u012bc\u012bbai.<\/p>\n<p class=\"tv3-fw-500\">Zi\u0146o par k\u013c\u016bdu rakst\u0101<\/p>\n<p class=\"d-md-block d-none\">Iez\u012bm\u0113 k\u013c\u016bdaino tekstu un spied Ctrl+Enter.<\/p>\n<p class=\"d-md-none d-block\">Iez\u012bm\u0113 k\u013c\u016bdaino tekstu un zi\u0146o par to!<\/p>\n","protected":false},"excerpt":{"rendered":"N\u012bderlandes aviosabiedr\u012bba KLM aptur\u0113ja reisus uz Tuvajiem Austrumiem l\u012bdz turpm\u0101kam pazi\u0146ojumam, k\u0101 ar\u012b nol\u0113ma nelidot caur vair\u0101ku \u0161\u012b&hellip;\n","protected":false},"author":2,"featured_media":113022,"comment_status":"","ping_status":"","sticky":false,"template":"","format":"standard","meta":{"footnotes":""},"categories":[5],"tags":[23,1806,28,29,32,33,22,30,31,35,39,38,36,37,34,40,20,26,27,24,25,21],"class_list":{"0":"post-113021","1":"post","2":"type-post","3":"status-publish","4":"format-standard","5":"has-post-thumbnail","7":"category-aktualitates","8":"tag-aktualitates","9":"tag-aviokompanijas","10":"tag-breaking-news","11":"tag-breakingnews","12":"tag-featured-news","13":"tag-featurednews","14":"tag-headlines","15":"tag-latest-news","16":"tag-latestnews","17":"tag-latvia","18":"tag-latvian","19":"tag-latviesu","20":"tag-latviesu-valoda","21":"tag-latviesuvaloda","22":"tag-latvija","23":"tag-lv","24":"tag-news","25":"tag-popularakas-zinas","26":"tag-popularakaszinas","27":"tag-top-stories","28":"tag-topstories","29":"tag-zinas"},"share_on_mastodon":{"url":"https:\/\/pubeurope.com\/@lv\/115955175440522073","error":""},"_links":{"self":[{"href":"https:\/\/www.europesays.com\/lv\/wp-json\/wp\/v2\/posts\/113021","targetHints":{"allow":["GET"]}}],"collection":[{"href":"https:\/\/www.europesays.com\/lv\/wp-json\/wp\/v2\/posts"}],"about":[{"href":"https:\/\/www.europesays.com\/lv\/wp-json\/wp\/v2\/types\/post"}],"author":[{"embeddable":true,"href":"https:\/\/www.europesays.com\/lv\/wp-json\/wp\/v2\/users\/2"}],"replies":[{"embeddable":true,"href":"https:\/\/www.europesays.com\/lv\/wp-json\/wp\/v2\/comments?post=113021"}],"version-history":[{"count":0,"href":"https:\/\/www.europesays.com\/lv\/wp-json\/wp\/v2\/posts\/113021\/revisions"}],"wp:featuredmedia":[{"embeddable":true,"href":"https:\/\/www.europesays.com\/lv\/wp-json\/wp\/v2\/media\/113022"}],"wp:attachment":[{"href":"https:\/\/www.europesays.com\/lv\/wp-json\/wp\/v2\/media?parent=113021"}],"wp:term":[{"taxonomy":"category","embeddable":true,"href":"https:\/\/www.europesays.com\/lv\/wp-json\/wp\/v2\/categories?post=113021"},{"taxonomy":"post_tag","embeddable":true,"href":"https:\/\/www.europesays.com\/lv\/wp-json\/wp\/v2\/tags?post=113021"}],"curies":[{"name":"wp","href":"https:\/\/api.w.org\/{rel}","templated":true}]}}