{"id":113062,"date":"2026-01-25T11:34:20","date_gmt":"2026-01-25T11:34:20","guid":{"rendered":"https:\/\/www.europesays.com\/lv\/113062\/"},"modified":"2026-01-25T11:34:20","modified_gmt":"2026-01-25T11:34:20","slug":"finansu-ministrijas-pateretaju-kreditesanas-reforma-saskaras-ar-kritiku-nav-izverteta-var-klut-dargaka-lente-lv","status":"publish","type":"post","link":"https:\/\/www.europesays.com\/lv\/113062\/","title":{"rendered":"Finan\u0161u ministrijas pat\u0113r\u0113t\u0101ju kredit\u0113\u0161anas reforma saskaras ar kritiku: nav izv\u0113rt\u0113ta, var k\u013c\u016bt d\u0101rg\u0101ka &#8211; Lente.lv"},"content":{"rendered":"<ol>\n<li><a href=\"https:\/\/news.google.com\/rss\/articles\/CBMi4AFBVV95cUxNLUpvMldWUHRHczN4MG1LZngyZkNyYXZwOS12b01LeTJickhDLUtHeFBYLTZaQTktenY4SEZld19VVXNoOTRRSy1ZUElKUExBdVBYOWdlVWtJWkFlWEJUTzBlemllUU91M2d1bkRBWDNQdGppbTE2c2lBVjZ6TXNZRGRRQkpZc3ZENmhzSUZZNVQ4ZkcxQWZjMC02MU9tZDRLenFPNmhXT0tmM1VPa21rTmlxdTNkM210ZW9pZndPNkkwbVVHcGVWVWdMNGlZQWNCeHBWbUR1ZjJ2VjExdDZQbQ?oc=5\" target=\"_blank\" rel=\"nofollow noopener\">Finan\u0161u ministrijas pat\u0113r\u0113t\u0101ju kredit\u0113\u0161anas reforma saskaras ar kritiku: nav izv\u0113rt\u0113ta, var k\u013c\u016bt d\u0101rg\u0101ka<\/a>&nbsp;&nbsp;Lente.lv<\/li>\n<li><a href=\"https:\/\/news.google.com\/rss\/articles\/CBMiuwFBVV95cUxPLV9FOFFRQmFNdDJIZTlKUU1yTktJVUpQMmg1NFc0RU1tRERHU0w5d1B2Mjk2NWNjYUpZeEtmWHhwX28zYm4tZ1NDQkdTY0FKT2U4c1E3MEJiY013SHpQdzhlMXN4ODkxclVsNTZfOGdZM0ZYdUo0dDRCdEZEdy1GUTA5ZF9CaV9lbWRjcEJlcVNreTNhTk9DQ3hvTGxXdHZGdUVZSUtSYUFXVVVrMnN6ZVdYa2xWMzh0X09V?oc=5\" target=\"_blank\" rel=\"nofollow noopener\">Str\u012bds starp iest\u0101d\u0113m \u2013 kur\u0161 uzraudz\u012bs nebanku kredit\u0113t\u0101jus? \/ Raksts<\/a>&nbsp;&nbsp;LSM<\/li>\n<li><a href=\"https:\/\/news.google.com\/rss\/articles\/CBMi5gFBVV95cUxQX29jTzlnOXJybjEteDNoSFg0YW10WGtLT1hRUWc4eE10NlBZTUtWZFBKazBmSnhOczg3bS1CMklOZkthMHhaRWtkVFViYXNQdFFpbVhkejFLSkdHZ1p4SVVCMElHR2tTSmtGS1NSRE1JaFFOZ1FxaEQ2a3MzZHRndGM5WWl4ZEtMb2cwcWFfOG1rb3FmSnd1UXk5SzBST3VtXzF3VHI3U1BWWEpEUVc5STRFZnlweEg1MFV5c1FZUXowZEdYRFlEOHRqSG1rb3ZycEpYZWhzcUc5TW9ka3dsaFhiY1UwUdIB6wFBVV95cUxOazd6SFBxdmxKNDNJSVlUeFhQWG1lVl93VThzeWlPNTRDQ01RLVgzMDB5LXM0VEthSzF1WEtTT044ZWRZWlhoajVBTWtLX2FBOXZoRHpFNm1XaUJiZGNURVZNZFVPY3liOTJRRmY5Zzk2WFNzbFNMakNkYzdubkFWWWxFYUZTcmpicTlQV2hWOUhTV204S3pNeV9fVEVDTFppaklXMEJsa25ueGhWZkJRbk40UFQydUozRU5VZFpGc3lfSVBSTUxWOURMcll4Z2ozZjdJMFczbW9oS2laY2ZfRFBQQnFjNUhXTkNR?oc=5\" target=\"_blank\" rel=\"nofollow noopener\">Nebanku kredit\u0113t\u0101ju uzraudz\u012bbas nodo\u0161ana Latvijas Bankai nozares uzraudz\u012bbas maksas samazin\u0101tu par 57%<\/a>&nbsp;&nbsp;bb.lv<\/li>\n<li><a href=\"https:\/\/news.google.com\/rss\/articles\/CBMiuwFBVV95cUxOeDBwaFpiVUl3YUFLN3VZejJwVjlMY1oxV2pwbWhnR05WdkxGSS12OEVvdVktcHFWbkJFMzdsR2gwSW1WLW11Q3pUdmVuQklPc2NRLWNpeUR2MkZPQm9qdFdTcTNXbWl2cnVvcEdNeVR5NV93aC1wZ19TS3RmU0xmMk5xVTBURU1WQkNwamNfZXRSYjM2alhZM09KNlZUWDlXMi1LLXhkdGxJc2dueGQ5N1ZXeE95VU5hVThn?oc=5\" target=\"_blank\" rel=\"nofollow noopener\">Iedz\u012bvot\u0101ji paliks zaud\u0113t\u0101ji: kred\u012btus dod pa labi, kreizi, iest\u0101des str\u012bdas un sist\u0113ma ir sadrumstalota<\/a>&nbsp;&nbsp;LA.LV<\/li>\n<li><a href=\"https:\/\/news.google.com\/rss\/articles\/CBMiwwFBVV95cUxPdzZZWG05czlCN2xsY0RDcnB0UXJ4UURSbVlBRk4weFpWNEdUV1VTZEdhdE9MbjRYdGg5cy1IRE5QOHUxamtvWDB4RUFoektqb1E1Y1dXaGYzWkFtOVg0QXRWSFlyUzdTVXZVVDliV0RIVnVJM3dxSGRRNEhpTkVXTVJCbGpNNUxGZjBQWUJLRV9RbXFuWTVHRnFHaTlQa2d3VnhVSzR2djhlTklIb056TlAzVUQyaC1VT045MTZGVGFqb0E?oc=5\" target=\"_blank\" rel=\"nofollow noopener\">Saeima konceptu\u0101li atbalsta izmai\u0146as pat\u0113r\u0113t\u0101ju aizsardz\u012bbai kredit\u0113\u0161anas jom\u0101<\/a>&nbsp;&nbsp;LV port\u0101ls<\/li>\n<\/ol>\n","protected":false},"excerpt":{"rendered":"Finan\u0161u ministrijas pat\u0113r\u0113t\u0101ju kredit\u0113\u0161anas reforma saskaras ar kritiku: nav izv\u0113rt\u0113ta, var k\u013c\u016bt d\u0101rg\u0101ka&nbsp;&nbsp;Lente.lv Str\u012bds starp iest\u0101d\u0113m \u2013 kur\u0161&hellip;\n","protected":false},"author":2,"featured_media":113063,"comment_status":"","ping_status":"","sticky":false,"template":"","format":"standard","meta":{"footnotes":""},"categories":[5],"tags":[23,28,29,32,33,438,22,30,31,35,39,38,36,37,34,46,40,20,26460,26,27,4211,26461,24,25,21],"class_list":{"0":"post-113062","1":"post","2":"type-post","3":"status-publish","4":"format-standard","5":"has-post-thumbnail","7":"category-aktualitates","8":"tag-aktualitates","9":"tag-breaking-news","10":"tag-breakingnews","11":"tag-featured-news","12":"tag-featurednews","13":"tag-finansu-ministrija","14":"tag-headlines","15":"tag-latest-news","16":"tag-latestnews","17":"tag-latvia","18":"tag-latvian","19":"tag-latviesu","20":"tag-latviesu-valoda","21":"tag-latviesuvaloda","22":"tag-latvija","23":"tag-latvijas-banka","24":"tag-lv","25":"tag-news","26":"tag-pateretaju-kreditesana","27":"tag-popularakas-zinas","28":"tag-popularakaszinas","29":"tag-ptac","30":"tag-reforma","31":"tag-top-stories","32":"tag-topstories","33":"tag-zinas"},"share_on_mastodon":{"url":"https:\/\/pubeurope.com\/@lv\/115955529358079216","error":""},"_links":{"self":[{"href":"https:\/\/www.europesays.com\/lv\/wp-json\/wp\/v2\/posts\/113062","targetHints":{"allow":["GET"]}}],"collection":[{"href":"https:\/\/www.europesays.com\/lv\/wp-json\/wp\/v2\/posts"}],"about":[{"href":"https:\/\/www.europesays.com\/lv\/wp-json\/wp\/v2\/types\/post"}],"author":[{"embeddable":true,"href":"https:\/\/www.europesays.com\/lv\/wp-json\/wp\/v2\/users\/2"}],"replies":[{"embeddable":true,"href":"https:\/\/www.europesays.com\/lv\/wp-json\/wp\/v2\/comments?post=113062"}],"version-history":[{"count":0,"href":"https:\/\/www.europesays.com\/lv\/wp-json\/wp\/v2\/posts\/113062\/revisions"}],"wp:featuredmedia":[{"embeddable":true,"href":"https:\/\/www.europesays.com\/lv\/wp-json\/wp\/v2\/media\/113063"}],"wp:attachment":[{"href":"https:\/\/www.europesays.com\/lv\/wp-json\/wp\/v2\/media?parent=113062"}],"wp:term":[{"taxonomy":"category","embeddable":true,"href":"https:\/\/www.europesays.com\/lv\/wp-json\/wp\/v2\/categories?post=113062"},{"taxonomy":"post_tag","embeddable":true,"href":"https:\/\/www.europesays.com\/lv\/wp-json\/wp\/v2\/tags?post=113062"}],"curies":[{"name":"wp","href":"https:\/\/api.w.org\/{rel}","templated":true}]}}