{"id":113083,"date":"2026-01-25T12:09:07","date_gmt":"2026-01-25T12:09:07","guid":{"rendered":"https:\/\/www.europesays.com\/lv\/113083\/"},"modified":"2026-01-25T12:09:07","modified_gmt":"2026-01-25T12:09:07","slug":"paradsaistibas-sasniedz-1858-no-kopeja-apjoma-lente-lv","status":"publish","type":"post","link":"https:\/\/www.europesays.com\/lv\/113083\/","title":{"rendered":"Par\u0101dsaist\u012bbas sasniedz 18,58% no kop\u0113j\u0101 apjoma\u00a0\u2014\u00a0Lente.lv"},"content":{"rendered":"<p>R\u0113zeknes bud\u017eeta izstr\u0101de un t\u0101s sekas<\/p>\n<p>R\u0113zeknes valstspils\u0113tas dome ir apstiprin\u0101jusi pa\u0161vald\u012bbas bud\u017eetu 2026. gadam, paredzot kop\u0113jos izdevumus 64,7 miljonu eiro apm\u0113r\u0101. K\u0101 zi\u0146o av\u012bze Diena, \u0161is bud\u017eets paredz, ka pils\u0113tas par\u0101dsaist\u012bbas sasniegs 18,58% no visa bud\u017eeta apjoma. Lai gan tas ir pie\u013caujam\u0101s 20% robe\u017eas ietvaros, tas nor\u0101da uz nepiecie\u0161am\u012bbu turpin\u0101t finan\u0161u stabiliz\u0101cijas pas\u0101kumus. Pils\u0113tas domes priek\u0161s\u0113d\u0113t\u0101js Aleksandrs Barta\u0161evi\u010ds gan pauda, ka R\u0113zekne ir piem\u0113rs tam, k\u0101 efekt\u012bvi r\u012bkoties ar pieejamiem finan\u0161u resursiem, ta\u010du opoz\u012bcijas deput\u0101ti uzskata, ka bud\u017eets nav god\u012bgs un sam\u0113r\u012bgs, \u012bpa\u0161i izce\u013cot algas palielin\u0101jumu administr\u0101cijai, kam\u0113r pedagogu pal\u012bgi sa\u0146em minim\u0101lo atalgojumu. Bud\u017eets tika pie\u0146emts tikai ar koal\u012bcijas bals\u012bm.<\/p>\n<p>Galven\u0101s bud\u017eeta priorit\u0101tes un izdevumu sadal\u012bjums<\/p>\n<p>Bud\u017eeta ie\u0146\u0113mumi pl\u0101noti 56,5 miljonu eiro apm\u0113r\u0101, kas ir par 1,3 miljoniem eiro vair\u0101k nek\u0101 iepriek\u0161\u0113j\u0101 gad\u0101, galvenok\u0101rt pateicoties prognoz\u0113tajam iedz\u012bvot\u0101ju ien\u0101kuma nodok\u013ca pieaugumam. Izdevumi ir palielin\u0101ti par 6,3 miljoniem eiro sal\u012bdzin\u0101jum\u0101 ar iepriek\u0161\u0113jo gadu. Liel\u0101k\u0101 da\u013ca l\u012bdzek\u013cu, 28 miljoni eiro jeb 46% no pamatbud\u017eeta izdevumiem, novirz\u012bta izgl\u012bt\u012bbas nozarei. Pl\u0101nots finans\u0113jums pedagogu atalgojuma palielin\u0101\u0161anai un R\u0113zeknes pamatskolas-att\u012bst\u012bbas centra infrastrukt\u016bras uzlabo\u0161anai. Soci\u0101lajai aizsardz\u012bbai paredz\u0113ti 9,7 miljoni eiro jeb 16% no kop\u0113j\u0101 apjoma. Lai veicin\u0101tu ekonomisko izaugsmi, bud\u017eet\u0101 atv\u0113l\u0113ti 7,73 miljoni eiro, koncentr\u0113joties uz industri\u0101l\u0101s zonas infrastrukt\u016bras izb\u016bvi, ce\u013cu un ietvju atjauno\u0161anu, k\u0101 ar\u012b vides uzlabo\u0161anas projektiem.<\/p>\n<p>Finan\u0161u stabiliz\u0101cijas process un par\u0101dsaist\u012bbu limits<\/p>\n<p>R\u0113zeknes pa\u0161vald\u012bba joproj\u0101m atrodas finan\u0161u stabiliz\u0101cijas proces\u0101, kas s\u0101k\u0101s p\u0113c iepriek\u0161\u0113j\u0101s finan\u0161u kr\u012bzes un ko uzrauga Finan\u0161u ministrija. Lai gan situ\u0101cija ir uzlabojusies, pilns stabiliz\u0101cijas process pl\u0101nots nosl\u0113gties 2026. gad\u0101. Pa\u0161vald\u012bbas par\u0101dsaist\u012bbas, kas sasniegu\u0161as 18,58% no bud\u017eeta, ir zem likum\u0101 noteikt\u0101 20% griestiem, tom\u0113r tas uzsver nepiecie\u0161am\u012bbu turpin\u0101t apzin\u012bgu finan\u0161u pl\u0101no\u0161anu un par\u0101du samazin\u0101\u0161anu. Finan\u0161u ministrija ir uzsv\u0113rusi, ka R\u0113zekne l\u012bdz \u0161im nav kav\u0113jusi maks\u0101jumus, kas ir b\u016btisks progress. Pils\u0113tas turpm\u0101k\u0101 finansi\u0101l\u0101 stabilit\u0101te ir atkar\u012bga no iniciat\u012bvu finans\u0113juma seguma nodro\u0161in\u0101\u0161anas.<\/p>\n<p>Ierobe\u017eojumi un iepriek\u0161\u0113j\u0101s diskusijas<\/p>\n<p>Paredz\u0113ts, ka pa\u0161vald\u012bbas saist\u012bbu apm\u0113rs pieaugs no 16,9% l\u012bdz 18,6% no visa bud\u017eeta. \u0160\u0101 gada bud\u017eet\u0101 pl\u0101noti ar\u012b aiz\u0146\u0113mumi 3,3 miljonu eiro apm\u0113r\u0101. Finan\u0161u ministrija jau iepriek\u0161 ir nor\u0101d\u012bjusi uz nepiecie\u0161am\u012bbu nodro\u0161in\u0101t, ka visas bud\u017eet\u0101 iek\u013caut\u0101s iniciat\u012bvas ir segtas ar finan\u0161u resursiem. Piem\u0113ram, domes iecere par bezmaksas brauk\u0161anu senioriem iepriek\u0161 nav tikusi atbalst\u012bta. Da\u017ei no \u0161ogad pl\u0101notajiem pas\u0101kumiem, piem\u0113ram, Kult\u016bras nama renov\u0101cijas uzs\u0101k\u0161ana un R\u0113zeknes pamatskolas \u2013 att\u012bst\u012bbas centra remonts, ir da\u013ca no ilgtermi\u0146a att\u012bst\u012bbas pl\u0101niem.<\/p>\n","protected":false},"excerpt":{"rendered":"R\u0113zeknes bud\u017eeta izstr\u0101de un t\u0101s sekas R\u0113zeknes valstspils\u0113tas dome ir apstiprin\u0101jusi pa\u0161vald\u012bbas bud\u017eetu 2026. gadam, paredzot kop\u0113jos izdevumus&hellip;\n","protected":false},"author":2,"featured_media":113084,"comment_status":"","ping_status":"","sticky":false,"template":"","format":"standard","meta":{"footnotes":""},"categories":[12],"tags":[23,28,29,32,33,26468,22,30,31,35,39,38,36,37,34,40,20,26467,24729,26,27,167,19896,24,25,21],"class_list":{"0":"post-113083","1":"post","2":"type-post","3":"status-publish","4":"format-standard","5":"has-post-thumbnail","7":"category-latvija","8":"tag-aktualitates","9":"tag-breaking-news","10":"tag-breakingnews","11":"tag-featured-news","12":"tag-featurednews","13":"tag-finansu-stabilizacija","14":"tag-headlines","15":"tag-latest-news","16":"tag-latestnews","17":"tag-latvia","18":"tag-latvian","19":"tag-latviesu","20":"tag-latviesu-valoda","21":"tag-latviesuvaloda","22":"tag-latvija","23":"tag-lv","24":"tag-news","25":"tag-paradsaistibas","26":"tag-pasvaldibas-budzets","27":"tag-popularakas-zinas","28":"tag-popularakaszinas","29":"tag-rezekne","30":"tag-rezeknes-dome","31":"tag-top-stories","32":"tag-topstories","33":"tag-zinas"},"share_on_mastodon":{"url":"https:\/\/pubeurope.com\/@lv\/115955667102304115","error":""},"_links":{"self":[{"href":"https:\/\/www.europesays.com\/lv\/wp-json\/wp\/v2\/posts\/113083","targetHints":{"allow":["GET"]}}],"collection":[{"href":"https:\/\/www.europesays.com\/lv\/wp-json\/wp\/v2\/posts"}],"about":[{"href":"https:\/\/www.europesays.com\/lv\/wp-json\/wp\/v2\/types\/post"}],"author":[{"embeddable":true,"href":"https:\/\/www.europesays.com\/lv\/wp-json\/wp\/v2\/users\/2"}],"replies":[{"embeddable":true,"href":"https:\/\/www.europesays.com\/lv\/wp-json\/wp\/v2\/comments?post=113083"}],"version-history":[{"count":0,"href":"https:\/\/www.europesays.com\/lv\/wp-json\/wp\/v2\/posts\/113083\/revisions"}],"wp:featuredmedia":[{"embeddable":true,"href":"https:\/\/www.europesays.com\/lv\/wp-json\/wp\/v2\/media\/113084"}],"wp:attachment":[{"href":"https:\/\/www.europesays.com\/lv\/wp-json\/wp\/v2\/media?parent=113083"}],"wp:term":[{"taxonomy":"category","embeddable":true,"href":"https:\/\/www.europesays.com\/lv\/wp-json\/wp\/v2\/categories?post=113083"},{"taxonomy":"post_tag","embeddable":true,"href":"https:\/\/www.europesays.com\/lv\/wp-json\/wp\/v2\/tags?post=113083"}],"curies":[{"name":"wp","href":"https:\/\/api.w.org\/{rel}","templated":true}]}}