{"id":113098,"date":"2026-01-25T12:26:09","date_gmt":"2026-01-25T12:26:09","guid":{"rendered":"https:\/\/www.europesays.com\/lv\/113098\/"},"modified":"2026-01-25T12:26:09","modified_gmt":"2026-01-25T12:26:09","slug":"ja-naktos-izveleties-grenlande-paliktu-danijas-sastava-nevis-pievienotos-asv-lente-lv-2","status":"publish","type":"post","link":"https:\/\/www.europesays.com\/lv\/113098\/","title":{"rendered":"Ja n\u0101ktos izv\u0113l\u0113ties, Grenlande paliktu D\u0101nijas sast\u0101v\u0101, nevis pievienotos ASV\u00a0\u2014\u00a0Lente.lv"},"content":{"rendered":"<p>Nilsens nezi\u0146\u0101 par Trampa un Rutes vieno\u0161anos par Grenlandi<\/p>\n<p>Grenlandes premjerministrs Jenss Frederiks Nilsens ir publiski paudis nezi\u0146u par rezult\u0101tiem, kas tika pan\u0101kti ASV prezidenta Donalda Trampa un NATO \u0123ener\u0101lsekret\u0101ra Marka Rutes sarun\u0101s par Grenlandi. Vi\u0146\u0161 uzsv\u0113ra, ka jebk\u0101das vieno\u0161an\u0101s \u0161aj\u0101 jaut\u0101jum\u0101 nevar tikt pan\u0101ktas bez Grenlandes pa\u0161u iesaistes. K\u0101 inform\u0113 port\u0101ls NRA, Nilsens ir nor\u0101d\u012bjis, ka nav skaidrs, par ko tie\u0161i vienoju\u0161ies abi l\u012bderi, un uzsv\u0113ris, ka Grenlandes teritori\u0101l\u0101 integrit\u0101te ir j\u0101iev\u0113ro.<\/p>\n<p>Grenlandes nost\u0101ja attiec\u012bb\u0101 uz D\u0101niju un ASV<\/p>\n<p>Vaic\u0101ts par hipot\u0113tisku izv\u0113li starp palik\u0161anu D\u0101nijas sast\u0101v\u0101 vai pievieno\u0161anos Amerikas Savienotaj\u0101m Valst\u012bm, Nilsens izteicies, ka Grenlande izv\u0113l\u0113tos D\u0101niju. Vi\u0146\u0161 uzsv\u0113ra, ka Grenlandes iedz\u012bvot\u0101ju vair\u0101kums nev\u0113las b\u016bt ne par d\u0101\u0146iem, ne par amerik\u0101\u0146iem, un ka sala netiks p\u0101rdota. Aptaujas liecina, ka 85% Grenlandes iedz\u012bvot\u0101ju iebilst pret pievieno\u0161anos ASV, kam\u0113r to atbalsta tikai 6%. K\u0101 inform\u0113 port\u0101ls NRA, \u0161\u0101da nost\u0101ja ir satraukusi ne tikai D\u0101niju un Grenlandi, bet ar\u012b Eiropas Savien\u012bbas dal\u012bbvalstis un citus NATO sabiedrotos.<\/p>\n<p>ASV ilgsto\u0161\u0101 interese par Grenlandi<\/p>\n<p>ASV jau kop\u0161 19. gadsimta ir izr\u0101d\u012bju\u0161as interesi par Grenlandes ieg\u016b\u0161anu sav\u0101 kontrol\u0113, apliecinot t\u0101s strat\u0113\u0123isko noz\u012bmi valsts dro\u0161\u012bbai un piek\u013cuvei Arktikas re\u0123ionam. \u0160\u012b interese ir v\u0113sturiski saist\u012bta ar v\u0113lmi nodro\u0161in\u0101t milit\u0101ro kl\u0101tb\u016btni un piek\u013cuvi bag\u0101t\u012bgajiem dabas resursiem. Lai gan iepriek\u0161\u0113j\u0101s administr\u0101cijas ir m\u0113\u0123in\u0101ju\u0161as \u012bstenot \u0161\u012bs intereses, pa\u0161reiz\u0113j\u0101 situ\u0101cij\u0101 t\u0101s ir k\u013cuvu\u0161as v\u0113l izteikt\u0101kas, radot sasp\u012bl\u0113jumu attiec\u012bb\u0101s ar D\u0101niju un Eiropas Savien\u012bbu. Lai gan Tramps ir m\u012bkstin\u0101jis retoriku un atteicies no tirdzniec\u012bbas tarifu draudiem p\u0113c sarun\u0101m ar NATO \u0123ener\u0101lsekret\u0101ru Marku Rutti, Grenlandes jaut\u0101jums paliek atkl\u0101ts un prasa turpm\u0101ku diplom\u0101tisku risin\u0101jumu.<\/p>\n<p>V\u0113sturiskais konteksts un D\u0101nijas\u2013Grenlandes attiec\u012bbas<\/p>\n<p>Grenlande, kas ir liel\u0101k\u0101 sala pasaul\u0113, kop\u0161 1953. gada pilnv\u0113rt\u012bgi konstitucion\u0101li pieder D\u0101nijas Karalistei. 2008. gad\u0101 Grenlandes autonomija no D\u0101nijas k\u013cuva liel\u0101ka, kad iedz\u012bvot\u0101ji nobalsoja par pa\u0161p\u0101rvaldes likumu, kas nodeva gandr\u012bz visu varu viet\u0113jai vald\u012bbai, D\u0101nijas vald\u012bbai atst\u0101jot vien\u012bgi \u0101rlietu un aizsardz\u012bbas politikas \u012bsteno\u0161anas ties\u012bbas. Agr\u0101k Grenlande bija ar\u012b Eiropas Ekonomikas kopienas sast\u0101v\u0101, ta\u010du p\u0113c referenduma no t\u0101s izst\u0101j\u0101s. Lai gan ASV jau kop\u0161 19. gadsimta ir izr\u0101d\u012bju\u0161as interesi par salu, pat pied\u0101v\u0101jot to nopirkt 1946. gad\u0101 par 100 miljoniem dol\u0101ru, D\u0101nija \u0161o pied\u0101v\u0101jumu noraid\u012bja. \u0160obr\u012bd Grenland\u0113 ir izvietota viena ASV milit\u0101r\u0101 b\u0101ze.<\/p>\n<p>Geopolitisk\u0101 noz\u012bme un starptautisk\u0101 reakcija<\/p>\n<p>Grenlandes \u0123eogr\u0101fiskais st\u0101voklis, piek\u013cuve Arktikas j\u016bras ce\u013ciem un potenci\u0101lie dabas resursi padara to par strat\u0113\u0123iski noz\u012bm\u012bgu teritoriju. T\u0101 atrodas \u012bs\u0101kaj\u0101 ra\u0137e\u0161u trajektorijas mar\u0161rut\u0101 no Krievijas uz ASV un ir past\u0101v\u012bgi bijusi Savienoto Valstu dro\u0161\u012bbas oper\u0101ciju atbalsta punkts. ASV un ES tirdzniec\u012bbas kar\u0161, ko izrais\u012bja Trampa darb\u012bbas attiec\u012bb\u0101 uz Grenlandi, ir rad\u012bjis ba\u017eas Latvij\u0101. D\u0101nijas un Grenlandes amatpersonas ir stingri noraid\u012bju\u0161as jebk\u0101das idejas par salas p\u0101rdo\u0161anu vai t\u0101s suverenit\u0101tes ap\u0161aub\u012b\u0161anu, uzsverot, ka Grenlande nav uz p\u0101rdo\u0161anu. Ar\u012b Eiropas Savien\u012bba un citas NATO dal\u012bbvalstis ir kritiz\u0113ju\u0161as Trampa pieeju, br\u012bdinot, ka \u0161\u0101di so\u013ci var\u0113tu apdraud\u0113t NATO stabilit\u0101ti un transatlantisk\u0101s attiec\u012bbas.<\/p>\n","protected":false},"excerpt":{"rendered":"Nilsens nezi\u0146\u0101 par Trampa un Rutes vieno\u0161anos par Grenlandi Grenlandes premjerministrs Jenss Frederiks Nilsens ir publiski paudis nezi\u0146u&hellip;\n","protected":false},"author":2,"featured_media":112778,"comment_status":"","ping_status":"","sticky":false,"template":"","format":"standard","meta":{"footnotes":""},"categories":[14],"tags":[23,57,292,28,29,1418,542,32,33,20878,22,26389,30,31,35,39,38,36,37,34,40,20,26,27,24,25,54,55,56,21,58],"class_list":{"0":"post-113098","1":"post","2":"type-post","3":"status-publish","4":"format-standard","5":"has-post-thumbnail","7":"category-zinas-no-arvalstim","8":"tag-aktualitates","9":"tag-arvalstim","10":"tag-asv","11":"tag-breaking-news","12":"tag-breakingnews","13":"tag-danija","14":"tag-donalds-tramps","15":"tag-featured-news","16":"tag-featurednews","17":"tag-grenlande","18":"tag-headlines","19":"tag-jenss-frederiks-nilsens","20":"tag-latest-news","21":"tag-latestnews","22":"tag-latvia","23":"tag-latvian","24":"tag-latviesu","25":"tag-latviesu-valoda","26":"tag-latviesuvaloda","27":"tag-latvija","28":"tag-lv","29":"tag-news","30":"tag-popularakas-zinas","31":"tag-popularakaszinas","32":"tag-top-stories","33":"tag-topstories","34":"tag-world","35":"tag-world-news","36":"tag-worldnews","37":"tag-zinas","38":"tag-zinas-no-arvalstim"},"share_on_mastodon":{"url":"https:\/\/pubeurope.com\/@lv\/115955734027579473","error":""},"_links":{"self":[{"href":"https:\/\/www.europesays.com\/lv\/wp-json\/wp\/v2\/posts\/113098","targetHints":{"allow":["GET"]}}],"collection":[{"href":"https:\/\/www.europesays.com\/lv\/wp-json\/wp\/v2\/posts"}],"about":[{"href":"https:\/\/www.europesays.com\/lv\/wp-json\/wp\/v2\/types\/post"}],"author":[{"embeddable":true,"href":"https:\/\/www.europesays.com\/lv\/wp-json\/wp\/v2\/users\/2"}],"replies":[{"embeddable":true,"href":"https:\/\/www.europesays.com\/lv\/wp-json\/wp\/v2\/comments?post=113098"}],"version-history":[{"count":0,"href":"https:\/\/www.europesays.com\/lv\/wp-json\/wp\/v2\/posts\/113098\/revisions"}],"wp:featuredmedia":[{"embeddable":true,"href":"https:\/\/www.europesays.com\/lv\/wp-json\/wp\/v2\/media\/112778"}],"wp:attachment":[{"href":"https:\/\/www.europesays.com\/lv\/wp-json\/wp\/v2\/media?parent=113098"}],"wp:term":[{"taxonomy":"category","embeddable":true,"href":"https:\/\/www.europesays.com\/lv\/wp-json\/wp\/v2\/categories?post=113098"},{"taxonomy":"post_tag","embeddable":true,"href":"https:\/\/www.europesays.com\/lv\/wp-json\/wp\/v2\/tags?post=113098"}],"curies":[{"name":"wp","href":"https:\/\/api.w.org\/{rel}","templated":true}]}}