{"id":113118,"date":"2026-01-25T12:45:27","date_gmt":"2026-01-25T12:45:27","guid":{"rendered":"https:\/\/www.europesays.com\/lv\/113118\/"},"modified":"2026-01-25T12:45:27","modified_gmt":"2026-01-25T12:45:27","slug":"arsenala-atklats-17-gs-kulturslanis-un-retas-vestures-liecibas","status":"publish","type":"post","link":"https:\/\/www.europesays.com\/lv\/113118\/","title":{"rendered":"\u201cArsen\u0101l\u0101\u201d atkl\u0101ts 17.gs kult\u016brsl\u0101nis un retas v\u0113stures liec\u012bbas"},"content":{"rendered":"<p>\u0160obr\u012bd objekt\u0101 tiek veikti jumta un jumta logu mont\u0101\u017eas darbi, \u00a0jumta siltin\u0101\u0161anas darbi, \u00a0m\u016br\u0113\u0161anas darbi, plaisu remonts, UK izb\u016bves darbi, gr\u012bdu izb\u016bves darbi, pagrabst\u0101va kr\u0101so\u0161anas darbi, 1. st\u0101va apmetuma izb\u016bves darbi, AVK-A, AVK-V, AVK-K izb\u016bves darbi, miglas sist\u0113mas izb\u016bves darbi, elektr\u012bbas izb\u016bves darbi, siltummezgla izb\u016bve un met\u0101la konstrukciju izb\u016bves darbi b\u0113ni\u0146os. Pabeigti hidroizol\u0101cijas darbi ar Biodry inovat\u012bvo tehnolo\u0123iju kapil\u0101r\u0101 mitruma nov\u0113r\u0161anai, neiejaucoties b\u016bves konstrukcij\u0101, \u0161\u0101da tehnolo\u0123ija VN\u012a b\u016bvniec\u012bbas pieredz\u0113 tiek pielietota pirmo reizi. L\u012bdz t\u0101 pielietota tikai C\u0113su Sv\u0113t\u0101 J\u0101\u0146a bazn\u012bc\u0101, C\u0113su M\u0101kslas un v\u0113stures muzej\u0101, R\u012bgas Nacion\u0101laj\u0101 te\u0101tr\u012b un Rund\u0101les pil\u012b. <\/p>\n<p>2026. gada vasar\u0101, kad Saeima dosies vasaras atva\u013cin\u0101jum\u0101, tiks uzs\u0101kti Tor\u0146a ielas p\u0101rb\u016bves darbi posm\u0101 no J\u0113kaba ielas l\u012bdz Arsen\u0101la ielai.<\/p>\n<p>M\u0101kslas muzeja \u201cArsen\u0101ls\u201d p\u0101rb\u016bves un restaur\u0101cijas projekts tiek finans\u0113ts no Kult\u016bras ministrijas piesaist\u012bt\u0101s Eiropas Savien\u012bbas koh\u0113zijas politikas programmas 2021.\u20132027. gadam 5.1.1. specifisk\u0101 atbalsta m\u0113r\u0137a \u201cViet\u0113j\u0101s teritorijas integr\u0113t\u0101s soci\u0101l\u0101s, ekonomisk\u0101s un vides att\u012bst\u012bbas un kult\u016bras mantojuma, t\u016brisma un dro\u0161\u012bbas veicin\u0101\u0161ana pils\u0113tu funkcion\u0101laj\u0101s teritorij\u0101s\u201d 5.1.1.5. pas\u0101kuma \u201cUnik\u0101la Eiropas m\u0113roga kult\u016bras mantojuma atjauno\u0161ana, lai veicin\u0101tu to piek\u013c\u016bstam\u012bbu, att\u012bstot kult\u016bras pakalpojumus\u201d finans\u0113juma.<\/p>\n<p>2021. gad\u0101 VN\u012a vad\u012bb\u0101 tika pabeigta \u201cArsen\u0101la\u201d p\u0101rb\u016bves 1. k\u0101rta, kas ietv\u0113ra \u0113kas fas\u0101des atjauno\u0161anu, logu restaur\u0101ciju un pamatu hidroizol\u0101cijas izb\u016bvi.<\/p>\n<p>\u201cArsen\u0101ls\u201d ir klasicisma arhitekt\u016bras paraugs un atjauno\u0161anas projekts ir da\u013ca no Kult\u016bras ministrijas virz\u012bt\u0101 normat\u012bv\u0101 regul\u0113juma unik\u0101lu valsts noz\u012bmes kult\u016bras pieminek\u013cu saglab\u0101\u0161anai, kas atrodas pils\u0113tb\u016bvniec\u012bbas pieminekl\u012b \u201cR\u012bgas pils\u0113tas v\u0113sturiskais centrs\u201d un vienlaic\u012bgi UNESCO pasaules kult\u016bras un dabas mantojuma vietas \u201cR\u012bgas v\u0113sturiskais centrs\u201d teritorij\u0101. \u0160\u012b projekta ietvaros pl\u0101nots att\u012bst\u012bt piecus objektus R\u012bgas v\u0113sturiskaj\u0101 centr\u0101 \u2013 Lielo \u0123ildi, \u201cArsen\u0101lu\u201d, Va\u013c\u0146u ielu un t\u0101s apk\u0101rtni, Daugavas g\u0101ti, k\u0101 ar\u012b izveidot Latvijas Nacion\u0101l\u0101 v\u0113stures muzeja ekspoz\u012bcijas R\u012bgas pil\u012b.<\/p>\n<p>Par VN\u012a<\/p>\n<p>VAS \u201cValsts nekustamie \u012bpa\u0161umi\u201d vad\u012bb\u0101 patlaban tiek \u012bstenoti 110 projekti ar kop\u0113j\u0101m invest\u012bcij\u0101m 410 miljoni eiro. VN\u012a nodro\u0161ina profesion\u0101lu nekustamo \u012bpa\u0161umu apsaimnieko\u0161anu un p\u0101rvald\u012bbu 411 \u0113ku un b\u016bvju \u012bpa\u0161umiem, kuros ietilpst 1096 \u0113kas 968 t\u016bksto\u0161u m2 plat\u012bb\u0101, k\u0101 ar\u012b zeme zem \u0113k\u0101m 627 ha plat\u012bb\u0101, un 3 093 zemes \u012bpa\u0161umiem ar kop\u0113jo plat\u012bbu 860 ha. 2024. gad\u0101 VN\u012a jau ceturto reizi sa\u0146\u0113ma Korporat\u012bv\u0101s atbild\u012bbas un ilgtsp\u0113jas instit\u016bta \u201cIlgtsp\u0113jas indeksa\u201d plat\u012bna godalgu, apliecinot nemain\u012bgi augstu p\u0101rvald\u012bbas un uz\u0146\u0113muma darb\u012bbas ilgtsp\u0113ju. Uz\u0146\u0113mums dibin\u0101ts 1996. gad\u0101, t\u0101 100% akcion\u0101rs ir Finan\u0161u ministrija.<\/p>\n<p>\u00a0<\/p>\n<p>Papildu inform\u0101cija pla\u0161sazi\u0146as l\u012bdzek\u013ciem:<br \/>VAS \u201cValsts nekustamie \u012bpa\u0161umi\u201d <br \/>Korporat\u012bv\u0101s komunik\u0101cijas un ilgtsp\u0113jas da\u013ca <br \/>T\u0101lr. <a href=\"https:\/\/www.km.gov.lv\/lv\/jaunums\/tel:+371 20235301\" rel=\"nofollow noopener\" target=\"_blank\">+371 20235301<\/a>; <a href=\"https:\/\/www.km.gov.lv\/lv\/jaunums\/mailto:komunikacija@vni.lv\" rel=\"nofollow noopener\" target=\"_blank\">komunikacija@vni.lv<\/a><\/p>\n","protected":false},"excerpt":{"rendered":"\u0160obr\u012bd objekt\u0101 tiek veikti jumta un jumta logu mont\u0101\u017eas darbi, \u00a0jumta siltin\u0101\u0161anas darbi, \u00a0m\u016br\u0113\u0161anas darbi, plaisu remonts, UK&hellip;\n","protected":false},"author":2,"featured_media":113119,"comment_status":"","ping_status":"","sticky":false,"template":"","format":"standard","meta":{"footnotes":""},"categories":[12],"tags":[23,28,29,32,33,22,30,31,35,39,38,36,37,34,40,20,26,27,24,25,21],"class_list":{"0":"post-113118","1":"post","2":"type-post","3":"status-publish","4":"format-standard","5":"has-post-thumbnail","7":"category-latvija","8":"tag-aktualitates","9":"tag-breaking-news","10":"tag-breakingnews","11":"tag-featured-news","12":"tag-featurednews","13":"tag-headlines","14":"tag-latest-news","15":"tag-latestnews","16":"tag-latvia","17":"tag-latvian","18":"tag-latviesu","19":"tag-latviesu-valoda","20":"tag-latviesuvaloda","21":"tag-latvija","22":"tag-lv","23":"tag-news","24":"tag-popularakas-zinas","25":"tag-popularakaszinas","26":"tag-top-stories","27":"tag-topstories","28":"tag-zinas"},"share_on_mastodon":{"url":"https:\/\/pubeurope.com\/@lv\/115955808567885189","error":""},"_links":{"self":[{"href":"https:\/\/www.europesays.com\/lv\/wp-json\/wp\/v2\/posts\/113118","targetHints":{"allow":["GET"]}}],"collection":[{"href":"https:\/\/www.europesays.com\/lv\/wp-json\/wp\/v2\/posts"}],"about":[{"href":"https:\/\/www.europesays.com\/lv\/wp-json\/wp\/v2\/types\/post"}],"author":[{"embeddable":true,"href":"https:\/\/www.europesays.com\/lv\/wp-json\/wp\/v2\/users\/2"}],"replies":[{"embeddable":true,"href":"https:\/\/www.europesays.com\/lv\/wp-json\/wp\/v2\/comments?post=113118"}],"version-history":[{"count":0,"href":"https:\/\/www.europesays.com\/lv\/wp-json\/wp\/v2\/posts\/113118\/revisions"}],"wp:featuredmedia":[{"embeddable":true,"href":"https:\/\/www.europesays.com\/lv\/wp-json\/wp\/v2\/media\/113119"}],"wp:attachment":[{"href":"https:\/\/www.europesays.com\/lv\/wp-json\/wp\/v2\/media?parent=113118"}],"wp:term":[{"taxonomy":"category","embeddable":true,"href":"https:\/\/www.europesays.com\/lv\/wp-json\/wp\/v2\/categories?post=113118"},{"taxonomy":"post_tag","embeddable":true,"href":"https:\/\/www.europesays.com\/lv\/wp-json\/wp\/v2\/tags?post=113118"}],"curies":[{"name":"wp","href":"https:\/\/api.w.org\/{rel}","templated":true}]}}