{"id":113120,"date":"2026-01-25T12:46:07","date_gmt":"2026-01-25T12:46:07","guid":{"rendered":"https:\/\/www.europesays.com\/lv\/113120\/"},"modified":"2026-01-25T12:46:07","modified_gmt":"2026-01-25T12:46:07","slug":"silina-komente-mierinas-aicinajumu-pieskirt-trampam-nobela-miera-premiju-politiskaja-vide-verojama-kritika-lente-lv","status":"publish","type":"post","link":"https:\/\/www.europesays.com\/lv\/113120\/","title":{"rendered":"Sili\u0146a koment\u0113 Mieri\u0146as aicin\u0101jumu pie\u0161\u0137irt Trampam Nobela Miera pr\u0113miju, politiskaj\u0101 vid\u0113 v\u0113rojama kritika\u00a0\u2014\u00a0Lente.lv"},"content":{"rendered":"<p>Sili\u0146as nost\u0101ja pret Mieri\u0146as person\u012bgo l\u0113mumu<\/p>\n<p>Ministru prezidente Evika Sili\u0146a (JV) respekt\u0113 Saeimas priek\u0161s\u0113d\u0113t\u0101jas Daigas Mieri\u0146as (ZZS) person\u012bgo l\u0113mumu parakst\u012bt v\u0113stuli Nobela pr\u0113mijas komitejai, aicinot pie\u0161\u0137irt 2025. gada Miera pr\u0113miju biju\u0161ajam ASV prezidentam Donaldam Trampam. Premjere nor\u0101d\u012bjusi, ka Mieri\u0146a vi\u0146u par \u0161o r\u012bc\u012bbu inform\u0113jusi iepriek\u0161. Lai gan Valsts prezidents Edgars Rink\u0113vi\u010ds ar\u012b paudis, ka respekt\u0113 Mieri\u0146as person\u012bgo nost\u0101ju un uzskata, ka \u0161is l\u0113mums nav pretrun\u0101 ar Latvijas vienoto \u0101rpolitiku, jo ASV ir Latvijas strat\u0113\u0123iskais partneris, koal\u012bcijas partneri, \u012bpa\u0161i no \u201cProgres\u012bvo\u201d partijas, ir izteiku\u0161i kritisku nost\u0101ju. Da\u017ei politi\u0137i, piem\u0113ram, Edgars Tavars (AS), uzskata, ka \u0161\u0101da r\u012bc\u012bba diskredit\u0113 Latviju starptautiskaj\u0101 ar\u0113n\u0101.<\/p>\n<p>Mieri\u0146as iniciat\u012bva un t\u0101s pamatojums<\/p>\n<p>Saeimas priek\u0161s\u0113d\u0113t\u0101ja Daiga Mieri\u0146a parakst\u012bja v\u0113stuli Nobela pr\u0113mijas komitejai, atsaucoties uz kop\u012bgu Izra\u0113las un ASV parlamentu vad\u012bt\u0101ju iniciat\u012bvu, kas adres\u0113ta daudzu valstu parlamentu vad\u012bt\u0101jiem. Mieri\u0146a skaidrojusi, ka vi\u0146as l\u0113mums ir personisks un pie\u0146emts, \u0146emot v\u0113r\u0101 Trampa ieguld\u012bjumu dro\u0161\u012bbas stiprin\u0101\u0161an\u0101 un starptautisko attiec\u012bbu veicin\u0101\u0161an\u0101, minot t\u0101dus sasniegumus k\u0101 \u0100brahama vieno\u0161an\u0101s un miera pl\u0101nus Tuvajos Austrumos. Vi\u0146a ar\u012b paudusi cer\u012bbu, ka vi\u0146as paraksts var\u0113tu pal\u012bdz\u0113t deeskal\u0113t situ\u0101ciju saist\u012bb\u0101 ar Donalda Trampa izteiktajiem nodomiem par Grenlandes ieg\u016b\u0161anu, uzskatot, ka runa ir par Arktikas dro\u0161\u012bbu. Lai gan s\u0101kotn\u0113ji Mieri\u0146a apgalvoja, ka paraksts bijis tikai \u201cizm\u0113\u0123in\u0101jums\u201d un jaut\u0101jums v\u0113l j\u0101izrun\u0101 ar Latvijas \u0101rpolitikas veidot\u0101jiem, v\u0113l\u0101k vi\u0146a apstiprin\u0101jusi, ka parakst\u012bt\u0101 v\u0113stule jau nos\u016bt\u012bta Izra\u0113lai.<\/p>\n<p>Neatbalst\u012bt\u0101 \u0101rpolitikas saska\u0146o\u0161ana<\/p>\n<p>Ministru prezidente Evika Sili\u0146a b\u016btu v\u0113l\u0113jusies, lai Saeimas priek\u0161s\u0113d\u0113t\u0101ja Daiga Mieri\u0146a pirms v\u0113stules parakst\u012b\u0161anas konsult\u0113jas ar\u012b ar cit\u0101m valsts augst\u0101kaj\u0101m amatperson\u0101m. \u0100rlietu ministre Baiba Bra\u017ee (NA) pret \u0161o iniciat\u012bvu ir iztur\u0113jusies kritiski, un ar\u012b da\u017ei citi koal\u012bcijas partneri uzskata, ka \u0161\u0101da r\u012bc\u012bba ir k\u013c\u016bda, jo, lai gan ASV ir strat\u0113\u0123iskais partneris, tas nenoz\u012bm\u0113 b\u016bt \u201cli\u0161\u0137\u012bgiem\u201d. Tiek uzsv\u0113rts, ka Saeimas sp\u012bkerei savs viedoklis b\u016btu j\u0101saska\u0146o ar \u0101rlietu ministri un koal\u012bcijas partneriem, lai izvair\u012btos no p\u0101rpratumiem un neskaidr\u012bb\u0101m.<\/p>\n<p>Trampa motiv\u0101cija un Nobela pr\u0113mijas konteksts<\/p>\n<p>Donalds Tramps nesen\u0101 v\u0113stul\u0113 Norv\u0113\u0123ijas premjerministram J\u016bnasam G\u0101ram St\u0113rem demonstr\u0113jis aizvainojumu par nesa\u0146emto Nobela Miera pr\u0113miju, nor\u0101dot, ka vairs nej\u016btas spiests dom\u0101t tikai par mieru. Vi\u0146\u0161 paudis, ka Nobela komitejas l\u0113mums nepie\u0161\u0137irt vi\u0146am pr\u0113miju par asto\u0146u karu aptur\u0113\u0161anu un cit\u0101m liet\u0101m, \u013cauj vi\u0146am tagad dom\u0101t par to, kas ir labs un pareizs Amerikas Savienotaj\u0101m Valst\u012bm. Tramps ar\u012b tie\u0161\u0101 veid\u0101 saist\u012bjis savus pl\u0101nus par Grenlandes ieguvi ar Nobela pr\u0113mijas nesa\u0146em\u0161anu. Lai gan Nobela Miera pr\u0113miju nepie\u0161\u0137ir Norv\u0113\u0123ijas vald\u012bba, to pasniedz neatkar\u012bga komiteja, Tramps tie\u0161i v\u0113rsies pie Norv\u0113\u0123ijas premjerministra. 2025. gada Nobela Miera pr\u0113miju gan sa\u0146\u0113ma Venecu\u0113las opoz\u012bcijas l\u012bdere Marija Korina Ma\u010dado.<\/p>\n<p>Kritika un diskusijas Latvijas politik\u0101<\/p>\n<p>Saeimas priek\u0161s\u0113d\u0113t\u0101jas Daigas Mieri\u0146as r\u012bc\u012bba izrais\u012bjusi pla\u0161as diskusijas Latvijas politiskaj\u0101s aprind\u0101s. Da\u017ei politi\u0137i, piem\u0113ram, Edgars Tavars (AS), uzskata, ka \u0161\u0101da r\u012bc\u012bba diskredit\u0113 Latviju starptautiskaj\u0101 ar\u0113n\u0101 un ir bezatbild\u012bga. Tiek kritiz\u0113ta koal\u012bcijas publisk\u0101 nesaska\u0146ot\u0101 izrun\u0101\u0161an\u0101s par \u0161o jaut\u0101jumu, kas, p\u0113c Tavara dom\u0101m, grauj Latvijas starptautisko t\u0113lu.<\/p>\n","protected":false},"excerpt":{"rendered":"Sili\u0146as nost\u0101ja pret Mieri\u0146as person\u012bgo l\u0113mumu Ministru prezidente Evika Sili\u0146a (JV) respekt\u0113 Saeimas priek\u0161s\u0113d\u0113t\u0101jas Daigas Mieri\u0146as (ZZS) person\u012bgo&hellip;\n","protected":false},"author":2,"featured_media":113121,"comment_status":"","ping_status":"","sticky":false,"template":"","format":"standard","meta":{"footnotes":""},"categories":[5],"tags":[23,28,29,3524,542,1249,32,33,22,30,31,35,39,38,36,37,34,23126,40,20,6080,26,27,24,25,21],"class_list":{"0":"post-113120","1":"post","2":"type-post","3":"status-publish","4":"format-standard","5":"has-post-thumbnail","7":"category-aktualitates","8":"tag-aktualitates","9":"tag-breaking-news","10":"tag-breakingnews","11":"tag-daiga-mierina","12":"tag-donalds-tramps","13":"tag-evika-silina","14":"tag-featured-news","15":"tag-featurednews","16":"tag-headlines","17":"tag-latest-news","18":"tag-latestnews","19":"tag-latvia","20":"tag-latvian","21":"tag-latviesu","22":"tag-latviesu-valoda","23":"tag-latviesuvaloda","24":"tag-latvija","25":"tag-latvijas-arpolitika","26":"tag-lv","27":"tag-news","28":"tag-nobela-miera-premija","29":"tag-popularakas-zinas","30":"tag-popularakaszinas","31":"tag-top-stories","32":"tag-topstories","33":"tag-zinas"},"share_on_mastodon":{"url":"https:\/\/pubeurope.com\/@lv\/115955812444575832","error":""},"_links":{"self":[{"href":"https:\/\/www.europesays.com\/lv\/wp-json\/wp\/v2\/posts\/113120","targetHints":{"allow":["GET"]}}],"collection":[{"href":"https:\/\/www.europesays.com\/lv\/wp-json\/wp\/v2\/posts"}],"about":[{"href":"https:\/\/www.europesays.com\/lv\/wp-json\/wp\/v2\/types\/post"}],"author":[{"embeddable":true,"href":"https:\/\/www.europesays.com\/lv\/wp-json\/wp\/v2\/users\/2"}],"replies":[{"embeddable":true,"href":"https:\/\/www.europesays.com\/lv\/wp-json\/wp\/v2\/comments?post=113120"}],"version-history":[{"count":0,"href":"https:\/\/www.europesays.com\/lv\/wp-json\/wp\/v2\/posts\/113120\/revisions"}],"wp:featuredmedia":[{"embeddable":true,"href":"https:\/\/www.europesays.com\/lv\/wp-json\/wp\/v2\/media\/113121"}],"wp:attachment":[{"href":"https:\/\/www.europesays.com\/lv\/wp-json\/wp\/v2\/media?parent=113120"}],"wp:term":[{"taxonomy":"category","embeddable":true,"href":"https:\/\/www.europesays.com\/lv\/wp-json\/wp\/v2\/categories?post=113120"},{"taxonomy":"post_tag","embeddable":true,"href":"https:\/\/www.europesays.com\/lv\/wp-json\/wp\/v2\/tags?post=113120"}],"curies":[{"name":"wp","href":"https:\/\/api.w.org\/{rel}","templated":true}]}}