{"id":11319,"date":"2025-10-03T09:51:07","date_gmt":"2025-10-03T09:51:07","guid":{"rendered":"https:\/\/www.europesays.com\/lv\/11319\/"},"modified":"2025-10-03T09:51:07","modified_gmt":"2025-10-03T09:51:07","slug":"misela-feifere-atklaj-vina-kluvusi-par-vecmaminu-lente-lv-2","status":"publish","type":"post","link":"https:\/\/www.europesays.com\/lv\/11319\/","title":{"rendered":"Mi\u0161ela Feifere atkl\u0101j \u2013 vi\u0146a k\u013cuvusi par vecm\u0101mi\u0146u!\u00a0\u2014\u00a0Lente.lv"},"content":{"rendered":"<p>Mi\u0161ela Feifere k\u013cuvusi par vecm\u0101mi\u0146u<\/p>\n<p>Holivudas le\u0123enda Mi\u0161ela Feifere ir v\u0113st\u012bjusi aizkustino\u0161u zi\u0146u \u2013 vi\u0146a ir k\u013cuvusi par vecm\u0101mi\u0146u. \u0160is jaunais dz\u012bves posms aktrisei ir k\u0101 \u201cdebesu d\u0101vana\u201d, kas liek uz dz\u012bvi un karjeru raudz\u012bties ar jaunu perspekt\u012bvu. Feifere \u0161o inform\u0101ciju atkl\u0101ja viesojoties popul\u0101raj\u0101 podk\u0101st\u0101 \u201cSmartless\u201d, kur vi\u0146a dal\u012bj\u0101s ar sav\u0101m saj\u016bt\u0101m par \u0161o \u012bpa\u0161o notikumu.<\/p>\n<p>Jauna dz\u012bves noda\u013ca<\/p>\n<p>67 gadus vec\u0101 aktrise, kas paz\u012bstama ar lom\u0101m t\u0101d\u0101s ikonisk\u0101s film\u0101s k\u0101 \u201cSeja ar r\u0113tu\u201d un \u201cBetmena Returns\u201d, atzina, ka mazb\u0113rna n\u0101k\u0161ana pasaul\u0113 ir \u201cneticama\u201d un \u201cdebes\u012bs\u201d. Vi\u0146a nor\u0101d\u012bja, ka iepriek\u0161 par \u0161o notikumu nav daudz run\u0101jusi, cen\u0161oties saglab\u0101t priv\u0101tumu. \u0160\u012b jaun\u0101 loma vi\u0146as dz\u012bv\u0113 ir main\u012bjusi ar\u012b vi\u0146as skat\u012bjumu uz profesion\u0101lo darb\u012bbu.<\/p>\n<blockquote>\n<p>\u201cEsmu \u013coti pateic\u012bga, jo man pat\u012bk aktierm\u0101ksla\u2026 paties\u012bb\u0101, man t\u0101 pat\u012bk vair\u0101k nek\u0101 jebkad agr\u0101k, jo j\u016btos daudz atbr\u012bvot\u0101ka,\u201d sac\u012bja Feifere.<\/p>\n<\/blockquote>\n<p>Darba un dz\u012bves l\u012bdzsvaro\u0161ana<\/p>\n<p>Feifere atkl\u0101ja, ka, ja vi\u0146a b\u016btu zin\u0101jusi, ka k\u013c\u016bs par vecm\u0101mi\u0146u, iesp\u0113jams, vi\u0146a neb\u016btu uz\u0146\u0113musies tik daudz darba projektu. Tom\u0113r vi\u0146a izbaud\u012bjusi katru no saviem jaun\u0101kajiem darbiem, tostarp dal\u012bbu \u201cYellowstone\u201d atvasin\u0101jum\u0101 \u201cThe Madison\u201d, Ziemassv\u0113tku kom\u0113dij\u0101 \u201cOh. What. Fun\u201d un Rufi Torpas rom\u0101na ekraniz\u0101cij\u0101 \u201cMargo\u2019s Got Money Troubles\u201d. Vi\u0146a juta, ka \u0161is jaunais dz\u012bves aspekts ir \u013c\u0101vis vi\u0146ai justies br\u012bv\u0101k un pat uzlabojis vi\u0146as aktiersp\u0113li. \u201cAtbr\u012bvojoties no raiz\u0113m par procesu, esmu k\u013cuvusi br\u012bv\u0101ka un, liekas, pat lab\u0101ka,\u201d vi\u0146a piebilda.<\/p>\n<p>Priv\u0101tais dz\u012bves k\u0101rtojums<\/p>\n<p>Mi\u0161elai Feiferei ir divi b\u0113rni: adopt\u0113t\u0101 meita Klaudija Rouza un d\u0113ls D\u017eons Henrijs. Lai gan aktrise nav atkl\u0101jusi, kur\u0161 no vi\u0146as b\u0113rniem sagaid\u012bjis mazuli, \u0161\u012b zi\u0146a ir rad\u012bjusi prieku vis\u0101 \u0123imen\u0113. Feifere iepriek\u0161 ir uzsv\u0113rusi darba un \u0123imenes dz\u012bves l\u012bdzsvaro\u0161anas noz\u012bmi, pat darot p\u0101rtraukumu karjer\u0101, lai velt\u012btu vair\u0101k laika saviem b\u0113rniem, kad vi\u0146i v\u0113l bija mazi. T\u0101 bija nepiecie\u0161am\u012bba, jo publicit\u0101te ap vi\u0146u \u0123imeni da\u017ek\u0101rt rad\u012bja izaicin\u0101jumus.<\/p>\n<p>Karjeras spo\u017eums un jaunas priorit\u0101tes<\/p>\n<p>Feiferes spo\u017e\u0101 karjera aptver vair\u0101kus gadu desmitus, un vi\u0146a ir ieguvusi neskait\u0101mas balvas un nomin\u0101cijas, tostarp tr\u012bs \u201cOskara\u201d nomin\u0101cijas. Vi\u0146as sp\u0113ja p\u0101rv\u0113rsties da\u017e\u0101dos t\u0113los un sniegt dzi\u013cus, emocion\u0101lus priek\u0161nesumus ir padar\u012bju\u0161i vi\u0146u par vienu no Holivudas iem\u012b\u013cot\u0101kaj\u0101m aktris\u0113m. Tom\u0113r, k\u0101 par\u0101d\u0101s jaun\u0101 dz\u012bves f\u0101ze, vi\u0146a piev\u0113r\u0161as jaun\u0101m priorit\u0101t\u0113m, atz\u012bstot, ka ir \u201cierobe\u017eots laiks\u201d, kas vi\u0146ai atlicis, un vi\u0146a v\u0113las to pavad\u012bt pilnv\u0113rt\u012bgi, nezaud\u0113jot kl\u0101tb\u016btni.<\/p>\n<p>\u0160is aizkustino\u0161ais notikums Mi\u0161elas Feiferes dz\u012bv\u0113 liecina par to, ka neatkar\u012bgi no vecuma un karjeras sasniegumiem, \u0123imenes v\u0113rt\u012bbas un emocion\u0101lie br\u012b\u017ei vienm\u0113r paliek \u012bpa\u0161i svar\u012bgi.<\/p>\n","protected":false},"excerpt":{"rendered":"Mi\u0161ela Feifere k\u013cuvusi par vecm\u0101mi\u0146u Holivudas le\u0123enda Mi\u0161ela Feifere ir v\u0113st\u012bjusi aizkustino\u0161u zi\u0146u \u2013 vi\u0146a ir k\u013cuvusi par&hellip;\n","protected":false},"author":2,"featured_media":11320,"comment_status":"","ping_status":"","sticky":false,"template":"","format":"standard","meta":{"footnotes":""},"categories":[19],"tags":[89,984,1105,90,35,39,38,36,37,34,40,4148,4150,4149],"class_list":{"0":"post-11319","1":"post","2":"type-post","3":"status-publish","4":"format-standard","5":"has-post-thumbnail","7":"category-izklaide","8":"tag-entertainment","9":"tag-gimene","10":"tag-holivuda","11":"tag-izklaide","12":"tag-latvia","13":"tag-latvian","14":"tag-latviesu","15":"tag-latviesu-valoda","16":"tag-latviesuvaloda","17":"tag-latvija","18":"tag-lv","19":"tag-misela-feifere","20":"tag-slavenibu-zinas","21":"tag-vecmamina"},"share_on_mastodon":{"url":"","error":""},"_links":{"self":[{"href":"https:\/\/www.europesays.com\/lv\/wp-json\/wp\/v2\/posts\/11319","targetHints":{"allow":["GET"]}}],"collection":[{"href":"https:\/\/www.europesays.com\/lv\/wp-json\/wp\/v2\/posts"}],"about":[{"href":"https:\/\/www.europesays.com\/lv\/wp-json\/wp\/v2\/types\/post"}],"author":[{"embeddable":true,"href":"https:\/\/www.europesays.com\/lv\/wp-json\/wp\/v2\/users\/2"}],"replies":[{"embeddable":true,"href":"https:\/\/www.europesays.com\/lv\/wp-json\/wp\/v2\/comments?post=11319"}],"version-history":[{"count":0,"href":"https:\/\/www.europesays.com\/lv\/wp-json\/wp\/v2\/posts\/11319\/revisions"}],"wp:featuredmedia":[{"embeddable":true,"href":"https:\/\/www.europesays.com\/lv\/wp-json\/wp\/v2\/media\/11320"}],"wp:attachment":[{"href":"https:\/\/www.europesays.com\/lv\/wp-json\/wp\/v2\/media?parent=11319"}],"wp:term":[{"taxonomy":"category","embeddable":true,"href":"https:\/\/www.europesays.com\/lv\/wp-json\/wp\/v2\/categories?post=11319"},{"taxonomy":"post_tag","embeddable":true,"href":"https:\/\/www.europesays.com\/lv\/wp-json\/wp\/v2\/tags?post=11319"}],"curies":[{"name":"wp","href":"https:\/\/api.w.org\/{rel}","templated":true}]}}